{"id":422,"date":"2015-08-29T15:25:44","date_gmt":"2015-08-29T14:25:44","guid":{"rendered":"http:\/\/www.info-algerie.com\/actualites\/le-ministere-de-linterieur-determine-a-faire-en-sorte-que-lelu-local-sacquitte-pleinement-de-ses-prerogatives\/"},"modified":"2015-08-29T19:08:57","modified_gmt":"2015-08-29T18:08:57","slug":"le-ministere-de-linterieur-determine-a-faire-en-sorte-que-lelu-local-sacquitte-pleinement-de-ses-prerogatives","status":"publish","type":"post","link":"https:\/\/www.info-algerie.com\/actualites\/le-ministere-de-linterieur-determine-a-faire-en-sorte-que-lelu-local-sacquitte-pleinement-de-ses-prerogatives\/","title":{"rendered":"Le minist\u00e8re de l&rsquo;Int\u00e9rieur d\u00e9termin\u00e9 \u00e0 faire en sorte que l&rsquo;\u00e9lu local s&rsquo;acquitte pleinement de ses pr\u00e9rogatives"},"content":{"rendered":"<div class=\"K2FeedImage\"><\/div>\n<div class=\"K2FeedIntroText\">\n<p style=\"text-align: justify;\"><a href=\"https:\/\/www.info-algerie.com\/actualites\/wp-content\/uploads\/2015\/08\/l\u00e9lu-local-sacquitte-pleinement-de-ses-pr\u00e9rogatives.jpg\"><img loading=\"lazy\" decoding=\"async\" class=\" wp-image-429 alignleft\" src=\"https:\/\/www.info-algerie.com\/actualites\/wp-content\/uploads\/2015\/08\/l\u00e9lu-local-sacquitte-pleinement-de-ses-pr\u00e9rogatives-300x169.jpg\" alt=\"l'\u00e9lu local s'acquitte pleinement de ses pr\u00e9rogatives\" width=\"177\" height=\"100\" srcset=\"https:\/\/www.info-algerie.com\/actualites\/wp-content\/uploads\/2015\/08\/l\u00e9lu-local-sacquitte-pleinement-de-ses-pr\u00e9rogatives-300x169.jpg 300w, https:\/\/www.info-algerie.com\/actualites\/wp-content\/uploads\/2015\/08\/l\u00e9lu-local-sacquitte-pleinement-de-ses-pr\u00e9rogatives.jpg 900w\" sizes=\"auto, (max-width: 177px) 100vw, 177px\" \/><\/a>Le ministre de l&rsquo;Int\u00e9rieur et des collectivit\u00e9s locales, Nouredine Bedoui, a affirm\u00e9 samedi \u00e0 Alger que son d\u00e9partement minist\u00e9riel \u00e9tait d\u00e9termin\u00e9 \u00e0 faire en sorte que l&rsquo;\u00e9lu local s&rsquo;acquitte pleinement des pr\u00e9rogatives que lui sont conf\u00e9r\u00e9es par la loi et \u00e0 les renforcer par de nouvelles missions.<\/p>\n<p style=\"text-align: justify;\">\u00ab\u00a0Le minist\u00e8re est d\u00e9termin\u00e9 \u00e0 faire en sorte que l&rsquo;\u00e9lu local s&rsquo;acquitte pleinement des pr\u00e9rogatives qui lui sont conf\u00e9r\u00e9es par la loi et \u00e0 renforcer celles-ci par de nouvelles missions\u00a0\u00bb, a pr\u00e9cis\u00e9 M. Bedoui qui intervenait lors de la rencontre gouvernement-walis.<\/p>\n<p style=\"text-align: justify;\">Apr\u00e8s avoir soulign\u00e9 que la politique de rapprochement du service public administratif du citoyen visait \u00e0 \u00ab\u00a0permettre aux assembl\u00e9es \u00e9lues d&rsquo;accomplir leur devoir et d&rsquo;offrir tous les services \u00e0 son niveau avec responsabilit\u00e9\u00a0\u00bb, le ministre de l&rsquo;Int\u00e9rieur a insist\u00e9 sur la n\u00e9cessit\u00e9 d'\u00a0\u00bbaccompagner les \u00e9lus pour les amener \u00e0 assumer leur engagement \u00e0 l&rsquo;\u00e9gard du service public\u00a0\u00bb.<\/p>\n<p style=\"text-align: justify;\">M. Bedoui a appel\u00e9 \u00e0 la \u00ab\u00a0pleine mobilisation des \u00e9lus lors de l&rsquo;\u00e9tape \u00e0 venir par l&rsquo;accompagnement des walis et la pers\u00e9v\u00e9rance pour parvenir \u00e0 un meilleur service public\u00a0\u00bb.<\/p>\n<p style=\"text-align: justify;\">Le ministre de l&rsquo;Int\u00e9rieur a en outre exhort\u00e9 les assembl\u00e9es \u00e9lues \u00e0 \u00ab\u00a0d\u00e9passer leurs diff\u00e9rends\u00a0\u00bb et \u00e0 \u00ab\u00a0faire pr\u00e9valoir l&rsquo;int\u00e9r\u00eat g\u00e9n\u00e9ral pour r\u00e9habiliter le service public\u00a0\u00bb.<\/p>\n<p style=\"text-align: justify;\">M. Bedoui a \u00e9galement indiqu\u00e9 que le minist\u00e8re \u00ab\u00a0compte\u00a0\u00bb adopter une approche incitative et concurrentielle en vue d&rsquo;encourager les collectivit\u00e9s locales \u00e0 adh\u00e9rer \u00e0 cette d\u00e9marche pour qu&rsquo;elles b\u00e9n\u00e9ficient du fonds de solidarit\u00e9 locale devant permettre, a-t-il dit, \u00ab\u00a0aux communes et aux wilayas les plus actives de b\u00e9n\u00e9ficier le plus de ce soutien\u00a0\u00bb.<\/p>\n<p style=\"text-align: justify;\">\u00ab\u00a0Il n&rsquo;est plus question d&rsquo;engager des d\u00e9penses publiques sans utilit\u00e9 \u00e9conomique et sans une vision de d\u00e9veloppement aux contours et objectifs clairs\u00a0\u00bb.<\/p>\n<p style=\"text-align: justify;\">Il a estim\u00e9 que \u00ab\u00a0la situation actuelle de certaines villes n\u00e9cessite des solutions d&rsquo;urgence\u00a0\u00bb, appelant walis, walis d\u00e9l\u00e9gu\u00e9s et \u00e9lus locaux \u00e0 engager une vaste op\u00e9ration d&rsquo;assainissement des villes en mobilisant tous les moyens d&rsquo;intervention publics et priv\u00e9s.<\/p>\n<p style=\"text-align: justify;\">Il a enfin soulign\u00e9 que la r\u00e9union gouvernement-walis offrait \u00ab\u00a0une opportunit\u00e9 exceptionnelle pour l&rsquo;\u00e9change de vues et l&rsquo;adoption de d\u00e9cisions importantes devant permettre de rattraper les lacunes et d\u00e9finir une feuille de route que tout un chacun est appel\u00e9 \u00e0 mettre en \u0153uvre\u00a0\u00bb.<\/p>\n<\/div>\n<p>Source: <a href=\"http:\/\/www.aps.dz\/algerie\/27764-le-minist%C3%A8re-de-l-int%C3%A9rieur-d%C3%A9termin%C3%A9-%C3%A0-faire-en-sorte-que-l-%C3%A9lu-local-s-acquitte-pleinement-de-ses-pr%C3%A9rogatives\" target=\"_blank\">Le minist\u00e8re de l&rsquo;Int\u00e9rieur d\u00e9termin\u00e9 \u00e0 faire en sorte que l&rsquo;\u00e9lu local s&rsquo;acquitte pleinement de ses pr\u00e9rogatives<\/a><\/p>\n<!--CusAds0-->\n<div style=\"font-size: 0px; height: 0px; line-height: 0px; margin: 0; padding: 0; clear: both;\"><\/div>","protected":false},"excerpt":{"rendered":"<p>Le ministre de l&rsquo;Int\u00e9rieur et des collectivit\u00e9s locales, Nouredine Bedoui, a affirm\u00e9 samedi \u00e0 Alger que son d\u00e9partement minist\u00e9riel \u00e9tait d\u00e9termin\u00e9 \u00e0 faire en sorte que l&rsquo;\u00e9lu local s&rsquo;acquitte pleinement des pr\u00e9rogatives que lui sont conf\u00e9r\u00e9es par la loi et \u00e0 les renforcer par de nouvelles missions. \u00ab\u00a0Le minist\u00e8re est d\u00e9termin\u00e9 \u00e0 faire en sorte<\/p>\n","protected":false},"author":6,"featured_media":429,"comment_status":"open","ping_status":"open","sticky":false,"template":"","format":"standard","meta":{"footnotes":""},"categories":[7],"tags":[79,78],"class_list":["post-422","post","type-post","status-publish","format-standard","has-post-thumbnail","hentry","category-politique","tag-commune","tag-elu"],"yoast_head":"<!-- This site is optimized with the Yoast SEO plugin v27.5 - https:\/\/yoast.com\/product\/yoast-seo-wordpress\/ -->\n<title>Le minist\u00e8re de l&#039;Int\u00e9rieur fera en sorte que l&#039;\u00e9lu s&#039;acquitte<\/title>\n<meta name=\"description\" content=\"Le minist\u00e8re de l&#039;Int\u00e9rieur fera en sorte que l&#039;\u00e9lu s&#039;acquitte pleinement de ses pr\u00e9rogatives que lui sont conf\u00e9r\u00e9es par la loi\" \/>\n<meta name=\"robots\" content=\"index, follow, max-snippet:-1, max-image-preview:large, max-video-preview:-1\" \/>\n<link rel=\"canonical\" href=\"https:\/\/www.info-algerie.com\/actualites\/le-ministere-de-linterieur-determine-a-faire-en-sorte-que-lelu-local-sacquitte-pleinement-de-ses-prerogatives\/\" \/>\n<meta property=\"og:locale\" content=\"fr_FR\" \/>\n<meta property=\"og:type\" content=\"article\" \/>\n<meta property=\"og:title\" content=\"Le minist\u00e8re de l&#039;Int\u00e9rieur fera en sorte que l&#039;\u00e9lu s&#039;acquitte\" \/>\n<meta property=\"og:description\" content=\"Le minist\u00e8re de l&#039;Int\u00e9rieur fera en sorte que l&#039;\u00e9lu s&#039;acquitte pleinement de ses pr\u00e9rogatives que lui sont conf\u00e9r\u00e9es par la loi\" \/>\n<meta property=\"og:url\" content=\"https:\/\/www.info-algerie.com\/actualites\/le-ministere-de-linterieur-determine-a-faire-en-sorte-que-lelu-local-sacquitte-pleinement-de-ses-prerogatives\/\" \/>\n<meta property=\"og:site_name\" content=\"info algerie\" \/>\n<meta property=\"article:publisher\" content=\"https:\/\/www.facebook.com\/infoalgerieactu\" \/>\n<meta property=\"article:published_time\" content=\"2015-08-29T14:25:44+00:00\" \/>\n<meta property=\"article:modified_time\" content=\"2015-08-29T18:08:57+00:00\" \/>\n<meta property=\"og:image\" content=\"https:\/\/www.info-algerie.com\/actualites\/wp-content\/uploads\/2015\/08\/l\u00e9lu-local-sacquitte-pleinement-de-ses-pr\u00e9rogatives.jpg\" \/>\n\t<meta property=\"og:image:width\" content=\"900\" \/>\n\t<meta property=\"og:image:height\" content=\"508\" \/>\n\t<meta property=\"og:image:type\" content=\"image\/jpeg\" \/>\n<meta name=\"author\" content=\"La r\u00e9daction\" \/>\n<meta name=\"twitter:label1\" content=\"\u00c9crit par\" \/>\n\t<meta name=\"twitter:data1\" content=\"La r\u00e9daction\" \/>\n\t<meta name=\"twitter:label2\" content=\"Dur\u00e9e de lecture estim\u00e9e\" \/>\n\t<meta name=\"twitter:data2\" content=\"2 minutes\" \/>\n<script type=\"application\/ld+json\" class=\"yoast-schema-graph\">{\"@context\":\"https:\\\/\\\/schema.org\",\"@graph\":[{\"@type\":\"Article\",\"@id\":\"https:\\\/\\\/www.info-algerie.com\\\/actualites\\\/le-ministere-de-linterieur-determine-a-faire-en-sorte-que-lelu-local-sacquitte-pleinement-de-ses-prerogatives\\\/#article\",\"isPartOf\":{\"@id\":\"https:\\\/\\\/www.info-algerie.com\\\/actualites\\\/le-ministere-de-linterieur-determine-a-faire-en-sorte-que-lelu-local-sacquitte-pleinement-de-ses-prerogatives\\\/\"},\"author\":{\"name\":\"La r\u00e9daction\",\"@id\":\"https:\\\/\\\/www.info-algerie.com\\\/actualites\\\/#\\\/schema\\\/person\\\/847aaec44920825b843a08f30ec6aa1e\"},\"headline\":\"Le minist\u00e8re de l&rsquo;Int\u00e9rieur d\u00e9termin\u00e9 \u00e0 faire en sorte que l&rsquo;\u00e9lu local s&rsquo;acquitte pleinement de ses pr\u00e9rogatives\",\"datePublished\":\"2015-08-29T14:25:44+00:00\",\"dateModified\":\"2015-08-29T18:08:57+00:00\",\"mainEntityOfPage\":{\"@id\":\"https:\\\/\\\/www.info-algerie.com\\\/actualites\\\/le-ministere-de-linterieur-determine-a-faire-en-sorte-que-lelu-local-sacquitte-pleinement-de-ses-prerogatives\\\/\"},\"wordCount\":457,\"commentCount\":0,\"publisher\":{\"@id\":\"https:\\\/\\\/www.info-algerie.com\\\/actualites\\\/#organization\"},\"image\":{\"@id\":\"https:\\\/\\\/www.info-algerie.com\\\/actualites\\\/le-ministere-de-linterieur-determine-a-faire-en-sorte-que-lelu-local-sacquitte-pleinement-de-ses-prerogatives\\\/#primaryimage\"},\"thumbnailUrl\":\"https:\\\/\\\/www.info-algerie.com\\\/actualites\\\/wp-content\\\/uploads\\\/2015\\\/08\\\/l\u00e9lu-local-sacquitte-pleinement-de-ses-pr\u00e9rogatives.jpg\",\"keywords\":[\"commune\",\"\u00e9lu\"],\"articleSection\":[\"Politique\"],\"inLanguage\":\"fr-FR\",\"potentialAction\":[{\"@type\":\"CommentAction\",\"name\":\"Comment\",\"target\":[\"https:\\\/\\\/www.info-algerie.com\\\/actualites\\\/le-ministere-de-linterieur-determine-a-faire-en-sorte-que-lelu-local-sacquitte-pleinement-de-ses-prerogatives\\\/#respond\"]}]},{\"@type\":\"WebPage\",\"@id\":\"https:\\\/\\\/www.info-algerie.com\\\/actualites\\\/le-ministere-de-linterieur-determine-a-faire-en-sorte-que-lelu-local-sacquitte-pleinement-de-ses-prerogatives\\\/\",\"url\":\"https:\\\/\\\/www.info-algerie.com\\\/actualites\\\/le-ministere-de-linterieur-determine-a-faire-en-sorte-que-lelu-local-sacquitte-pleinement-de-ses-prerogatives\\\/\",\"name\":\"Le minist\u00e8re de l'Int\u00e9rieur fera en sorte que l'\u00e9lu s'acquitte\",\"isPartOf\":{\"@id\":\"https:\\\/\\\/www.info-algerie.com\\\/actualites\\\/#website\"},\"primaryImageOfPage\":{\"@id\":\"https:\\\/\\\/www.info-algerie.com\\\/actualites\\\/le-ministere-de-linterieur-determine-a-faire-en-sorte-que-lelu-local-sacquitte-pleinement-de-ses-prerogatives\\\/#primaryimage\"},\"image\":{\"@id\":\"https:\\\/\\\/www.info-algerie.com\\\/actualites\\\/le-ministere-de-linterieur-determine-a-faire-en-sorte-que-lelu-local-sacquitte-pleinement-de-ses-prerogatives\\\/#primaryimage\"},\"thumbnailUrl\":\"https:\\\/\\\/www.info-algerie.com\\\/actualites\\\/wp-content\\\/uploads\\\/2015\\\/08\\\/l\u00e9lu-local-sacquitte-pleinement-de-ses-pr\u00e9rogatives.jpg\",\"datePublished\":\"2015-08-29T14:25:44+00:00\",\"dateModified\":\"2015-08-29T18:08:57+00:00\",\"description\":\"Le minist\u00e8re de l'Int\u00e9rieur fera en sorte que l'\u00e9lu s'acquitte pleinement de ses pr\u00e9rogatives que lui sont conf\u00e9r\u00e9es par la loi\",\"breadcrumb\":{\"@id\":\"https:\\\/\\\/www.info-algerie.com\\\/actualites\\\/le-ministere-de-linterieur-determine-a-faire-en-sorte-que-lelu-local-sacquitte-pleinement-de-ses-prerogatives\\\/#breadcrumb\"},\"inLanguage\":\"fr-FR\",\"potentialAction\":[{\"@type\":\"ReadAction\",\"target\":[\"https:\\\/\\\/www.info-algerie.com\\\/actualites\\\/le-ministere-de-linterieur-determine-a-faire-en-sorte-que-lelu-local-sacquitte-pleinement-de-ses-prerogatives\\\/\"]}]},{\"@type\":\"ImageObject\",\"inLanguage\":\"fr-FR\",\"@id\":\"https:\\\/\\\/www.info-algerie.com\\\/actualites\\\/le-ministere-de-linterieur-determine-a-faire-en-sorte-que-lelu-local-sacquitte-pleinement-de-ses-prerogatives\\\/#primaryimage\",\"url\":\"https:\\\/\\\/www.info-algerie.com\\\/actualites\\\/wp-content\\\/uploads\\\/2015\\\/08\\\/l\u00e9lu-local-sacquitte-pleinement-de-ses-pr\u00e9rogatives.jpg\",\"contentUrl\":\"https:\\\/\\\/www.info-algerie.com\\\/actualites\\\/wp-content\\\/uploads\\\/2015\\\/08\\\/l\u00e9lu-local-sacquitte-pleinement-de-ses-pr\u00e9rogatives.jpg\",\"width\":900,\"height\":508,\"caption\":\"l'\u00e9lu local s'acquitte pleinement de ses pr\u00e9rogatives\"},{\"@type\":\"BreadcrumbList\",\"@id\":\"https:\\\/\\\/www.info-algerie.com\\\/actualites\\\/le-ministere-de-linterieur-determine-a-faire-en-sorte-que-lelu-local-sacquitte-pleinement-de-ses-prerogatives\\\/#breadcrumb\",\"itemListElement\":[{\"@type\":\"ListItem\",\"position\":1,\"name\":\"Accueil\",\"item\":\"https:\\\/\\\/www.info-algerie.com\\\/actualites\\\/\"},{\"@type\":\"ListItem\",\"position\":2,\"name\":\"Le minist\u00e8re de l&rsquo;Int\u00e9rieur d\u00e9termin\u00e9 \u00e0 faire en sorte que l&rsquo;\u00e9lu local s&rsquo;acquitte pleinement de ses pr\u00e9rogatives\"}]},{\"@type\":\"WebSite\",\"@id\":\"https:\\\/\\\/www.info-algerie.com\\\/actualites\\\/#website\",\"url\":\"https:\\\/\\\/www.info-algerie.com\\\/actualites\\\/\",\"name\":\"info algerie\",\"description\":\"Toutes les actualit\u00e9s\",\"publisher\":{\"@id\":\"https:\\\/\\\/www.info-algerie.com\\\/actualites\\\/#organization\"},\"potentialAction\":[{\"@type\":\"SearchAction\",\"target\":{\"@type\":\"EntryPoint\",\"urlTemplate\":\"https:\\\/\\\/www.info-algerie.com\\\/actualites\\\/?s={search_term_string}\"},\"query-input\":{\"@type\":\"PropertyValueSpecification\",\"valueRequired\":true,\"valueName\":\"search_term_string\"}}],\"inLanguage\":\"fr-FR\"},{\"@type\":\"Organization\",\"@id\":\"https:\\\/\\\/www.info-algerie.com\\\/actualites\\\/#organization\",\"name\":\"info algerie\",\"url\":\"https:\\\/\\\/www.info-algerie.com\\\/actualites\\\/\",\"logo\":{\"@type\":\"ImageObject\",\"inLanguage\":\"fr-FR\",\"@id\":\"https:\\\/\\\/www.info-algerie.com\\\/actualites\\\/#\\\/schema\\\/logo\\\/image\\\/\",\"url\":\"https:\\\/\\\/www.info-algerie.com\\\/actualites\\\/wp-content\\\/uploads\\\/2022\\\/07\\\/logo-ia-120.png\",\"contentUrl\":\"https:\\\/\\\/www.info-algerie.com\\\/actualites\\\/wp-content\\\/uploads\\\/2022\\\/07\\\/logo-ia-120.png\",\"width\":120,\"height\":43,\"caption\":\"info algerie\"},\"image\":{\"@id\":\"https:\\\/\\\/www.info-algerie.com\\\/actualites\\\/#\\\/schema\\\/logo\\\/image\\\/\"},\"sameAs\":[\"https:\\\/\\\/www.facebook.com\\\/infoalgerieactu\",\"https:\\\/\\\/x.com\\\/infoalgerie1\"]},{\"@type\":\"Person\",\"@id\":\"https:\\\/\\\/www.info-algerie.com\\\/actualites\\\/#\\\/schema\\\/person\\\/847aaec44920825b843a08f30ec6aa1e\",\"name\":\"La r\u00e9daction\",\"image\":{\"@type\":\"ImageObject\",\"inLanguage\":\"fr-FR\",\"@id\":\"https:\\\/\\\/secure.gravatar.com\\\/avatar\\\/769db425c6f465158149f1ffd6cf61ce7a8a879d11dfbef8288af36dfddd418c?s=96&d=mm&r=g\",\"url\":\"https:\\\/\\\/secure.gravatar.com\\\/avatar\\\/769db425c6f465158149f1ffd6cf61ce7a8a879d11dfbef8288af36dfddd418c?s=96&d=mm&r=g\",\"contentUrl\":\"https:\\\/\\\/secure.gravatar.com\\\/avatar\\\/769db425c6f465158149f1ffd6cf61ce7a8a879d11dfbef8288af36dfddd418c?s=96&d=mm&r=g\",\"caption\":\"La r\u00e9daction\"},\"sameAs\":[\"http:\\\/\\\/www.lkeria.com\\\/\"],\"url\":\"https:\\\/\\\/www.info-algerie.com\\\/actualites\\\/author\\\/chakib32\\\/\"}]}<\/script>\n<!-- \/ Yoast SEO plugin. -->","yoast_head_json":{"title":"Le minist\u00e8re de l'Int\u00e9rieur fera en sorte que l'\u00e9lu s'acquitte","description":"Le minist\u00e8re de l'Int\u00e9rieur fera en sorte que l'\u00e9lu s'acquitte pleinement de ses pr\u00e9rogatives que lui sont conf\u00e9r\u00e9es par la loi","robots":{"index":"index","follow":"follow","max-snippet":"max-snippet:-1","max-image-preview":"max-image-preview:large","max-video-preview":"max-video-preview:-1"},"canonical":"https:\/\/www.info-algerie.com\/actualites\/le-ministere-de-linterieur-determine-a-faire-en-sorte-que-lelu-local-sacquitte-pleinement-de-ses-prerogatives\/","og_locale":"fr_FR","og_type":"article","og_title":"Le minist\u00e8re de l'Int\u00e9rieur fera en sorte que l'\u00e9lu s'acquitte","og_description":"Le minist\u00e8re de l'Int\u00e9rieur fera en sorte que l'\u00e9lu s'acquitte pleinement de ses pr\u00e9rogatives que lui sont conf\u00e9r\u00e9es par la loi","og_url":"https:\/\/www.info-algerie.com\/actualites\/le-ministere-de-linterieur-determine-a-faire-en-sorte-que-lelu-local-sacquitte-pleinement-de-ses-prerogatives\/","og_site_name":"info algerie","article_publisher":"https:\/\/www.facebook.com\/infoalgerieactu","article_published_time":"2015-08-29T14:25:44+00:00","article_modified_time":"2015-08-29T18:08:57+00:00","og_image":[{"width":900,"height":508,"url":"https:\/\/www.info-algerie.com\/actualites\/wp-content\/uploads\/2015\/08\/l\u00e9lu-local-sacquitte-pleinement-de-ses-pr\u00e9rogatives.jpg","type":"image\/jpeg"}],"author":"La r\u00e9daction","twitter_misc":{"\u00c9crit par":"La r\u00e9daction","Dur\u00e9e de lecture estim\u00e9e":"2 minutes"},"schema":{"@context":"https:\/\/schema.org","@graph":[{"@type":"Article","@id":"https:\/\/www.info-algerie.com\/actualites\/le-ministere-de-linterieur-determine-a-faire-en-sorte-que-lelu-local-sacquitte-pleinement-de-ses-prerogatives\/#article","isPartOf":{"@id":"https:\/\/www.info-algerie.com\/actualites\/le-ministere-de-linterieur-determine-a-faire-en-sorte-que-lelu-local-sacquitte-pleinement-de-ses-prerogatives\/"},"author":{"name":"La r\u00e9daction","@id":"https:\/\/www.info-algerie.com\/actualites\/#\/schema\/person\/847aaec44920825b843a08f30ec6aa1e"},"headline":"Le minist\u00e8re de l&rsquo;Int\u00e9rieur d\u00e9termin\u00e9 \u00e0 faire en sorte que l&rsquo;\u00e9lu local s&rsquo;acquitte pleinement de ses pr\u00e9rogatives","datePublished":"2015-08-29T14:25:44+00:00","dateModified":"2015-08-29T18:08:57+00:00","mainEntityOfPage":{"@id":"https:\/\/www.info-algerie.com\/actualites\/le-ministere-de-linterieur-determine-a-faire-en-sorte-que-lelu-local-sacquitte-pleinement-de-ses-prerogatives\/"},"wordCount":457,"commentCount":0,"publisher":{"@id":"https:\/\/www.info-algerie.com\/actualites\/#organization"},"image":{"@id":"https:\/\/www.info-algerie.com\/actualites\/le-ministere-de-linterieur-determine-a-faire-en-sorte-que-lelu-local-sacquitte-pleinement-de-ses-prerogatives\/#primaryimage"},"thumbnailUrl":"https:\/\/www.info-algerie.com\/actualites\/wp-content\/uploads\/2015\/08\/l\u00e9lu-local-sacquitte-pleinement-de-ses-pr\u00e9rogatives.jpg","keywords":["commune","\u00e9lu"],"articleSection":["Politique"],"inLanguage":"fr-FR","potentialAction":[{"@type":"CommentAction","name":"Comment","target":["https:\/\/www.info-algerie.com\/actualites\/le-ministere-de-linterieur-determine-a-faire-en-sorte-que-lelu-local-sacquitte-pleinement-de-ses-prerogatives\/#respond"]}]},{"@type":"WebPage","@id":"https:\/\/www.info-algerie.com\/actualites\/le-ministere-de-linterieur-determine-a-faire-en-sorte-que-lelu-local-sacquitte-pleinement-de-ses-prerogatives\/","url":"https:\/\/www.info-algerie.com\/actualites\/le-ministere-de-linterieur-determine-a-faire-en-sorte-que-lelu-local-sacquitte-pleinement-de-ses-prerogatives\/","name":"Le minist\u00e8re de l'Int\u00e9rieur fera en sorte que l'\u00e9lu s'acquitte","isPartOf":{"@id":"https:\/\/www.info-algerie.com\/actualites\/#website"},"primaryImageOfPage":{"@id":"https:\/\/www.info-algerie.com\/actualites\/le-ministere-de-linterieur-determine-a-faire-en-sorte-que-lelu-local-sacquitte-pleinement-de-ses-prerogatives\/#primaryimage"},"image":{"@id":"https:\/\/www.info-algerie.com\/actualites\/le-ministere-de-linterieur-determine-a-faire-en-sorte-que-lelu-local-sacquitte-pleinement-de-ses-prerogatives\/#primaryimage"},"thumbnailUrl":"https:\/\/www.info-algerie.com\/actualites\/wp-content\/uploads\/2015\/08\/l\u00e9lu-local-sacquitte-pleinement-de-ses-pr\u00e9rogatives.jpg","datePublished":"2015-08-29T14:25:44+00:00","dateModified":"2015-08-29T18:08:57+00:00","description":"Le minist\u00e8re de l'Int\u00e9rieur fera en sorte que l'\u00e9lu s'acquitte pleinement de ses pr\u00e9rogatives que lui sont conf\u00e9r\u00e9es par la loi","breadcrumb":{"@id":"https:\/\/www.info-algerie.com\/actualites\/le-ministere-de-linterieur-determine-a-faire-en-sorte-que-lelu-local-sacquitte-pleinement-de-ses-prerogatives\/#breadcrumb"},"inLanguage":"fr-FR","potentialAction":[{"@type":"ReadAction","target":["https:\/\/www.info-algerie.com\/actualites\/le-ministere-de-linterieur-determine-a-faire-en-sorte-que-lelu-local-sacquitte-pleinement-de-ses-prerogatives\/"]}]},{"@type":"ImageObject","inLanguage":"fr-FR","@id":"https:\/\/www.info-algerie.com\/actualites\/le-ministere-de-linterieur-determine-a-faire-en-sorte-que-lelu-local-sacquitte-pleinement-de-ses-prerogatives\/#primaryimage","url":"https:\/\/www.info-algerie.com\/actualites\/wp-content\/uploads\/2015\/08\/l\u00e9lu-local-sacquitte-pleinement-de-ses-pr\u00e9rogatives.jpg","contentUrl":"https:\/\/www.info-algerie.com\/actualites\/wp-content\/uploads\/2015\/08\/l\u00e9lu-local-sacquitte-pleinement-de-ses-pr\u00e9rogatives.jpg","width":900,"height":508,"caption":"l'\u00e9lu local s'acquitte pleinement de ses pr\u00e9rogatives"},{"@type":"BreadcrumbList","@id":"https:\/\/www.info-algerie.com\/actualites\/le-ministere-de-linterieur-determine-a-faire-en-sorte-que-lelu-local-sacquitte-pleinement-de-ses-prerogatives\/#breadcrumb","itemListElement":[{"@type":"ListItem","position":1,"name":"Accueil","item":"https:\/\/www.info-algerie.com\/actualites\/"},{"@type":"ListItem","position":2,"name":"Le minist\u00e8re de l&rsquo;Int\u00e9rieur d\u00e9termin\u00e9 \u00e0 faire en sorte que l&rsquo;\u00e9lu local s&rsquo;acquitte pleinement de ses pr\u00e9rogatives"}]},{"@type":"WebSite","@id":"https:\/\/www.info-algerie.com\/actualites\/#website","url":"https:\/\/www.info-algerie.com\/actualites\/","name":"info algerie","description":"Toutes les actualit\u00e9s","publisher":{"@id":"https:\/\/www.info-algerie.com\/actualites\/#organization"},"potentialAction":[{"@type":"SearchAction","target":{"@type":"EntryPoint","urlTemplate":"https:\/\/www.info-algerie.com\/actualites\/?s={search_term_string}"},"query-input":{"@type":"PropertyValueSpecification","valueRequired":true,"valueName":"search_term_string"}}],"inLanguage":"fr-FR"},{"@type":"Organization","@id":"https:\/\/www.info-algerie.com\/actualites\/#organization","name":"info algerie","url":"https:\/\/www.info-algerie.com\/actualites\/","logo":{"@type":"ImageObject","inLanguage":"fr-FR","@id":"https:\/\/www.info-algerie.com\/actualites\/#\/schema\/logo\/image\/","url":"https:\/\/www.info-algerie.com\/actualites\/wp-content\/uploads\/2022\/07\/logo-ia-120.png","contentUrl":"https:\/\/www.info-algerie.com\/actualites\/wp-content\/uploads\/2022\/07\/logo-ia-120.png","width":120,"height":43,"caption":"info algerie"},"image":{"@id":"https:\/\/www.info-algerie.com\/actualites\/#\/schema\/logo\/image\/"},"sameAs":["https:\/\/www.facebook.com\/infoalgerieactu","https:\/\/x.com\/infoalgerie1"]},{"@type":"Person","@id":"https:\/\/www.info-algerie.com\/actualites\/#\/schema\/person\/847aaec44920825b843a08f30ec6aa1e","name":"La r\u00e9daction","image":{"@type":"ImageObject","inLanguage":"fr-FR","@id":"https:\/\/secure.gravatar.com\/avatar\/769db425c6f465158149f1ffd6cf61ce7a8a879d11dfbef8288af36dfddd418c?s=96&d=mm&r=g","url":"https:\/\/secure.gravatar.com\/avatar\/769db425c6f465158149f1ffd6cf61ce7a8a879d11dfbef8288af36dfddd418c?s=96&d=mm&r=g","contentUrl":"https:\/\/secure.gravatar.com\/avatar\/769db425c6f465158149f1ffd6cf61ce7a8a879d11dfbef8288af36dfddd418c?s=96&d=mm&r=g","caption":"La r\u00e9daction"},"sameAs":["http:\/\/www.lkeria.com\/"],"url":"https:\/\/www.info-algerie.com\/actualites\/author\/chakib32\/"}]}},"_links":{"self":[{"href":"https:\/\/www.info-algerie.com\/actualites\/wp-json\/wp\/v2\/posts\/422","targetHints":{"allow":["GET"]}}],"collection":[{"href":"https:\/\/www.info-algerie.com\/actualites\/wp-json\/wp\/v2\/posts"}],"about":[{"href":"https:\/\/www.info-algerie.com\/actualites\/wp-json\/wp\/v2\/types\/post"}],"author":[{"embeddable":true,"href":"https:\/\/www.info-algerie.com\/actualites\/wp-json\/wp\/v2\/users\/6"}],"replies":[{"embeddable":true,"href":"https:\/\/www.info-algerie.com\/actualites\/wp-json\/wp\/v2\/comments?post=422"}],"version-history":[{"count":2,"href":"https:\/\/www.info-algerie.com\/actualites\/wp-json\/wp\/v2\/posts\/422\/revisions"}],"predecessor-version":[{"id":430,"href":"https:\/\/www.info-algerie.com\/actualites\/wp-json\/wp\/v2\/posts\/422\/revisions\/430"}],"wp:featuredmedia":[{"embeddable":true,"href":"https:\/\/www.info-algerie.com\/actualites\/wp-json\/wp\/v2\/media\/429"}],"wp:attachment":[{"href":"https:\/\/www.info-algerie.com\/actualites\/wp-json\/wp\/v2\/media?parent=422"}],"wp:term":[{"taxonomy":"category","embeddable":true,"href":"https:\/\/www.info-algerie.com\/actualites\/wp-json\/wp\/v2\/categories?post=422"},{"taxonomy":"post_tag","embeddable":true,"href":"https:\/\/www.info-algerie.com\/actualites\/wp-json\/wp\/v2\/tags?post=422"}],"curies":[{"name":"wp","href":"https:\/\/api.w.org\/{rel}","templated":true}]}}