{"id":434,"date":"2015-08-29T21:53:34","date_gmt":"2015-08-29T20:53:34","guid":{"rendered":"http:\/\/www.info-algerie.com\/actualites\/?p=434"},"modified":"2015-08-29T21:53:34","modified_gmt":"2015-08-29T20:53:34","slug":"sellal-menace-limoger-walis","status":"publish","type":"post","link":"https:\/\/www.info-algerie.com\/actualites\/sellal-menace-limoger-walis\/","title":{"rendered":"Sellal menace de limoger les walis bureaucrates"},"content":{"rendered":"<p style=\"text-align: justify;\"><a href=\"https:\/\/www.info-algerie.com\/actualites\/wp-content\/uploads\/2015\/08\/Sellal-menace-.jpg\"><img loading=\"lazy\" decoding=\"async\" class=\" wp-image-435 alignleft\" src=\"https:\/\/www.info-algerie.com\/actualites\/wp-content\/uploads\/2015\/08\/Sellal-menace--300x204.jpg\" alt=\"Sellal menace\" width=\"146\" height=\"99\" srcset=\"https:\/\/www.info-algerie.com\/actualites\/wp-content\/uploads\/2015\/08\/Sellal-menace--300x204.jpg 300w, https:\/\/www.info-algerie.com\/actualites\/wp-content\/uploads\/2015\/08\/Sellal-menace-.jpg 567w\" sizes=\"auto, (max-width: 146px) 100vw, 146px\" \/><\/a><\/p>\n<h2 style=\"text-align: justify;\">Sellal menace<\/h2>\n<p style=\"text-align: justify;\">Le Premier ministre, Abdelmalek Sellal, a somm\u00e9 les walis d\u2019all\u00e9ger les proc\u00e9dures administratives aux op\u00e9rateurs \u00e9conomiques afin de leur faciliter l\u2019acte d\u2019investir. \u00ab\u00a0<strong>Tout responsable qui bloque le processus d\u2019investissement sera bloqu\u00e9 \u00e0 son tour\u00a0<\/strong>\u00bb, a-t-il averti \u00e0 l\u2019adresse des responsables locaux, lors de la rencontre gouvernement-walis qui s\u2019est d\u00e9roul\u00e9e hier \u00e0 Alger.<\/p>\n<p style=\"text-align: justify;\">Outre son r\u00f4le de veiller \u00e0 la stabilit\u00e9 et \u00e0 l\u2019ordre public, le Premier ministre a consid\u00e9r\u00e9 que le wali devrait aussi s\u2019impliquer pleinement dans le d\u00e9veloppement local, \u00e0 travers l\u2019attraction des investissements et l\u2019accompagnement des op\u00e9rateurs pour les aider \u00e0 r\u00e9ussir leurs projets.<\/p>\n<p style=\"text-align: justify;\">Pour souligner leurs pr\u00e9rogatives en mati\u00e8re de d\u00e9veloppement local, Sellal a rappel\u00e9 que le foncier industriel, qui est la base essentielle de tout investissement, est du ressort des walis en coordination avec le minist\u00e8re de l\u2019Industrie.<\/p>\n<p style=\"text-align: justify;\">\u00ab\u00a0Nous avons cinquante zones industrielles \u00e0\u00a0r\u00e9aliser et pour acc\u00e9l\u00e9rer ce processus d\u2019industrialisation, j\u2019ai demand\u00e9 personnellement au ministre de l\u2019Industrie de me faire un avant-projet sommaire afin de conc\u00e9der le foncier aux investisseurs d\u00e8s la finalisation de\u00a0cet avant-projet\u00a0\u00bb, a-t-il assur\u00e9.<\/p>\n<p style=\"text-align: justify;\">Il a pr\u00e9cis\u00e9 que le foncier sera distribu\u00e9 par le wali, le responsable de l\u2019investissement du minist\u00e8re de l\u2019Industrie et le directeur des domaines. Le Premier ministre a estim\u00e9 dans ce contexte que le taux d\u2019avancement des projets et la consommation des cr\u00e9dits ne sont pas les seuls indices de la gestion locale.<\/p>\n<p style=\"text-align: justify;\">Mais que\u00a0cette performance se traduit \u00e9galement par la cr\u00e9ation d\u2019activit\u00e9s et d\u2019emplois, l\u2019implantation d\u2019investissements et d\u2019entreprises et l\u2019\u00e9volution de l\u2019attractivit\u00e9 \u00e9conomique des territoires dont ils sont responsables.<\/p>\n<p style=\"text-align: justify;\">Concernant l\u2019exploitation des terres agricoles,\u00a0le Premier ministre a admis que le secteur de l\u2019agriculture accuse toujours un retard malgr\u00e9 les progr\u00e8s r\u00e9alis\u00e9s ces derni\u00e8res ann\u00e9es.\u00a0\u00ab\u00a0Il y a plein de terres agricoles en jach\u00e8re\u00a0\u00bb, a-t-il fait constater en affirmant que des instructions ont \u00e9t\u00e9 donn\u00e9es au ministre de l\u2019Agriculture afin de faire une \u00e9tude globale permettant de rentabiliser au mieux ces surfaces agricoles utiles inexploit\u00e9es. Sellal a m\u00eame parl\u00e9 de partenariat national public-priv\u00e9 pour l\u2019exploitation de ces terres abandonn\u00e9es.<\/p>\n<p style=\"text-align: justify;\">Pour surmonter la baisse des ressources de l\u2019Etat, g\u00e9n\u00e9r\u00e9es essentiellement par les hydrocarbures,\u00a0Sellal a estim\u00e9 que l\u2019investissement productif est la seule issue qui permettrait au pays de traverser cette conjoncture difficile marqu\u00e9e par l\u2019effondrement des prix de l\u2019or noir et des mati\u00e8res premi\u00e8res. Malgr\u00e9 cette p\u00e9riode de vaches maigres, le Premier ministre reste optimiste quant \u00e0 l\u2019avenir du pays.<\/p>\n<p style=\"text-align: justify;\">\u00ab\u00a0Nos marges de man\u0153uvres budg\u00e9taires et financi\u00e8res nous permettent d\u2019aborder avec s\u00e9r\u00e9nit\u00e9 la situation (\u2026) La conjoncture actuelle est, certes, difficile mais elle offre aussi une excellente opportunit\u00e9 d\u2019introspection et de prise de d\u00e9cisions audacieuses pour construire une nouvelle vision \u00e9conomique et modifier nos modes de fonctionnement et de r\u00e9gulation\u00a0\u00bb, a-t-il affirm\u00e9<\/p>\n<p style=\"text-align: justify;\">Une fois de plus, le Premier ministre a tenu \u00e0 rassurer l\u2019opinion publique que son gouvernement ne compte pas imposer au peuple la politique d\u2019aust\u00e9rit\u00e9. Pour rem\u00e9dier au d\u00e9ficit budg\u00e9taire, il a affirm\u00e9 que l\u2019Alg\u00e9rie a opt\u00e9 pour la croissance et la relance \u00e9conomique et la rationalisation de ses d\u00e9penses.<\/p>\n<p style=\"text-align: justify;\">Dans ce cadre, sellal a fait appel \u00e0 la sagesse et \u00e0 l\u2019int\u00e9grit\u00e9 des responsables locaux qui devraient utiliser l\u2019argent public \u00e0 bon escient. Sellal a reconnu par ailleurs que l\u2019\u00e9conomie nationale tend toujours vers les op\u00e9rations commerciales plut\u00f4t que vers l\u2019investissement productif. \u00ab\u00a0Mais dor\u00e9navant les choses vont changer\u00a0\u00bb, a-t-il affirm\u00e9.<\/p>\n<h2 style=\"text-align: justify;\"><strong>Optimiser la sph\u00e8re informelle au profit de la production<br \/>\n<\/strong><\/h2>\n<p style=\"text-align: justify;\">Pour relancer la machine \u00e9conomique du pays, le premier responsable du gouvernement veut m\u00eame associer ceux qui travaillent dans le secteur\u00a0de l\u2019informel. Se r\u00e9f\u00e9rant aux analystes, il a soutenu que le secteur de l\u2019informel n\u2019est pas tout fait n\u00e9gatif car il a tout de m\u00eame contribu\u00e9 \u00e0 la croissance \u00e9conomique et \u00e0 la cr\u00e9ation d\u2019emplois.<\/p>\n<p style=\"text-align: justify;\">\u00ab\u00a0Nous voulons inverser la tendance\u00a0de l\u2019\u00e9conomie informelle pour servir la production locale plut\u00f4t que les importations\u00a0\u00bb, a-t-il dit. A\u00a0la fin de son discours, le Premier ministre a mis en garde contre le scepticisme. \u00ab\u00a0Ce mal incurable dont l\u2019Alg\u00e9rie doit se pr\u00e9munir. Nous n\u2019avons pas le droit d\u2019\u00eatre sceptiques, nous n\u2019acceptons pas la d\u00e9prime\u00a0\u00bb, a-t-il\u00a0martel\u00e9.<\/p>\n<p style=\"text-align: justify;\">lire <a href=\"http:\/\/www.jeune-independant.net\/Sellal-menace-de-limoger-les-walis.html\" target=\"_blank\">ici <\/a>l&rsquo;article de la source<\/p>\n<!--CusAds0-->\n<div style=\"font-size: 0px; height: 0px; line-height: 0px; margin: 0; padding: 0; clear: both;\"><\/div>","protected":false},"excerpt":{"rendered":"<p>Sellal menace Le Premier ministre, Abdelmalek Sellal, a somm\u00e9 les walis d\u2019all\u00e9ger les proc\u00e9dures administratives aux op\u00e9rateurs \u00e9conomiques afin de leur faciliter l\u2019acte d\u2019investir. \u00ab\u00a0Tout responsable qui bloque le processus d\u2019investissement sera bloqu\u00e9 \u00e0 son tour\u00a0\u00bb, a-t-il averti \u00e0 l\u2019adresse des responsables locaux, lors de la rencontre gouvernement-walis qui s\u2019est d\u00e9roul\u00e9e hier \u00e0 Alger. Outre<\/p>\n","protected":false},"author":6,"featured_media":435,"comment_status":"open","ping_status":"open","sticky":false,"template":"","format":"standard","meta":{"footnotes":""},"categories":[7],"tags":[81,53],"class_list":["post-434","post","type-post","status-publish","format-standard","has-post-thumbnail","hentry","category-politique","tag-bureaucratie","tag-sellal"],"yoast_head":"<!-- This site is optimized with the Yoast SEO plugin v27.5 - https:\/\/yoast.com\/product\/yoast-seo-wordpress\/ -->\n<title>Sellal menace de limoger les walis bureaucrates<\/title>\n<meta name=\"description\" content=\"Sellal menace de limoger les walis bureaucrates tout responsable qui bloque l\u2019investissement sera bloqu\u00e9 \u00e0 son tour \u00bb, a-t-il averti\" \/>\n<meta name=\"robots\" content=\"index, follow, max-snippet:-1, max-image-preview:large, max-video-preview:-1\" \/>\n<link rel=\"canonical\" href=\"https:\/\/www.info-algerie.com\/actualites\/sellal-menace-limoger-walis\/\" \/>\n<meta property=\"og:locale\" content=\"fr_FR\" \/>\n<meta property=\"og:type\" content=\"article\" \/>\n<meta property=\"og:title\" content=\"Sellal menace de limoger les walis bureaucrates\" \/>\n<meta property=\"og:description\" content=\"Sellal menace de limoger les walis bureaucrates tout responsable qui bloque l\u2019investissement sera bloqu\u00e9 \u00e0 son tour \u00bb, a-t-il averti\" \/>\n<meta property=\"og:url\" content=\"https:\/\/www.info-algerie.com\/actualites\/sellal-menace-limoger-walis\/\" \/>\n<meta property=\"og:site_name\" content=\"info algerie\" \/>\n<meta property=\"article:publisher\" content=\"https:\/\/www.facebook.com\/infoalgerieactu\" \/>\n<meta property=\"article:published_time\" content=\"2015-08-29T20:53:34+00:00\" \/>\n<meta property=\"og:image\" content=\"https:\/\/www.info-algerie.com\/actualites\/wp-content\/uploads\/2015\/08\/Sellal-menace-.jpg\" \/>\n\t<meta property=\"og:image:width\" content=\"567\" \/>\n\t<meta property=\"og:image:height\" content=\"386\" \/>\n\t<meta property=\"og:image:type\" content=\"image\/jpeg\" \/>\n<meta name=\"author\" content=\"La r\u00e9daction\" \/>\n<meta name=\"twitter:label1\" content=\"\u00c9crit par\" \/>\n\t<meta name=\"twitter:data1\" content=\"La r\u00e9daction\" \/>\n\t<meta name=\"twitter:label2\" content=\"Dur\u00e9e de lecture estim\u00e9e\" \/>\n\t<meta name=\"twitter:data2\" content=\"4 minutes\" \/>\n<script type=\"application\/ld+json\" class=\"yoast-schema-graph\">{\"@context\":\"https:\\\/\\\/schema.org\",\"@graph\":[{\"@type\":\"Article\",\"@id\":\"https:\\\/\\\/www.info-algerie.com\\\/actualites\\\/sellal-menace-limoger-walis\\\/#article\",\"isPartOf\":{\"@id\":\"https:\\\/\\\/www.info-algerie.com\\\/actualites\\\/sellal-menace-limoger-walis\\\/\"},\"author\":{\"name\":\"La r\u00e9daction\",\"@id\":\"https:\\\/\\\/www.info-algerie.com\\\/actualites\\\/#\\\/schema\\\/person\\\/847aaec44920825b843a08f30ec6aa1e\"},\"headline\":\"Sellal menace de limoger les walis bureaucrates\",\"datePublished\":\"2015-08-29T20:53:34+00:00\",\"mainEntityOfPage\":{\"@id\":\"https:\\\/\\\/www.info-algerie.com\\\/actualites\\\/sellal-menace-limoger-walis\\\/\"},\"wordCount\":789,\"commentCount\":0,\"publisher\":{\"@id\":\"https:\\\/\\\/www.info-algerie.com\\\/actualites\\\/#organization\"},\"image\":{\"@id\":\"https:\\\/\\\/www.info-algerie.com\\\/actualites\\\/sellal-menace-limoger-walis\\\/#primaryimage\"},\"thumbnailUrl\":\"https:\\\/\\\/www.info-algerie.com\\\/actualites\\\/wp-content\\\/uploads\\\/2015\\\/08\\\/Sellal-menace-.jpg\",\"keywords\":[\"bureaucratie\",\"sellal\"],\"articleSection\":[\"Politique\"],\"inLanguage\":\"fr-FR\",\"potentialAction\":[{\"@type\":\"CommentAction\",\"name\":\"Comment\",\"target\":[\"https:\\\/\\\/www.info-algerie.com\\\/actualites\\\/sellal-menace-limoger-walis\\\/#respond\"]}]},{\"@type\":\"WebPage\",\"@id\":\"https:\\\/\\\/www.info-algerie.com\\\/actualites\\\/sellal-menace-limoger-walis\\\/\",\"url\":\"https:\\\/\\\/www.info-algerie.com\\\/actualites\\\/sellal-menace-limoger-walis\\\/\",\"name\":\"Sellal menace de limoger les walis bureaucrates\",\"isPartOf\":{\"@id\":\"https:\\\/\\\/www.info-algerie.com\\\/actualites\\\/#website\"},\"primaryImageOfPage\":{\"@id\":\"https:\\\/\\\/www.info-algerie.com\\\/actualites\\\/sellal-menace-limoger-walis\\\/#primaryimage\"},\"image\":{\"@id\":\"https:\\\/\\\/www.info-algerie.com\\\/actualites\\\/sellal-menace-limoger-walis\\\/#primaryimage\"},\"thumbnailUrl\":\"https:\\\/\\\/www.info-algerie.com\\\/actualites\\\/wp-content\\\/uploads\\\/2015\\\/08\\\/Sellal-menace-.jpg\",\"datePublished\":\"2015-08-29T20:53:34+00:00\",\"description\":\"Sellal menace de limoger les walis bureaucrates tout responsable qui bloque l\u2019investissement sera bloqu\u00e9 \u00e0 son tour \u00bb, a-t-il averti\",\"breadcrumb\":{\"@id\":\"https:\\\/\\\/www.info-algerie.com\\\/actualites\\\/sellal-menace-limoger-walis\\\/#breadcrumb\"},\"inLanguage\":\"fr-FR\",\"potentialAction\":[{\"@type\":\"ReadAction\",\"target\":[\"https:\\\/\\\/www.info-algerie.com\\\/actualites\\\/sellal-menace-limoger-walis\\\/\"]}]},{\"@type\":\"ImageObject\",\"inLanguage\":\"fr-FR\",\"@id\":\"https:\\\/\\\/www.info-algerie.com\\\/actualites\\\/sellal-menace-limoger-walis\\\/#primaryimage\",\"url\":\"https:\\\/\\\/www.info-algerie.com\\\/actualites\\\/wp-content\\\/uploads\\\/2015\\\/08\\\/Sellal-menace-.jpg\",\"contentUrl\":\"https:\\\/\\\/www.info-algerie.com\\\/actualites\\\/wp-content\\\/uploads\\\/2015\\\/08\\\/Sellal-menace-.jpg\",\"width\":567,\"height\":386,\"caption\":\"Sellal menace\"},{\"@type\":\"BreadcrumbList\",\"@id\":\"https:\\\/\\\/www.info-algerie.com\\\/actualites\\\/sellal-menace-limoger-walis\\\/#breadcrumb\",\"itemListElement\":[{\"@type\":\"ListItem\",\"position\":1,\"name\":\"Accueil\",\"item\":\"https:\\\/\\\/www.info-algerie.com\\\/actualites\\\/\"},{\"@type\":\"ListItem\",\"position\":2,\"name\":\"Sellal menace de limoger les walis bureaucrates\"}]},{\"@type\":\"WebSite\",\"@id\":\"https:\\\/\\\/www.info-algerie.com\\\/actualites\\\/#website\",\"url\":\"https:\\\/\\\/www.info-algerie.com\\\/actualites\\\/\",\"name\":\"info algerie\",\"description\":\"Toutes les actualit\u00e9s\",\"publisher\":{\"@id\":\"https:\\\/\\\/www.info-algerie.com\\\/actualites\\\/#organization\"},\"potentialAction\":[{\"@type\":\"SearchAction\",\"target\":{\"@type\":\"EntryPoint\",\"urlTemplate\":\"https:\\\/\\\/www.info-algerie.com\\\/actualites\\\/?s={search_term_string}\"},\"query-input\":{\"@type\":\"PropertyValueSpecification\",\"valueRequired\":true,\"valueName\":\"search_term_string\"}}],\"inLanguage\":\"fr-FR\"},{\"@type\":\"Organization\",\"@id\":\"https:\\\/\\\/www.info-algerie.com\\\/actualites\\\/#organization\",\"name\":\"info algerie\",\"url\":\"https:\\\/\\\/www.info-algerie.com\\\/actualites\\\/\",\"logo\":{\"@type\":\"ImageObject\",\"inLanguage\":\"fr-FR\",\"@id\":\"https:\\\/\\\/www.info-algerie.com\\\/actualites\\\/#\\\/schema\\\/logo\\\/image\\\/\",\"url\":\"https:\\\/\\\/www.info-algerie.com\\\/actualites\\\/wp-content\\\/uploads\\\/2022\\\/07\\\/logo-ia-120.png\",\"contentUrl\":\"https:\\\/\\\/www.info-algerie.com\\\/actualites\\\/wp-content\\\/uploads\\\/2022\\\/07\\\/logo-ia-120.png\",\"width\":120,\"height\":43,\"caption\":\"info algerie\"},\"image\":{\"@id\":\"https:\\\/\\\/www.info-algerie.com\\\/actualites\\\/#\\\/schema\\\/logo\\\/image\\\/\"},\"sameAs\":[\"https:\\\/\\\/www.facebook.com\\\/infoalgerieactu\",\"https:\\\/\\\/x.com\\\/infoalgerie1\"]},{\"@type\":\"Person\",\"@id\":\"https:\\\/\\\/www.info-algerie.com\\\/actualites\\\/#\\\/schema\\\/person\\\/847aaec44920825b843a08f30ec6aa1e\",\"name\":\"La r\u00e9daction\",\"image\":{\"@type\":\"ImageObject\",\"inLanguage\":\"fr-FR\",\"@id\":\"https:\\\/\\\/secure.gravatar.com\\\/avatar\\\/769db425c6f465158149f1ffd6cf61ce7a8a879d11dfbef8288af36dfddd418c?s=96&d=mm&r=g\",\"url\":\"https:\\\/\\\/secure.gravatar.com\\\/avatar\\\/769db425c6f465158149f1ffd6cf61ce7a8a879d11dfbef8288af36dfddd418c?s=96&d=mm&r=g\",\"contentUrl\":\"https:\\\/\\\/secure.gravatar.com\\\/avatar\\\/769db425c6f465158149f1ffd6cf61ce7a8a879d11dfbef8288af36dfddd418c?s=96&d=mm&r=g\",\"caption\":\"La r\u00e9daction\"},\"sameAs\":[\"http:\\\/\\\/www.lkeria.com\\\/\"],\"url\":\"https:\\\/\\\/www.info-algerie.com\\\/actualites\\\/author\\\/chakib32\\\/\"}]}<\/script>\n<!-- \/ Yoast SEO plugin. -->","yoast_head_json":{"title":"Sellal menace de limoger les walis bureaucrates","description":"Sellal menace de limoger les walis bureaucrates tout responsable qui bloque l\u2019investissement sera bloqu\u00e9 \u00e0 son tour \u00bb, a-t-il averti","robots":{"index":"index","follow":"follow","max-snippet":"max-snippet:-1","max-image-preview":"max-image-preview:large","max-video-preview":"max-video-preview:-1"},"canonical":"https:\/\/www.info-algerie.com\/actualites\/sellal-menace-limoger-walis\/","og_locale":"fr_FR","og_type":"article","og_title":"Sellal menace de limoger les walis bureaucrates","og_description":"Sellal menace de limoger les walis bureaucrates tout responsable qui bloque l\u2019investissement sera bloqu\u00e9 \u00e0 son tour \u00bb, a-t-il averti","og_url":"https:\/\/www.info-algerie.com\/actualites\/sellal-menace-limoger-walis\/","og_site_name":"info algerie","article_publisher":"https:\/\/www.facebook.com\/infoalgerieactu","article_published_time":"2015-08-29T20:53:34+00:00","og_image":[{"width":567,"height":386,"url":"https:\/\/www.info-algerie.com\/actualites\/wp-content\/uploads\/2015\/08\/Sellal-menace-.jpg","type":"image\/jpeg"}],"author":"La r\u00e9daction","twitter_misc":{"\u00c9crit par":"La r\u00e9daction","Dur\u00e9e de lecture estim\u00e9e":"4 minutes"},"schema":{"@context":"https:\/\/schema.org","@graph":[{"@type":"Article","@id":"https:\/\/www.info-algerie.com\/actualites\/sellal-menace-limoger-walis\/#article","isPartOf":{"@id":"https:\/\/www.info-algerie.com\/actualites\/sellal-menace-limoger-walis\/"},"author":{"name":"La r\u00e9daction","@id":"https:\/\/www.info-algerie.com\/actualites\/#\/schema\/person\/847aaec44920825b843a08f30ec6aa1e"},"headline":"Sellal menace de limoger les walis bureaucrates","datePublished":"2015-08-29T20:53:34+00:00","mainEntityOfPage":{"@id":"https:\/\/www.info-algerie.com\/actualites\/sellal-menace-limoger-walis\/"},"wordCount":789,"commentCount":0,"publisher":{"@id":"https:\/\/www.info-algerie.com\/actualites\/#organization"},"image":{"@id":"https:\/\/www.info-algerie.com\/actualites\/sellal-menace-limoger-walis\/#primaryimage"},"thumbnailUrl":"https:\/\/www.info-algerie.com\/actualites\/wp-content\/uploads\/2015\/08\/Sellal-menace-.jpg","keywords":["bureaucratie","sellal"],"articleSection":["Politique"],"inLanguage":"fr-FR","potentialAction":[{"@type":"CommentAction","name":"Comment","target":["https:\/\/www.info-algerie.com\/actualites\/sellal-menace-limoger-walis\/#respond"]}]},{"@type":"WebPage","@id":"https:\/\/www.info-algerie.com\/actualites\/sellal-menace-limoger-walis\/","url":"https:\/\/www.info-algerie.com\/actualites\/sellal-menace-limoger-walis\/","name":"Sellal menace de limoger les walis bureaucrates","isPartOf":{"@id":"https:\/\/www.info-algerie.com\/actualites\/#website"},"primaryImageOfPage":{"@id":"https:\/\/www.info-algerie.com\/actualites\/sellal-menace-limoger-walis\/#primaryimage"},"image":{"@id":"https:\/\/www.info-algerie.com\/actualites\/sellal-menace-limoger-walis\/#primaryimage"},"thumbnailUrl":"https:\/\/www.info-algerie.com\/actualites\/wp-content\/uploads\/2015\/08\/Sellal-menace-.jpg","datePublished":"2015-08-29T20:53:34+00:00","description":"Sellal menace de limoger les walis bureaucrates tout responsable qui bloque l\u2019investissement sera bloqu\u00e9 \u00e0 son tour \u00bb, a-t-il averti","breadcrumb":{"@id":"https:\/\/www.info-algerie.com\/actualites\/sellal-menace-limoger-walis\/#breadcrumb"},"inLanguage":"fr-FR","potentialAction":[{"@type":"ReadAction","target":["https:\/\/www.info-algerie.com\/actualites\/sellal-menace-limoger-walis\/"]}]},{"@type":"ImageObject","inLanguage":"fr-FR","@id":"https:\/\/www.info-algerie.com\/actualites\/sellal-menace-limoger-walis\/#primaryimage","url":"https:\/\/www.info-algerie.com\/actualites\/wp-content\/uploads\/2015\/08\/Sellal-menace-.jpg","contentUrl":"https:\/\/www.info-algerie.com\/actualites\/wp-content\/uploads\/2015\/08\/Sellal-menace-.jpg","width":567,"height":386,"caption":"Sellal menace"},{"@type":"BreadcrumbList","@id":"https:\/\/www.info-algerie.com\/actualites\/sellal-menace-limoger-walis\/#breadcrumb","itemListElement":[{"@type":"ListItem","position":1,"name":"Accueil","item":"https:\/\/www.info-algerie.com\/actualites\/"},{"@type":"ListItem","position":2,"name":"Sellal menace de limoger les walis bureaucrates"}]},{"@type":"WebSite","@id":"https:\/\/www.info-algerie.com\/actualites\/#website","url":"https:\/\/www.info-algerie.com\/actualites\/","name":"info algerie","description":"Toutes les actualit\u00e9s","publisher":{"@id":"https:\/\/www.info-algerie.com\/actualites\/#organization"},"potentialAction":[{"@type":"SearchAction","target":{"@type":"EntryPoint","urlTemplate":"https:\/\/www.info-algerie.com\/actualites\/?s={search_term_string}"},"query-input":{"@type":"PropertyValueSpecification","valueRequired":true,"valueName":"search_term_string"}}],"inLanguage":"fr-FR"},{"@type":"Organization","@id":"https:\/\/www.info-algerie.com\/actualites\/#organization","name":"info algerie","url":"https:\/\/www.info-algerie.com\/actualites\/","logo":{"@type":"ImageObject","inLanguage":"fr-FR","@id":"https:\/\/www.info-algerie.com\/actualites\/#\/schema\/logo\/image\/","url":"https:\/\/www.info-algerie.com\/actualites\/wp-content\/uploads\/2022\/07\/logo-ia-120.png","contentUrl":"https:\/\/www.info-algerie.com\/actualites\/wp-content\/uploads\/2022\/07\/logo-ia-120.png","width":120,"height":43,"caption":"info algerie"},"image":{"@id":"https:\/\/www.info-algerie.com\/actualites\/#\/schema\/logo\/image\/"},"sameAs":["https:\/\/www.facebook.com\/infoalgerieactu","https:\/\/x.com\/infoalgerie1"]},{"@type":"Person","@id":"https:\/\/www.info-algerie.com\/actualites\/#\/schema\/person\/847aaec44920825b843a08f30ec6aa1e","name":"La r\u00e9daction","image":{"@type":"ImageObject","inLanguage":"fr-FR","@id":"https:\/\/secure.gravatar.com\/avatar\/769db425c6f465158149f1ffd6cf61ce7a8a879d11dfbef8288af36dfddd418c?s=96&d=mm&r=g","url":"https:\/\/secure.gravatar.com\/avatar\/769db425c6f465158149f1ffd6cf61ce7a8a879d11dfbef8288af36dfddd418c?s=96&d=mm&r=g","contentUrl":"https:\/\/secure.gravatar.com\/avatar\/769db425c6f465158149f1ffd6cf61ce7a8a879d11dfbef8288af36dfddd418c?s=96&d=mm&r=g","caption":"La r\u00e9daction"},"sameAs":["http:\/\/www.lkeria.com\/"],"url":"https:\/\/www.info-algerie.com\/actualites\/author\/chakib32\/"}]}},"_links":{"self":[{"href":"https:\/\/www.info-algerie.com\/actualites\/wp-json\/wp\/v2\/posts\/434","targetHints":{"allow":["GET"]}}],"collection":[{"href":"https:\/\/www.info-algerie.com\/actualites\/wp-json\/wp\/v2\/posts"}],"about":[{"href":"https:\/\/www.info-algerie.com\/actualites\/wp-json\/wp\/v2\/types\/post"}],"author":[{"embeddable":true,"href":"https:\/\/www.info-algerie.com\/actualites\/wp-json\/wp\/v2\/users\/6"}],"replies":[{"embeddable":true,"href":"https:\/\/www.info-algerie.com\/actualites\/wp-json\/wp\/v2\/comments?post=434"}],"version-history":[{"count":2,"href":"https:\/\/www.info-algerie.com\/actualites\/wp-json\/wp\/v2\/posts\/434\/revisions"}],"predecessor-version":[{"id":437,"href":"https:\/\/www.info-algerie.com\/actualites\/wp-json\/wp\/v2\/posts\/434\/revisions\/437"}],"wp:featuredmedia":[{"embeddable":true,"href":"https:\/\/www.info-algerie.com\/actualites\/wp-json\/wp\/v2\/media\/435"}],"wp:attachment":[{"href":"https:\/\/www.info-algerie.com\/actualites\/wp-json\/wp\/v2\/media?parent=434"}],"wp:term":[{"taxonomy":"category","embeddable":true,"href":"https:\/\/www.info-algerie.com\/actualites\/wp-json\/wp\/v2\/categories?post=434"},{"taxonomy":"post_tag","embeddable":true,"href":"https:\/\/www.info-algerie.com\/actualites\/wp-json\/wp\/v2\/tags?post=434"}],"curies":[{"name":"wp","href":"https:\/\/api.w.org\/{rel}","templated":true}]}}