{"id":449,"date":"2015-08-30T14:35:06","date_gmt":"2015-08-30T13:35:06","guid":{"rendered":"http:\/\/www.info-algerie.com\/actualites\/des-rencontres-bilaterales-avec-les-syndicats-de-leducation-a-partir-du-15-octobre\/"},"modified":"2015-08-30T14:35:06","modified_gmt":"2015-08-30T13:35:06","slug":"des-rencontres-bilaterales-avec-les-syndicats-de-leducation-a-partir-du-15-octobre","status":"publish","type":"post","link":"https:\/\/www.info-algerie.com\/actualites\/des-rencontres-bilaterales-avec-les-syndicats-de-leducation-a-partir-du-15-octobre\/","title":{"rendered":"Des rencontres bilat\u00e9rales avec les syndicats de l&#039;\u00e9ducation \u00e0 partir du 15 octobre"},"content":{"rendered":"<div class=\"K2FeedImage\"><img decoding=\"async\" src=\"\" alt=\"Des rencontres bilat&#xE9;rales avec les syndicats de l'&#xE9;ducation &#xE0; partir du 15 octobre\" \/><\/div>\n<div class=\"K2FeedIntroText\"> ALGER &#8211; La ministre de l&rsquo;Education nationale Nouria Benghebrit a annonc\u00e9, dimanche, \u00e0 Alger que des rencontres bilat\u00e9rales avec tous les syndicats du secteur se tiendront \u00e0 partir du 15 octobre prochain dans le cadre de la poursuite des r\u00e9unions initi\u00e9es par la tutelle avec les partenaires sociaux avant la\u2026<\/div>\n<p>&#013;<br \/>\nSource: <a href=\"http:\/\/www.aps.dz\/algerie\/27794-des-rencontres-bilat%C3%A9rales-avec-les-syndicats-de-l-%C3%A9ducation-%C3%A0-partir-du-15-octobre\" target=\"_blank\">Des rencontres bilat\u00e9rales avec les syndicats de l&rsquo;\u00e9ducation \u00e0 partir du 15 octobre<\/a><\/p>\n<!--CusAds0-->\n<div style=\"font-size: 0px; height: 0px; line-height: 0px; margin: 0; padding: 0; clear: both;\"><\/div>","protected":false},"excerpt":{"rendered":"<p>ALGER &#8211; La ministre de l&rsquo;Education nationale Nouria Benghebrit a annonc\u00e9, dimanche, \u00e0 Alger que des rencontres bilat\u00e9rales avec tous les syndicats du secteur se tiendront \u00e0 partir du 15 octobre prochain dans le cadre de la poursuite des r\u00e9unions initi\u00e9es par la tutelle avec les partenaires sociaux avant la\u2026 &#013; Source: Des rencontres bilat\u00e9rales<\/p>\n","protected":false},"author":6,"featured_media":0,"comment_status":"open","ping_status":"open","sticky":false,"template":"","format":"standard","meta":{"footnotes":""},"categories":[8],"tags":[],"class_list":["post-449","post","type-post","status-publish","format-standard","hentry","category-immobilier"],"yoast_head":"<!-- This site is optimized with the Yoast SEO plugin v27.5 - https:\/\/yoast.com\/product\/yoast-seo-wordpress\/ -->\n<title>Des rencontres bilat\u00e9rales avec les syndicats de l&#039;\u00e9ducation \u00e0 partir du 15 octobre - info algerie<\/title>\n<meta name=\"robots\" content=\"index, follow, max-snippet:-1, max-image-preview:large, max-video-preview:-1\" \/>\n<link rel=\"canonical\" href=\"https:\/\/www.info-algerie.com\/actualites\/des-rencontres-bilaterales-avec-les-syndicats-de-leducation-a-partir-du-15-octobre\/\" \/>\n<meta property=\"og:locale\" content=\"fr_FR\" \/>\n<meta property=\"og:type\" content=\"article\" \/>\n<meta property=\"og:title\" content=\"Des rencontres bilat\u00e9rales avec les syndicats de l&#039;\u00e9ducation \u00e0 partir du 15 octobre - info algerie\" \/>\n<meta property=\"og:description\" content=\"ALGER &#8211; La ministre de l&rsquo;Education nationale Nouria Benghebrit a annonc\u00e9, dimanche, \u00e0 Alger que des rencontres bilat\u00e9rales avec tous les syndicats du secteur se tiendront \u00e0 partir du 15 octobre prochain dans le cadre de la poursuite des r\u00e9unions initi\u00e9es par la tutelle avec les partenaires sociaux avant la\u2026 &#013; Source: Des rencontres bilat\u00e9rales\" \/>\n<meta property=\"og:url\" content=\"https:\/\/www.info-algerie.com\/actualites\/des-rencontres-bilaterales-avec-les-syndicats-de-leducation-a-partir-du-15-octobre\/\" \/>\n<meta property=\"og:site_name\" content=\"info algerie\" \/>\n<meta property=\"article:publisher\" content=\"https:\/\/www.facebook.com\/infoalgerieactu\" \/>\n<meta property=\"article:published_time\" content=\"2015-08-30T13:35:06+00:00\" \/>\n<meta name=\"author\" content=\"La r\u00e9daction\" \/>\n<meta name=\"twitter:label1\" content=\"\u00c9crit par\" \/>\n\t<meta name=\"twitter:data1\" content=\"La r\u00e9daction\" \/>\n<script type=\"application\/ld+json\" class=\"yoast-schema-graph\">{\"@context\":\"https:\\\/\\\/schema.org\",\"@graph\":[{\"@type\":\"Article\",\"@id\":\"https:\\\/\\\/www.info-algerie.com\\\/actualites\\\/des-rencontres-bilaterales-avec-les-syndicats-de-leducation-a-partir-du-15-octobre\\\/#article\",\"isPartOf\":{\"@id\":\"https:\\\/\\\/www.info-algerie.com\\\/actualites\\\/des-rencontres-bilaterales-avec-les-syndicats-de-leducation-a-partir-du-15-octobre\\\/\"},\"author\":{\"name\":\"La r\u00e9daction\",\"@id\":\"https:\\\/\\\/www.info-algerie.com\\\/actualites\\\/#\\\/schema\\\/person\\\/847aaec44920825b843a08f30ec6aa1e\"},\"headline\":\"Des rencontres bilat\u00e9rales avec les syndicats de l&#039;\u00e9ducation \u00e0 partir du 15 octobre\",\"datePublished\":\"2015-08-30T13:35:06+00:00\",\"mainEntityOfPage\":{\"@id\":\"https:\\\/\\\/www.info-algerie.com\\\/actualites\\\/des-rencontres-bilaterales-avec-les-syndicats-de-leducation-a-partir-du-15-octobre\\\/\"},\"wordCount\":78,\"commentCount\":0,\"publisher\":{\"@id\":\"https:\\\/\\\/www.info-algerie.com\\\/actualites\\\/#organization\"},\"articleSection\":[\"immobilier\"],\"inLanguage\":\"fr-FR\",\"potentialAction\":[{\"@type\":\"CommentAction\",\"name\":\"Comment\",\"target\":[\"https:\\\/\\\/www.info-algerie.com\\\/actualites\\\/des-rencontres-bilaterales-avec-les-syndicats-de-leducation-a-partir-du-15-octobre\\\/#respond\"]}]},{\"@type\":\"WebPage\",\"@id\":\"https:\\\/\\\/www.info-algerie.com\\\/actualites\\\/des-rencontres-bilaterales-avec-les-syndicats-de-leducation-a-partir-du-15-octobre\\\/\",\"url\":\"https:\\\/\\\/www.info-algerie.com\\\/actualites\\\/des-rencontres-bilaterales-avec-les-syndicats-de-leducation-a-partir-du-15-octobre\\\/\",\"name\":\"Des rencontres bilat\u00e9rales avec les syndicats de l&#039;\u00e9ducation \u00e0 partir du 15 octobre - info algerie\",\"isPartOf\":{\"@id\":\"https:\\\/\\\/www.info-algerie.com\\\/actualites\\\/#website\"},\"datePublished\":\"2015-08-30T13:35:06+00:00\",\"breadcrumb\":{\"@id\":\"https:\\\/\\\/www.info-algerie.com\\\/actualites\\\/des-rencontres-bilaterales-avec-les-syndicats-de-leducation-a-partir-du-15-octobre\\\/#breadcrumb\"},\"inLanguage\":\"fr-FR\",\"potentialAction\":[{\"@type\":\"ReadAction\",\"target\":[\"https:\\\/\\\/www.info-algerie.com\\\/actualites\\\/des-rencontres-bilaterales-avec-les-syndicats-de-leducation-a-partir-du-15-octobre\\\/\"]}]},{\"@type\":\"BreadcrumbList\",\"@id\":\"https:\\\/\\\/www.info-algerie.com\\\/actualites\\\/des-rencontres-bilaterales-avec-les-syndicats-de-leducation-a-partir-du-15-octobre\\\/#breadcrumb\",\"itemListElement\":[{\"@type\":\"ListItem\",\"position\":1,\"name\":\"Accueil\",\"item\":\"https:\\\/\\\/www.info-algerie.com\\\/actualites\\\/\"},{\"@type\":\"ListItem\",\"position\":2,\"name\":\"Des rencontres bilat\u00e9rales avec les syndicats de l&#039;\u00e9ducation \u00e0 partir du 15 octobre\"}]},{\"@type\":\"WebSite\",\"@id\":\"https:\\\/\\\/www.info-algerie.com\\\/actualites\\\/#website\",\"url\":\"https:\\\/\\\/www.info-algerie.com\\\/actualites\\\/\",\"name\":\"info algerie\",\"description\":\"Toutes les actualit\u00e9s\",\"publisher\":{\"@id\":\"https:\\\/\\\/www.info-algerie.com\\\/actualites\\\/#organization\"},\"potentialAction\":[{\"@type\":\"SearchAction\",\"target\":{\"@type\":\"EntryPoint\",\"urlTemplate\":\"https:\\\/\\\/www.info-algerie.com\\\/actualites\\\/?s={search_term_string}\"},\"query-input\":{\"@type\":\"PropertyValueSpecification\",\"valueRequired\":true,\"valueName\":\"search_term_string\"}}],\"inLanguage\":\"fr-FR\"},{\"@type\":\"Organization\",\"@id\":\"https:\\\/\\\/www.info-algerie.com\\\/actualites\\\/#organization\",\"name\":\"info algerie\",\"url\":\"https:\\\/\\\/www.info-algerie.com\\\/actualites\\\/\",\"logo\":{\"@type\":\"ImageObject\",\"inLanguage\":\"fr-FR\",\"@id\":\"https:\\\/\\\/www.info-algerie.com\\\/actualites\\\/#\\\/schema\\\/logo\\\/image\\\/\",\"url\":\"https:\\\/\\\/www.info-algerie.com\\\/actualites\\\/wp-content\\\/uploads\\\/2022\\\/07\\\/logo-ia-120.png\",\"contentUrl\":\"https:\\\/\\\/www.info-algerie.com\\\/actualites\\\/wp-content\\\/uploads\\\/2022\\\/07\\\/logo-ia-120.png\",\"width\":120,\"height\":43,\"caption\":\"info algerie\"},\"image\":{\"@id\":\"https:\\\/\\\/www.info-algerie.com\\\/actualites\\\/#\\\/schema\\\/logo\\\/image\\\/\"},\"sameAs\":[\"https:\\\/\\\/www.facebook.com\\\/infoalgerieactu\",\"https:\\\/\\\/x.com\\\/infoalgerie1\"]},{\"@type\":\"Person\",\"@id\":\"https:\\\/\\\/www.info-algerie.com\\\/actualites\\\/#\\\/schema\\\/person\\\/847aaec44920825b843a08f30ec6aa1e\",\"name\":\"La r\u00e9daction\",\"image\":{\"@type\":\"ImageObject\",\"inLanguage\":\"fr-FR\",\"@id\":\"https:\\\/\\\/secure.gravatar.com\\\/avatar\\\/769db425c6f465158149f1ffd6cf61ce7a8a879d11dfbef8288af36dfddd418c?s=96&d=mm&r=g\",\"url\":\"https:\\\/\\\/secure.gravatar.com\\\/avatar\\\/769db425c6f465158149f1ffd6cf61ce7a8a879d11dfbef8288af36dfddd418c?s=96&d=mm&r=g\",\"contentUrl\":\"https:\\\/\\\/secure.gravatar.com\\\/avatar\\\/769db425c6f465158149f1ffd6cf61ce7a8a879d11dfbef8288af36dfddd418c?s=96&d=mm&r=g\",\"caption\":\"La r\u00e9daction\"},\"sameAs\":[\"http:\\\/\\\/www.lkeria.com\\\/\"],\"url\":\"https:\\\/\\\/www.info-algerie.com\\\/actualites\\\/author\\\/chakib32\\\/\"}]}<\/script>\n<!-- \/ Yoast SEO plugin. -->","yoast_head_json":{"title":"Des rencontres bilat\u00e9rales avec les syndicats de l&#039;\u00e9ducation \u00e0 partir du 15 octobre - info algerie","robots":{"index":"index","follow":"follow","max-snippet":"max-snippet:-1","max-image-preview":"max-image-preview:large","max-video-preview":"max-video-preview:-1"},"canonical":"https:\/\/www.info-algerie.com\/actualites\/des-rencontres-bilaterales-avec-les-syndicats-de-leducation-a-partir-du-15-octobre\/","og_locale":"fr_FR","og_type":"article","og_title":"Des rencontres bilat\u00e9rales avec les syndicats de l&#039;\u00e9ducation \u00e0 partir du 15 octobre - info algerie","og_description":"ALGER &#8211; La ministre de l&rsquo;Education nationale Nouria Benghebrit a annonc\u00e9, dimanche, \u00e0 Alger que des rencontres bilat\u00e9rales avec tous les syndicats du secteur se tiendront \u00e0 partir du 15 octobre prochain dans le cadre de la poursuite des r\u00e9unions initi\u00e9es par la tutelle avec les partenaires sociaux avant la\u2026 &#013; Source: Des rencontres bilat\u00e9rales","og_url":"https:\/\/www.info-algerie.com\/actualites\/des-rencontres-bilaterales-avec-les-syndicats-de-leducation-a-partir-du-15-octobre\/","og_site_name":"info algerie","article_publisher":"https:\/\/www.facebook.com\/infoalgerieactu","article_published_time":"2015-08-30T13:35:06+00:00","author":"La r\u00e9daction","twitter_misc":{"\u00c9crit par":"La r\u00e9daction"},"schema":{"@context":"https:\/\/schema.org","@graph":[{"@type":"Article","@id":"https:\/\/www.info-algerie.com\/actualites\/des-rencontres-bilaterales-avec-les-syndicats-de-leducation-a-partir-du-15-octobre\/#article","isPartOf":{"@id":"https:\/\/www.info-algerie.com\/actualites\/des-rencontres-bilaterales-avec-les-syndicats-de-leducation-a-partir-du-15-octobre\/"},"author":{"name":"La r\u00e9daction","@id":"https:\/\/www.info-algerie.com\/actualites\/#\/schema\/person\/847aaec44920825b843a08f30ec6aa1e"},"headline":"Des rencontres bilat\u00e9rales avec les syndicats de l&#039;\u00e9ducation \u00e0 partir du 15 octobre","datePublished":"2015-08-30T13:35:06+00:00","mainEntityOfPage":{"@id":"https:\/\/www.info-algerie.com\/actualites\/des-rencontres-bilaterales-avec-les-syndicats-de-leducation-a-partir-du-15-octobre\/"},"wordCount":78,"commentCount":0,"publisher":{"@id":"https:\/\/www.info-algerie.com\/actualites\/#organization"},"articleSection":["immobilier"],"inLanguage":"fr-FR","potentialAction":[{"@type":"CommentAction","name":"Comment","target":["https:\/\/www.info-algerie.com\/actualites\/des-rencontres-bilaterales-avec-les-syndicats-de-leducation-a-partir-du-15-octobre\/#respond"]}]},{"@type":"WebPage","@id":"https:\/\/www.info-algerie.com\/actualites\/des-rencontres-bilaterales-avec-les-syndicats-de-leducation-a-partir-du-15-octobre\/","url":"https:\/\/www.info-algerie.com\/actualites\/des-rencontres-bilaterales-avec-les-syndicats-de-leducation-a-partir-du-15-octobre\/","name":"Des rencontres bilat\u00e9rales avec les syndicats de l&#039;\u00e9ducation \u00e0 partir du 15 octobre - info algerie","isPartOf":{"@id":"https:\/\/www.info-algerie.com\/actualites\/#website"},"datePublished":"2015-08-30T13:35:06+00:00","breadcrumb":{"@id":"https:\/\/www.info-algerie.com\/actualites\/des-rencontres-bilaterales-avec-les-syndicats-de-leducation-a-partir-du-15-octobre\/#breadcrumb"},"inLanguage":"fr-FR","potentialAction":[{"@type":"ReadAction","target":["https:\/\/www.info-algerie.com\/actualites\/des-rencontres-bilaterales-avec-les-syndicats-de-leducation-a-partir-du-15-octobre\/"]}]},{"@type":"BreadcrumbList","@id":"https:\/\/www.info-algerie.com\/actualites\/des-rencontres-bilaterales-avec-les-syndicats-de-leducation-a-partir-du-15-octobre\/#breadcrumb","itemListElement":[{"@type":"ListItem","position":1,"name":"Accueil","item":"https:\/\/www.info-algerie.com\/actualites\/"},{"@type":"ListItem","position":2,"name":"Des rencontres bilat\u00e9rales avec les syndicats de l&#039;\u00e9ducation \u00e0 partir du 15 octobre"}]},{"@type":"WebSite","@id":"https:\/\/www.info-algerie.com\/actualites\/#website","url":"https:\/\/www.info-algerie.com\/actualites\/","name":"info algerie","description":"Toutes les actualit\u00e9s","publisher":{"@id":"https:\/\/www.info-algerie.com\/actualites\/#organization"},"potentialAction":[{"@type":"SearchAction","target":{"@type":"EntryPoint","urlTemplate":"https:\/\/www.info-algerie.com\/actualites\/?s={search_term_string}"},"query-input":{"@type":"PropertyValueSpecification","valueRequired":true,"valueName":"search_term_string"}}],"inLanguage":"fr-FR"},{"@type":"Organization","@id":"https:\/\/www.info-algerie.com\/actualites\/#organization","name":"info algerie","url":"https:\/\/www.info-algerie.com\/actualites\/","logo":{"@type":"ImageObject","inLanguage":"fr-FR","@id":"https:\/\/www.info-algerie.com\/actualites\/#\/schema\/logo\/image\/","url":"https:\/\/www.info-algerie.com\/actualites\/wp-content\/uploads\/2022\/07\/logo-ia-120.png","contentUrl":"https:\/\/www.info-algerie.com\/actualites\/wp-content\/uploads\/2022\/07\/logo-ia-120.png","width":120,"height":43,"caption":"info algerie"},"image":{"@id":"https:\/\/www.info-algerie.com\/actualites\/#\/schema\/logo\/image\/"},"sameAs":["https:\/\/www.facebook.com\/infoalgerieactu","https:\/\/x.com\/infoalgerie1"]},{"@type":"Person","@id":"https:\/\/www.info-algerie.com\/actualites\/#\/schema\/person\/847aaec44920825b843a08f30ec6aa1e","name":"La r\u00e9daction","image":{"@type":"ImageObject","inLanguage":"fr-FR","@id":"https:\/\/secure.gravatar.com\/avatar\/769db425c6f465158149f1ffd6cf61ce7a8a879d11dfbef8288af36dfddd418c?s=96&d=mm&r=g","url":"https:\/\/secure.gravatar.com\/avatar\/769db425c6f465158149f1ffd6cf61ce7a8a879d11dfbef8288af36dfddd418c?s=96&d=mm&r=g","contentUrl":"https:\/\/secure.gravatar.com\/avatar\/769db425c6f465158149f1ffd6cf61ce7a8a879d11dfbef8288af36dfddd418c?s=96&d=mm&r=g","caption":"La r\u00e9daction"},"sameAs":["http:\/\/www.lkeria.com\/"],"url":"https:\/\/www.info-algerie.com\/actualites\/author\/chakib32\/"}]}},"_links":{"self":[{"href":"https:\/\/www.info-algerie.com\/actualites\/wp-json\/wp\/v2\/posts\/449","targetHints":{"allow":["GET"]}}],"collection":[{"href":"https:\/\/www.info-algerie.com\/actualites\/wp-json\/wp\/v2\/posts"}],"about":[{"href":"https:\/\/www.info-algerie.com\/actualites\/wp-json\/wp\/v2\/types\/post"}],"author":[{"embeddable":true,"href":"https:\/\/www.info-algerie.com\/actualites\/wp-json\/wp\/v2\/users\/6"}],"replies":[{"embeddable":true,"href":"https:\/\/www.info-algerie.com\/actualites\/wp-json\/wp\/v2\/comments?post=449"}],"version-history":[{"count":0,"href":"https:\/\/www.info-algerie.com\/actualites\/wp-json\/wp\/v2\/posts\/449\/revisions"}],"wp:attachment":[{"href":"https:\/\/www.info-algerie.com\/actualites\/wp-json\/wp\/v2\/media?parent=449"}],"wp:term":[{"taxonomy":"category","embeddable":true,"href":"https:\/\/www.info-algerie.com\/actualites\/wp-json\/wp\/v2\/categories?post=449"},{"taxonomy":"post_tag","embeddable":true,"href":"https:\/\/www.info-algerie.com\/actualites\/wp-json\/wp\/v2\/tags?post=449"}],"curies":[{"name":"wp","href":"https:\/\/api.w.org\/{rel}","templated":true}]}}