{"id":471,"date":"2015-08-31T17:23:38","date_gmt":"2015-08-31T16:23:38","guid":{"rendered":"http:\/\/www.info-algerie.com\/actualites\/decision-dentamer-les-travaux-dextension-du-tramway-de-constantine\/"},"modified":"2015-08-31T23:12:36","modified_gmt":"2015-08-31T22:12:36","slug":"decision-dentamer-les-travaux-dextension-du-tramway-de-constantine","status":"publish","type":"post","link":"https:\/\/www.info-algerie.com\/actualites\/decision-dentamer-les-travaux-dextension-du-tramway-de-constantine\/","title":{"rendered":"D\u00e9cision d&rsquo;entamer les travaux d&rsquo;extension du tramway de Constantine"},"content":{"rendered":"<div class=\"K2FeedImage\"><\/div>\n<div class=\"K2FeedIntroText\">\n<p style=\"text-align: justify;\"><a href=\"https:\/\/www.info-algerie.com\/actualites\/wp-content\/uploads\/2015\/08\/extension-du-tramway-de-Constantine.jpg\"><img loading=\"lazy\" decoding=\"async\" class=\" wp-image-477 alignleft\" src=\"https:\/\/www.info-algerie.com\/actualites\/wp-content\/uploads\/2015\/08\/extension-du-tramway-de-Constantine-300x169.jpg\" alt=\"extension du tramway de Constantine\" width=\"183\" height=\"103\" srcset=\"https:\/\/www.info-algerie.com\/actualites\/wp-content\/uploads\/2015\/08\/extension-du-tramway-de-Constantine-300x169.jpg 300w, https:\/\/www.info-algerie.com\/actualites\/wp-content\/uploads\/2015\/08\/extension-du-tramway-de-Constantine.jpg 900w\" sizes=\"auto, (max-width: 183px) 100vw, 183px\" \/><\/a>La d\u00e9cision d&rsquo;entamer rapidement les travaux de r\u00e9alisation de la premi\u00e8re extension du trac\u00e9 du tramway de Constantine a \u00e9t\u00e9 prise, samedi, au cours de la r\u00e9union gouvernement-walis, a annonc\u00e9, lundi, le wali, Hocine Ouadah.<\/p>\n<h2 style=\"text-align: justify;\">extension du tramway de Constantine<\/h2>\n<p style=\"text-align: justify;\">Dans une d\u00e9claration \u00e0 l&rsquo;APS, au terme d&rsquo;une visite de travail effectu\u00e9e en pr\u00e9vision de la rentr\u00e9e scolaire de dimanche prochain, M. Ouadah a indiqu\u00e9 que la question du projet d&rsquo;extension du tramway a \u00e9t\u00e9 abord\u00e9e au cours de cette r\u00e9union, donnant lieu \u00e0 des instructions \u00e0 l&rsquo;effet de lancer ce chantier \u00ab\u00a0dans de brefs d\u00e9lais\u00a0\u00bb.<\/p>\n<p style=\"text-align: justify;\">Confi\u00e9e \u00e0 un groupement constitu\u00e9 d&rsquo;une soci\u00e9t\u00e9 alg\u00e9rienne et de deux entreprises \u00e9trang\u00e8res, cette ligne destin\u00e9e \u00e0 desservir Ali-Mendjeli s&rsquo;\u00e9tirera sur un lin\u00e9aire de 10 km entre de la station Zouaghi Slimane (actuel terminus) et la nouvelle ville, a-t-on rappel\u00e9, faisant savoir qu\u2019une enveloppe de 34 milliards de dinars a \u00e9t\u00e9 allou\u00e9e \u00e0 la concr\u00e9tisation de ce projet tr\u00e8s attendu.<\/p>\n<\/div>\n<p>Source: <a href=\"http:\/\/www.aps.dz\/algerie\/27857-d%C3%A9cision-d-entamer-les-travaux-d-extension-du-tramway-de-constantine\" target=\"_blank\">D\u00e9cision d&rsquo;entamer les travaux d&rsquo;extension du tramway de Constantine<\/a><\/p>\n<!--CusAds0-->\n<div style=\"font-size: 0px; height: 0px; line-height: 0px; margin: 0; padding: 0; clear: both;\"><\/div>","protected":false},"excerpt":{"rendered":"<p>La d\u00e9cision d&rsquo;entamer rapidement les travaux de r\u00e9alisation de la premi\u00e8re extension du trac\u00e9 du tramway de Constantine a \u00e9t\u00e9 prise, samedi, au cours de la r\u00e9union gouvernement-walis, a annonc\u00e9, lundi, le wali, Hocine Ouadah. extension du tramway de Constantine Dans une d\u00e9claration \u00e0 l&rsquo;APS, au terme d&rsquo;une visite de travail effectu\u00e9e en pr\u00e9vision de<\/p>\n","protected":false},"author":6,"featured_media":477,"comment_status":"open","ping_status":"open","sticky":false,"template":"","format":"standard","meta":{"footnotes":""},"categories":[22],"tags":[82],"class_list":["post-471","post","type-post","status-publish","format-standard","has-post-thumbnail","hentry","category-infos","tag-tramway-de-constantine"],"yoast_head":"<!-- This site is optimized with the Yoast SEO plugin v27.5 - https:\/\/yoast.com\/product\/yoast-seo-wordpress\/ -->\n<title>D\u00e9cision d&#039;entamer l&#039;extension du tramway de Constantine<\/title>\n<meta name=\"description\" content=\"D\u00e9cision d&#039;entamer les travaux d&#039;extension du tramway de Constantine, au cours de la r\u00e9union gouvernement-walis, selon le wali Ouadah\" \/>\n<meta name=\"robots\" content=\"index, follow, max-snippet:-1, max-image-preview:large, max-video-preview:-1\" \/>\n<link rel=\"canonical\" href=\"https:\/\/www.info-algerie.com\/actualites\/decision-dentamer-les-travaux-dextension-du-tramway-de-constantine\/\" \/>\n<meta property=\"og:locale\" content=\"fr_FR\" \/>\n<meta property=\"og:type\" content=\"article\" \/>\n<meta property=\"og:title\" content=\"D\u00e9cision d&#039;entamer l&#039;extension du tramway de Constantine\" \/>\n<meta property=\"og:description\" content=\"D\u00e9cision d&#039;entamer les travaux d&#039;extension du tramway de Constantine, au cours de la r\u00e9union gouvernement-walis, selon le wali Ouadah\" \/>\n<meta property=\"og:url\" content=\"https:\/\/www.info-algerie.com\/actualites\/decision-dentamer-les-travaux-dextension-du-tramway-de-constantine\/\" \/>\n<meta property=\"og:site_name\" content=\"info algerie\" \/>\n<meta property=\"article:publisher\" content=\"https:\/\/www.facebook.com\/infoalgerieactu\" \/>\n<meta property=\"article:published_time\" content=\"2015-08-31T16:23:38+00:00\" \/>\n<meta property=\"article:modified_time\" content=\"2015-08-31T22:12:36+00:00\" \/>\n<meta property=\"og:image\" content=\"https:\/\/www.info-algerie.com\/actualites\/wp-content\/uploads\/2015\/08\/extension-du-tramway-de-Constantine.jpg\" \/>\n\t<meta property=\"og:image:width\" content=\"900\" \/>\n\t<meta property=\"og:image:height\" content=\"508\" \/>\n\t<meta property=\"og:image:type\" content=\"image\/jpeg\" \/>\n<meta name=\"author\" content=\"La r\u00e9daction\" \/>\n<meta name=\"twitter:label1\" content=\"\u00c9crit par\" \/>\n\t<meta name=\"twitter:data1\" content=\"La r\u00e9daction\" \/>\n\t<meta name=\"twitter:label2\" content=\"Dur\u00e9e de lecture estim\u00e9e\" \/>\n\t<meta name=\"twitter:data2\" content=\"1 minute\" \/>\n<script type=\"application\/ld+json\" class=\"yoast-schema-graph\">{\"@context\":\"https:\\\/\\\/schema.org\",\"@graph\":[{\"@type\":\"Article\",\"@id\":\"https:\\\/\\\/www.info-algerie.com\\\/actualites\\\/decision-dentamer-les-travaux-dextension-du-tramway-de-constantine\\\/#article\",\"isPartOf\":{\"@id\":\"https:\\\/\\\/www.info-algerie.com\\\/actualites\\\/decision-dentamer-les-travaux-dextension-du-tramway-de-constantine\\\/\"},\"author\":{\"name\":\"La r\u00e9daction\",\"@id\":\"https:\\\/\\\/www.info-algerie.com\\\/actualites\\\/#\\\/schema\\\/person\\\/847aaec44920825b843a08f30ec6aa1e\"},\"headline\":\"D\u00e9cision d&rsquo;entamer les travaux d&rsquo;extension du tramway de Constantine\",\"datePublished\":\"2015-08-31T16:23:38+00:00\",\"dateModified\":\"2015-08-31T22:12:36+00:00\",\"mainEntityOfPage\":{\"@id\":\"https:\\\/\\\/www.info-algerie.com\\\/actualites\\\/decision-dentamer-les-travaux-dextension-du-tramway-de-constantine\\\/\"},\"wordCount\":201,\"commentCount\":0,\"publisher\":{\"@id\":\"https:\\\/\\\/www.info-algerie.com\\\/actualites\\\/#organization\"},\"image\":{\"@id\":\"https:\\\/\\\/www.info-algerie.com\\\/actualites\\\/decision-dentamer-les-travaux-dextension-du-tramway-de-constantine\\\/#primaryimage\"},\"thumbnailUrl\":\"https:\\\/\\\/www.info-algerie.com\\\/actualites\\\/wp-content\\\/uploads\\\/2015\\\/08\\\/extension-du-tramway-de-Constantine.jpg\",\"keywords\":[\"tramway de Constantine\"],\"articleSection\":[\"infos\"],\"inLanguage\":\"fr-FR\",\"potentialAction\":[{\"@type\":\"CommentAction\",\"name\":\"Comment\",\"target\":[\"https:\\\/\\\/www.info-algerie.com\\\/actualites\\\/decision-dentamer-les-travaux-dextension-du-tramway-de-constantine\\\/#respond\"]}]},{\"@type\":\"WebPage\",\"@id\":\"https:\\\/\\\/www.info-algerie.com\\\/actualites\\\/decision-dentamer-les-travaux-dextension-du-tramway-de-constantine\\\/\",\"url\":\"https:\\\/\\\/www.info-algerie.com\\\/actualites\\\/decision-dentamer-les-travaux-dextension-du-tramway-de-constantine\\\/\",\"name\":\"D\u00e9cision d'entamer l'extension du tramway de Constantine\",\"isPartOf\":{\"@id\":\"https:\\\/\\\/www.info-algerie.com\\\/actualites\\\/#website\"},\"primaryImageOfPage\":{\"@id\":\"https:\\\/\\\/www.info-algerie.com\\\/actualites\\\/decision-dentamer-les-travaux-dextension-du-tramway-de-constantine\\\/#primaryimage\"},\"image\":{\"@id\":\"https:\\\/\\\/www.info-algerie.com\\\/actualites\\\/decision-dentamer-les-travaux-dextension-du-tramway-de-constantine\\\/#primaryimage\"},\"thumbnailUrl\":\"https:\\\/\\\/www.info-algerie.com\\\/actualites\\\/wp-content\\\/uploads\\\/2015\\\/08\\\/extension-du-tramway-de-Constantine.jpg\",\"datePublished\":\"2015-08-31T16:23:38+00:00\",\"dateModified\":\"2015-08-31T22:12:36+00:00\",\"description\":\"D\u00e9cision d'entamer les travaux d'extension du tramway de Constantine, au cours de la r\u00e9union gouvernement-walis, selon le wali Ouadah\",\"breadcrumb\":{\"@id\":\"https:\\\/\\\/www.info-algerie.com\\\/actualites\\\/decision-dentamer-les-travaux-dextension-du-tramway-de-constantine\\\/#breadcrumb\"},\"inLanguage\":\"fr-FR\",\"potentialAction\":[{\"@type\":\"ReadAction\",\"target\":[\"https:\\\/\\\/www.info-algerie.com\\\/actualites\\\/decision-dentamer-les-travaux-dextension-du-tramway-de-constantine\\\/\"]}]},{\"@type\":\"ImageObject\",\"inLanguage\":\"fr-FR\",\"@id\":\"https:\\\/\\\/www.info-algerie.com\\\/actualites\\\/decision-dentamer-les-travaux-dextension-du-tramway-de-constantine\\\/#primaryimage\",\"url\":\"https:\\\/\\\/www.info-algerie.com\\\/actualites\\\/wp-content\\\/uploads\\\/2015\\\/08\\\/extension-du-tramway-de-Constantine.jpg\",\"contentUrl\":\"https:\\\/\\\/www.info-algerie.com\\\/actualites\\\/wp-content\\\/uploads\\\/2015\\\/08\\\/extension-du-tramway-de-Constantine.jpg\",\"width\":900,\"height\":508,\"caption\":\"extension du tramway de Constantine\"},{\"@type\":\"BreadcrumbList\",\"@id\":\"https:\\\/\\\/www.info-algerie.com\\\/actualites\\\/decision-dentamer-les-travaux-dextension-du-tramway-de-constantine\\\/#breadcrumb\",\"itemListElement\":[{\"@type\":\"ListItem\",\"position\":1,\"name\":\"Accueil\",\"item\":\"https:\\\/\\\/www.info-algerie.com\\\/actualites\\\/\"},{\"@type\":\"ListItem\",\"position\":2,\"name\":\"D\u00e9cision d&rsquo;entamer les travaux d&rsquo;extension du tramway de Constantine\"}]},{\"@type\":\"WebSite\",\"@id\":\"https:\\\/\\\/www.info-algerie.com\\\/actualites\\\/#website\",\"url\":\"https:\\\/\\\/www.info-algerie.com\\\/actualites\\\/\",\"name\":\"info algerie\",\"description\":\"Toutes les actualit\u00e9s\",\"publisher\":{\"@id\":\"https:\\\/\\\/www.info-algerie.com\\\/actualites\\\/#organization\"},\"potentialAction\":[{\"@type\":\"SearchAction\",\"target\":{\"@type\":\"EntryPoint\",\"urlTemplate\":\"https:\\\/\\\/www.info-algerie.com\\\/actualites\\\/?s={search_term_string}\"},\"query-input\":{\"@type\":\"PropertyValueSpecification\",\"valueRequired\":true,\"valueName\":\"search_term_string\"}}],\"inLanguage\":\"fr-FR\"},{\"@type\":\"Organization\",\"@id\":\"https:\\\/\\\/www.info-algerie.com\\\/actualites\\\/#organization\",\"name\":\"info algerie\",\"url\":\"https:\\\/\\\/www.info-algerie.com\\\/actualites\\\/\",\"logo\":{\"@type\":\"ImageObject\",\"inLanguage\":\"fr-FR\",\"@id\":\"https:\\\/\\\/www.info-algerie.com\\\/actualites\\\/#\\\/schema\\\/logo\\\/image\\\/\",\"url\":\"https:\\\/\\\/www.info-algerie.com\\\/actualites\\\/wp-content\\\/uploads\\\/2022\\\/07\\\/logo-ia-120.png\",\"contentUrl\":\"https:\\\/\\\/www.info-algerie.com\\\/actualites\\\/wp-content\\\/uploads\\\/2022\\\/07\\\/logo-ia-120.png\",\"width\":120,\"height\":43,\"caption\":\"info algerie\"},\"image\":{\"@id\":\"https:\\\/\\\/www.info-algerie.com\\\/actualites\\\/#\\\/schema\\\/logo\\\/image\\\/\"},\"sameAs\":[\"https:\\\/\\\/www.facebook.com\\\/infoalgerieactu\",\"https:\\\/\\\/x.com\\\/infoalgerie1\"]},{\"@type\":\"Person\",\"@id\":\"https:\\\/\\\/www.info-algerie.com\\\/actualites\\\/#\\\/schema\\\/person\\\/847aaec44920825b843a08f30ec6aa1e\",\"name\":\"La r\u00e9daction\",\"image\":{\"@type\":\"ImageObject\",\"inLanguage\":\"fr-FR\",\"@id\":\"https:\\\/\\\/secure.gravatar.com\\\/avatar\\\/769db425c6f465158149f1ffd6cf61ce7a8a879d11dfbef8288af36dfddd418c?s=96&d=mm&r=g\",\"url\":\"https:\\\/\\\/secure.gravatar.com\\\/avatar\\\/769db425c6f465158149f1ffd6cf61ce7a8a879d11dfbef8288af36dfddd418c?s=96&d=mm&r=g\",\"contentUrl\":\"https:\\\/\\\/secure.gravatar.com\\\/avatar\\\/769db425c6f465158149f1ffd6cf61ce7a8a879d11dfbef8288af36dfddd418c?s=96&d=mm&r=g\",\"caption\":\"La r\u00e9daction\"},\"sameAs\":[\"http:\\\/\\\/www.lkeria.com\\\/\"],\"url\":\"https:\\\/\\\/www.info-algerie.com\\\/actualites\\\/author\\\/chakib32\\\/\"}]}<\/script>\n<!-- \/ Yoast SEO plugin. -->","yoast_head_json":{"title":"D\u00e9cision d'entamer l'extension du tramway de Constantine","description":"D\u00e9cision d'entamer les travaux d'extension du tramway de Constantine, au cours de la r\u00e9union gouvernement-walis, selon le wali Ouadah","robots":{"index":"index","follow":"follow","max-snippet":"max-snippet:-1","max-image-preview":"max-image-preview:large","max-video-preview":"max-video-preview:-1"},"canonical":"https:\/\/www.info-algerie.com\/actualites\/decision-dentamer-les-travaux-dextension-du-tramway-de-constantine\/","og_locale":"fr_FR","og_type":"article","og_title":"D\u00e9cision d'entamer l'extension du tramway de Constantine","og_description":"D\u00e9cision d'entamer les travaux d'extension du tramway de Constantine, au cours de la r\u00e9union gouvernement-walis, selon le wali Ouadah","og_url":"https:\/\/www.info-algerie.com\/actualites\/decision-dentamer-les-travaux-dextension-du-tramway-de-constantine\/","og_site_name":"info algerie","article_publisher":"https:\/\/www.facebook.com\/infoalgerieactu","article_published_time":"2015-08-31T16:23:38+00:00","article_modified_time":"2015-08-31T22:12:36+00:00","og_image":[{"width":900,"height":508,"url":"https:\/\/www.info-algerie.com\/actualites\/wp-content\/uploads\/2015\/08\/extension-du-tramway-de-Constantine.jpg","type":"image\/jpeg"}],"author":"La r\u00e9daction","twitter_misc":{"\u00c9crit par":"La r\u00e9daction","Dur\u00e9e de lecture estim\u00e9e":"1 minute"},"schema":{"@context":"https:\/\/schema.org","@graph":[{"@type":"Article","@id":"https:\/\/www.info-algerie.com\/actualites\/decision-dentamer-les-travaux-dextension-du-tramway-de-constantine\/#article","isPartOf":{"@id":"https:\/\/www.info-algerie.com\/actualites\/decision-dentamer-les-travaux-dextension-du-tramway-de-constantine\/"},"author":{"name":"La r\u00e9daction","@id":"https:\/\/www.info-algerie.com\/actualites\/#\/schema\/person\/847aaec44920825b843a08f30ec6aa1e"},"headline":"D\u00e9cision d&rsquo;entamer les travaux d&rsquo;extension du tramway de Constantine","datePublished":"2015-08-31T16:23:38+00:00","dateModified":"2015-08-31T22:12:36+00:00","mainEntityOfPage":{"@id":"https:\/\/www.info-algerie.com\/actualites\/decision-dentamer-les-travaux-dextension-du-tramway-de-constantine\/"},"wordCount":201,"commentCount":0,"publisher":{"@id":"https:\/\/www.info-algerie.com\/actualites\/#organization"},"image":{"@id":"https:\/\/www.info-algerie.com\/actualites\/decision-dentamer-les-travaux-dextension-du-tramway-de-constantine\/#primaryimage"},"thumbnailUrl":"https:\/\/www.info-algerie.com\/actualites\/wp-content\/uploads\/2015\/08\/extension-du-tramway-de-Constantine.jpg","keywords":["tramway de Constantine"],"articleSection":["infos"],"inLanguage":"fr-FR","potentialAction":[{"@type":"CommentAction","name":"Comment","target":["https:\/\/www.info-algerie.com\/actualites\/decision-dentamer-les-travaux-dextension-du-tramway-de-constantine\/#respond"]}]},{"@type":"WebPage","@id":"https:\/\/www.info-algerie.com\/actualites\/decision-dentamer-les-travaux-dextension-du-tramway-de-constantine\/","url":"https:\/\/www.info-algerie.com\/actualites\/decision-dentamer-les-travaux-dextension-du-tramway-de-constantine\/","name":"D\u00e9cision d'entamer l'extension du tramway de Constantine","isPartOf":{"@id":"https:\/\/www.info-algerie.com\/actualites\/#website"},"primaryImageOfPage":{"@id":"https:\/\/www.info-algerie.com\/actualites\/decision-dentamer-les-travaux-dextension-du-tramway-de-constantine\/#primaryimage"},"image":{"@id":"https:\/\/www.info-algerie.com\/actualites\/decision-dentamer-les-travaux-dextension-du-tramway-de-constantine\/#primaryimage"},"thumbnailUrl":"https:\/\/www.info-algerie.com\/actualites\/wp-content\/uploads\/2015\/08\/extension-du-tramway-de-Constantine.jpg","datePublished":"2015-08-31T16:23:38+00:00","dateModified":"2015-08-31T22:12:36+00:00","description":"D\u00e9cision d'entamer les travaux d'extension du tramway de Constantine, au cours de la r\u00e9union gouvernement-walis, selon le wali Ouadah","breadcrumb":{"@id":"https:\/\/www.info-algerie.com\/actualites\/decision-dentamer-les-travaux-dextension-du-tramway-de-constantine\/#breadcrumb"},"inLanguage":"fr-FR","potentialAction":[{"@type":"ReadAction","target":["https:\/\/www.info-algerie.com\/actualites\/decision-dentamer-les-travaux-dextension-du-tramway-de-constantine\/"]}]},{"@type":"ImageObject","inLanguage":"fr-FR","@id":"https:\/\/www.info-algerie.com\/actualites\/decision-dentamer-les-travaux-dextension-du-tramway-de-constantine\/#primaryimage","url":"https:\/\/www.info-algerie.com\/actualites\/wp-content\/uploads\/2015\/08\/extension-du-tramway-de-Constantine.jpg","contentUrl":"https:\/\/www.info-algerie.com\/actualites\/wp-content\/uploads\/2015\/08\/extension-du-tramway-de-Constantine.jpg","width":900,"height":508,"caption":"extension du tramway de Constantine"},{"@type":"BreadcrumbList","@id":"https:\/\/www.info-algerie.com\/actualites\/decision-dentamer-les-travaux-dextension-du-tramway-de-constantine\/#breadcrumb","itemListElement":[{"@type":"ListItem","position":1,"name":"Accueil","item":"https:\/\/www.info-algerie.com\/actualites\/"},{"@type":"ListItem","position":2,"name":"D\u00e9cision d&rsquo;entamer les travaux d&rsquo;extension du tramway de Constantine"}]},{"@type":"WebSite","@id":"https:\/\/www.info-algerie.com\/actualites\/#website","url":"https:\/\/www.info-algerie.com\/actualites\/","name":"info algerie","description":"Toutes les actualit\u00e9s","publisher":{"@id":"https:\/\/www.info-algerie.com\/actualites\/#organization"},"potentialAction":[{"@type":"SearchAction","target":{"@type":"EntryPoint","urlTemplate":"https:\/\/www.info-algerie.com\/actualites\/?s={search_term_string}"},"query-input":{"@type":"PropertyValueSpecification","valueRequired":true,"valueName":"search_term_string"}}],"inLanguage":"fr-FR"},{"@type":"Organization","@id":"https:\/\/www.info-algerie.com\/actualites\/#organization","name":"info algerie","url":"https:\/\/www.info-algerie.com\/actualites\/","logo":{"@type":"ImageObject","inLanguage":"fr-FR","@id":"https:\/\/www.info-algerie.com\/actualites\/#\/schema\/logo\/image\/","url":"https:\/\/www.info-algerie.com\/actualites\/wp-content\/uploads\/2022\/07\/logo-ia-120.png","contentUrl":"https:\/\/www.info-algerie.com\/actualites\/wp-content\/uploads\/2022\/07\/logo-ia-120.png","width":120,"height":43,"caption":"info algerie"},"image":{"@id":"https:\/\/www.info-algerie.com\/actualites\/#\/schema\/logo\/image\/"},"sameAs":["https:\/\/www.facebook.com\/infoalgerieactu","https:\/\/x.com\/infoalgerie1"]},{"@type":"Person","@id":"https:\/\/www.info-algerie.com\/actualites\/#\/schema\/person\/847aaec44920825b843a08f30ec6aa1e","name":"La r\u00e9daction","image":{"@type":"ImageObject","inLanguage":"fr-FR","@id":"https:\/\/secure.gravatar.com\/avatar\/769db425c6f465158149f1ffd6cf61ce7a8a879d11dfbef8288af36dfddd418c?s=96&d=mm&r=g","url":"https:\/\/secure.gravatar.com\/avatar\/769db425c6f465158149f1ffd6cf61ce7a8a879d11dfbef8288af36dfddd418c?s=96&d=mm&r=g","contentUrl":"https:\/\/secure.gravatar.com\/avatar\/769db425c6f465158149f1ffd6cf61ce7a8a879d11dfbef8288af36dfddd418c?s=96&d=mm&r=g","caption":"La r\u00e9daction"},"sameAs":["http:\/\/www.lkeria.com\/"],"url":"https:\/\/www.info-algerie.com\/actualites\/author\/chakib32\/"}]}},"_links":{"self":[{"href":"https:\/\/www.info-algerie.com\/actualites\/wp-json\/wp\/v2\/posts\/471","targetHints":{"allow":["GET"]}}],"collection":[{"href":"https:\/\/www.info-algerie.com\/actualites\/wp-json\/wp\/v2\/posts"}],"about":[{"href":"https:\/\/www.info-algerie.com\/actualites\/wp-json\/wp\/v2\/types\/post"}],"author":[{"embeddable":true,"href":"https:\/\/www.info-algerie.com\/actualites\/wp-json\/wp\/v2\/users\/6"}],"replies":[{"embeddable":true,"href":"https:\/\/www.info-algerie.com\/actualites\/wp-json\/wp\/v2\/comments?post=471"}],"version-history":[{"count":3,"href":"https:\/\/www.info-algerie.com\/actualites\/wp-json\/wp\/v2\/posts\/471\/revisions"}],"predecessor-version":[{"id":478,"href":"https:\/\/www.info-algerie.com\/actualites\/wp-json\/wp\/v2\/posts\/471\/revisions\/478"}],"wp:featuredmedia":[{"embeddable":true,"href":"https:\/\/www.info-algerie.com\/actualites\/wp-json\/wp\/v2\/media\/477"}],"wp:attachment":[{"href":"https:\/\/www.info-algerie.com\/actualites\/wp-json\/wp\/v2\/media?parent=471"}],"wp:term":[{"taxonomy":"category","embeddable":true,"href":"https:\/\/www.info-algerie.com\/actualites\/wp-json\/wp\/v2\/categories?post=471"},{"taxonomy":"post_tag","embeddable":true,"href":"https:\/\/www.info-algerie.com\/actualites\/wp-json\/wp\/v2\/tags?post=471"}],"curies":[{"name":"wp","href":"https:\/\/api.w.org\/{rel}","templated":true}]}}