{"id":476,"date":"2015-08-31T17:30:37","date_gmt":"2015-08-31T16:30:37","guid":{"rendered":"http:\/\/www.info-algerie.com\/actualites\/lecole-element-fondamental-pour-lacquisition-des-connaissances-et-le-renforcement-des-valeurs-citoyennes\/"},"modified":"2015-08-31T17:30:37","modified_gmt":"2015-08-31T16:30:37","slug":"lecole-element-fondamental-pour-lacquisition-des-connaissances-et-le-renforcement-des-valeurs-citoyennes","status":"publish","type":"post","link":"https:\/\/www.info-algerie.com\/actualites\/lecole-element-fondamental-pour-lacquisition-des-connaissances-et-le-renforcement-des-valeurs-citoyennes\/","title":{"rendered":"L\u2019\u00e9cole, \u00e9l\u00e9ment fondamental pour l\u2019acquisition des connaissances et le renforcement des valeurs citoyennes"},"content":{"rendered":"<div class=\"K2FeedImage\"><img decoding=\"async\" src=\"\" alt=\"L&#x2019;&#xE9;cole, &#xE9;l&#xE9;ment fondamental pour l&#x2019;acquisition des connaissances et le renforcement des valeurs citoyennes\" \/><\/div>\n<div class=\"K2FeedIntroText\"> GHARDAIA &#8211; La ministre de l\u2019\u00e9ducation nationale, Nouria Benghebrit, a affirm\u00e9, lundi \u00e0 Gharda\u00efa, que l\u2019\u00e9cole constitue un \u00e9l\u00e9ment fondamental pour l\u2019acquisition des connaissances, mais aussi pour l\u2019acquisition et le renforcement des valeurs qui donnent un sens \u00e0 la coh\u00e9sion sociale d\u2019un pays et \u00e0 la pratique de la citoyennet\u00e9.\u2026<\/div>\n<p>&#013;<br \/>\nSource: <a href=\"http:\/\/www.aps.dz\/algerie\/27868-l%E2%80%99%C3%A9cole,-%C3%A9l%C3%A9ment-fondamental-pour-l%E2%80%99acquisition-des-connaissances-et-le-renforcement-des-valeurs-citoyennes\" target=\"_blank\">L\u2019\u00e9cole, \u00e9l\u00e9ment fondamental pour l\u2019acquisition des connaissances et le renforcement des valeurs citoyennes<\/a><\/p>\n<!--CusAds0-->\n<div style=\"font-size: 0px; height: 0px; line-height: 0px; margin: 0; padding: 0; clear: both;\"><\/div>","protected":false},"excerpt":{"rendered":"<p>GHARDAIA &#8211; La ministre de l\u2019\u00e9ducation nationale, Nouria Benghebrit, a affirm\u00e9, lundi \u00e0 Gharda\u00efa, que l\u2019\u00e9cole constitue un \u00e9l\u00e9ment fondamental pour l\u2019acquisition des connaissances, mais aussi pour l\u2019acquisition et le renforcement des valeurs qui donnent un sens \u00e0 la coh\u00e9sion sociale d\u2019un pays et \u00e0 la pratique de la citoyennet\u00e9.\u2026 &#013; Source: L\u2019\u00e9cole, \u00e9l\u00e9ment fondamental<\/p>\n","protected":false},"author":6,"featured_media":0,"comment_status":"open","ping_status":"open","sticky":false,"template":"","format":"standard","meta":{"footnotes":""},"categories":[8],"tags":[],"class_list":["post-476","post","type-post","status-publish","format-standard","hentry","category-immobilier"],"yoast_head":"<!-- This site is optimized with the Yoast SEO plugin v27.5 - https:\/\/yoast.com\/product\/yoast-seo-wordpress\/ -->\n<title>L\u2019\u00e9cole, \u00e9l\u00e9ment fondamental pour l\u2019acquisition des connaissances et le renforcement des valeurs citoyennes - info algerie<\/title>\n<meta name=\"robots\" content=\"index, follow, max-snippet:-1, max-image-preview:large, max-video-preview:-1\" \/>\n<link rel=\"canonical\" href=\"https:\/\/www.info-algerie.com\/actualites\/lecole-element-fondamental-pour-lacquisition-des-connaissances-et-le-renforcement-des-valeurs-citoyennes\/\" \/>\n<meta property=\"og:locale\" content=\"fr_FR\" \/>\n<meta property=\"og:type\" content=\"article\" \/>\n<meta property=\"og:title\" content=\"L\u2019\u00e9cole, \u00e9l\u00e9ment fondamental pour l\u2019acquisition des connaissances et le renforcement des valeurs citoyennes - info algerie\" \/>\n<meta property=\"og:description\" content=\"GHARDAIA &#8211; La ministre de l\u2019\u00e9ducation nationale, Nouria Benghebrit, a affirm\u00e9, lundi \u00e0 Gharda\u00efa, que l\u2019\u00e9cole constitue un \u00e9l\u00e9ment fondamental pour l\u2019acquisition des connaissances, mais aussi pour l\u2019acquisition et le renforcement des valeurs qui donnent un sens \u00e0 la coh\u00e9sion sociale d\u2019un pays et \u00e0 la pratique de la citoyennet\u00e9.\u2026 &#013; Source: L\u2019\u00e9cole, \u00e9l\u00e9ment fondamental\" \/>\n<meta property=\"og:url\" content=\"https:\/\/www.info-algerie.com\/actualites\/lecole-element-fondamental-pour-lacquisition-des-connaissances-et-le-renforcement-des-valeurs-citoyennes\/\" \/>\n<meta property=\"og:site_name\" content=\"info algerie\" \/>\n<meta property=\"article:publisher\" content=\"https:\/\/www.facebook.com\/infoalgerieactu\" \/>\n<meta property=\"article:published_time\" content=\"2015-08-31T16:30:37+00:00\" \/>\n<meta name=\"author\" content=\"La r\u00e9daction\" \/>\n<meta name=\"twitter:label1\" content=\"\u00c9crit par\" \/>\n\t<meta name=\"twitter:data1\" content=\"La r\u00e9daction\" \/>\n<script type=\"application\/ld+json\" class=\"yoast-schema-graph\">{\"@context\":\"https:\\\/\\\/schema.org\",\"@graph\":[{\"@type\":\"Article\",\"@id\":\"https:\\\/\\\/www.info-algerie.com\\\/actualites\\\/lecole-element-fondamental-pour-lacquisition-des-connaissances-et-le-renforcement-des-valeurs-citoyennes\\\/#article\",\"isPartOf\":{\"@id\":\"https:\\\/\\\/www.info-algerie.com\\\/actualites\\\/lecole-element-fondamental-pour-lacquisition-des-connaissances-et-le-renforcement-des-valeurs-citoyennes\\\/\"},\"author\":{\"name\":\"La r\u00e9daction\",\"@id\":\"https:\\\/\\\/www.info-algerie.com\\\/actualites\\\/#\\\/schema\\\/person\\\/847aaec44920825b843a08f30ec6aa1e\"},\"headline\":\"L\u2019\u00e9cole, \u00e9l\u00e9ment fondamental pour l\u2019acquisition des connaissances et le renforcement des valeurs citoyennes\",\"datePublished\":\"2015-08-31T16:30:37+00:00\",\"mainEntityOfPage\":{\"@id\":\"https:\\\/\\\/www.info-algerie.com\\\/actualites\\\/lecole-element-fondamental-pour-lacquisition-des-connaissances-et-le-renforcement-des-valeurs-citoyennes\\\/\"},\"wordCount\":88,\"commentCount\":0,\"publisher\":{\"@id\":\"https:\\\/\\\/www.info-algerie.com\\\/actualites\\\/#organization\"},\"articleSection\":[\"immobilier\"],\"inLanguage\":\"fr-FR\",\"potentialAction\":[{\"@type\":\"CommentAction\",\"name\":\"Comment\",\"target\":[\"https:\\\/\\\/www.info-algerie.com\\\/actualites\\\/lecole-element-fondamental-pour-lacquisition-des-connaissances-et-le-renforcement-des-valeurs-citoyennes\\\/#respond\"]}]},{\"@type\":\"WebPage\",\"@id\":\"https:\\\/\\\/www.info-algerie.com\\\/actualites\\\/lecole-element-fondamental-pour-lacquisition-des-connaissances-et-le-renforcement-des-valeurs-citoyennes\\\/\",\"url\":\"https:\\\/\\\/www.info-algerie.com\\\/actualites\\\/lecole-element-fondamental-pour-lacquisition-des-connaissances-et-le-renforcement-des-valeurs-citoyennes\\\/\",\"name\":\"L\u2019\u00e9cole, \u00e9l\u00e9ment fondamental pour l\u2019acquisition des connaissances et le renforcement des valeurs citoyennes - info algerie\",\"isPartOf\":{\"@id\":\"https:\\\/\\\/www.info-algerie.com\\\/actualites\\\/#website\"},\"datePublished\":\"2015-08-31T16:30:37+00:00\",\"breadcrumb\":{\"@id\":\"https:\\\/\\\/www.info-algerie.com\\\/actualites\\\/lecole-element-fondamental-pour-lacquisition-des-connaissances-et-le-renforcement-des-valeurs-citoyennes\\\/#breadcrumb\"},\"inLanguage\":\"fr-FR\",\"potentialAction\":[{\"@type\":\"ReadAction\",\"target\":[\"https:\\\/\\\/www.info-algerie.com\\\/actualites\\\/lecole-element-fondamental-pour-lacquisition-des-connaissances-et-le-renforcement-des-valeurs-citoyennes\\\/\"]}]},{\"@type\":\"BreadcrumbList\",\"@id\":\"https:\\\/\\\/www.info-algerie.com\\\/actualites\\\/lecole-element-fondamental-pour-lacquisition-des-connaissances-et-le-renforcement-des-valeurs-citoyennes\\\/#breadcrumb\",\"itemListElement\":[{\"@type\":\"ListItem\",\"position\":1,\"name\":\"Accueil\",\"item\":\"https:\\\/\\\/www.info-algerie.com\\\/actualites\\\/\"},{\"@type\":\"ListItem\",\"position\":2,\"name\":\"L\u2019\u00e9cole, \u00e9l\u00e9ment fondamental pour l\u2019acquisition des connaissances et le renforcement des valeurs citoyennes\"}]},{\"@type\":\"WebSite\",\"@id\":\"https:\\\/\\\/www.info-algerie.com\\\/actualites\\\/#website\",\"url\":\"https:\\\/\\\/www.info-algerie.com\\\/actualites\\\/\",\"name\":\"info algerie\",\"description\":\"Toutes les actualit\u00e9s\",\"publisher\":{\"@id\":\"https:\\\/\\\/www.info-algerie.com\\\/actualites\\\/#organization\"},\"potentialAction\":[{\"@type\":\"SearchAction\",\"target\":{\"@type\":\"EntryPoint\",\"urlTemplate\":\"https:\\\/\\\/www.info-algerie.com\\\/actualites\\\/?s={search_term_string}\"},\"query-input\":{\"@type\":\"PropertyValueSpecification\",\"valueRequired\":true,\"valueName\":\"search_term_string\"}}],\"inLanguage\":\"fr-FR\"},{\"@type\":\"Organization\",\"@id\":\"https:\\\/\\\/www.info-algerie.com\\\/actualites\\\/#organization\",\"name\":\"info algerie\",\"url\":\"https:\\\/\\\/www.info-algerie.com\\\/actualites\\\/\",\"logo\":{\"@type\":\"ImageObject\",\"inLanguage\":\"fr-FR\",\"@id\":\"https:\\\/\\\/www.info-algerie.com\\\/actualites\\\/#\\\/schema\\\/logo\\\/image\\\/\",\"url\":\"https:\\\/\\\/www.info-algerie.com\\\/actualites\\\/wp-content\\\/uploads\\\/2022\\\/07\\\/logo-ia-120.png\",\"contentUrl\":\"https:\\\/\\\/www.info-algerie.com\\\/actualites\\\/wp-content\\\/uploads\\\/2022\\\/07\\\/logo-ia-120.png\",\"width\":120,\"height\":43,\"caption\":\"info algerie\"},\"image\":{\"@id\":\"https:\\\/\\\/www.info-algerie.com\\\/actualites\\\/#\\\/schema\\\/logo\\\/image\\\/\"},\"sameAs\":[\"https:\\\/\\\/www.facebook.com\\\/infoalgerieactu\",\"https:\\\/\\\/x.com\\\/infoalgerie1\"]},{\"@type\":\"Person\",\"@id\":\"https:\\\/\\\/www.info-algerie.com\\\/actualites\\\/#\\\/schema\\\/person\\\/847aaec44920825b843a08f30ec6aa1e\",\"name\":\"La r\u00e9daction\",\"image\":{\"@type\":\"ImageObject\",\"inLanguage\":\"fr-FR\",\"@id\":\"https:\\\/\\\/secure.gravatar.com\\\/avatar\\\/769db425c6f465158149f1ffd6cf61ce7a8a879d11dfbef8288af36dfddd418c?s=96&d=mm&r=g\",\"url\":\"https:\\\/\\\/secure.gravatar.com\\\/avatar\\\/769db425c6f465158149f1ffd6cf61ce7a8a879d11dfbef8288af36dfddd418c?s=96&d=mm&r=g\",\"contentUrl\":\"https:\\\/\\\/secure.gravatar.com\\\/avatar\\\/769db425c6f465158149f1ffd6cf61ce7a8a879d11dfbef8288af36dfddd418c?s=96&d=mm&r=g\",\"caption\":\"La r\u00e9daction\"},\"sameAs\":[\"http:\\\/\\\/www.lkeria.com\\\/\"],\"url\":\"https:\\\/\\\/www.info-algerie.com\\\/actualites\\\/author\\\/chakib32\\\/\"}]}<\/script>\n<!-- \/ Yoast SEO plugin. -->","yoast_head_json":{"title":"L\u2019\u00e9cole, \u00e9l\u00e9ment fondamental pour l\u2019acquisition des connaissances et le renforcement des valeurs citoyennes - info algerie","robots":{"index":"index","follow":"follow","max-snippet":"max-snippet:-1","max-image-preview":"max-image-preview:large","max-video-preview":"max-video-preview:-1"},"canonical":"https:\/\/www.info-algerie.com\/actualites\/lecole-element-fondamental-pour-lacquisition-des-connaissances-et-le-renforcement-des-valeurs-citoyennes\/","og_locale":"fr_FR","og_type":"article","og_title":"L\u2019\u00e9cole, \u00e9l\u00e9ment fondamental pour l\u2019acquisition des connaissances et le renforcement des valeurs citoyennes - info algerie","og_description":"GHARDAIA &#8211; La ministre de l\u2019\u00e9ducation nationale, Nouria Benghebrit, a affirm\u00e9, lundi \u00e0 Gharda\u00efa, que l\u2019\u00e9cole constitue un \u00e9l\u00e9ment fondamental pour l\u2019acquisition des connaissances, mais aussi pour l\u2019acquisition et le renforcement des valeurs qui donnent un sens \u00e0 la coh\u00e9sion sociale d\u2019un pays et \u00e0 la pratique de la citoyennet\u00e9.\u2026 &#013; Source: L\u2019\u00e9cole, \u00e9l\u00e9ment fondamental","og_url":"https:\/\/www.info-algerie.com\/actualites\/lecole-element-fondamental-pour-lacquisition-des-connaissances-et-le-renforcement-des-valeurs-citoyennes\/","og_site_name":"info algerie","article_publisher":"https:\/\/www.facebook.com\/infoalgerieactu","article_published_time":"2015-08-31T16:30:37+00:00","author":"La r\u00e9daction","twitter_misc":{"\u00c9crit par":"La r\u00e9daction"},"schema":{"@context":"https:\/\/schema.org","@graph":[{"@type":"Article","@id":"https:\/\/www.info-algerie.com\/actualites\/lecole-element-fondamental-pour-lacquisition-des-connaissances-et-le-renforcement-des-valeurs-citoyennes\/#article","isPartOf":{"@id":"https:\/\/www.info-algerie.com\/actualites\/lecole-element-fondamental-pour-lacquisition-des-connaissances-et-le-renforcement-des-valeurs-citoyennes\/"},"author":{"name":"La r\u00e9daction","@id":"https:\/\/www.info-algerie.com\/actualites\/#\/schema\/person\/847aaec44920825b843a08f30ec6aa1e"},"headline":"L\u2019\u00e9cole, \u00e9l\u00e9ment fondamental pour l\u2019acquisition des connaissances et le renforcement des valeurs citoyennes","datePublished":"2015-08-31T16:30:37+00:00","mainEntityOfPage":{"@id":"https:\/\/www.info-algerie.com\/actualites\/lecole-element-fondamental-pour-lacquisition-des-connaissances-et-le-renforcement-des-valeurs-citoyennes\/"},"wordCount":88,"commentCount":0,"publisher":{"@id":"https:\/\/www.info-algerie.com\/actualites\/#organization"},"articleSection":["immobilier"],"inLanguage":"fr-FR","potentialAction":[{"@type":"CommentAction","name":"Comment","target":["https:\/\/www.info-algerie.com\/actualites\/lecole-element-fondamental-pour-lacquisition-des-connaissances-et-le-renforcement-des-valeurs-citoyennes\/#respond"]}]},{"@type":"WebPage","@id":"https:\/\/www.info-algerie.com\/actualites\/lecole-element-fondamental-pour-lacquisition-des-connaissances-et-le-renforcement-des-valeurs-citoyennes\/","url":"https:\/\/www.info-algerie.com\/actualites\/lecole-element-fondamental-pour-lacquisition-des-connaissances-et-le-renforcement-des-valeurs-citoyennes\/","name":"L\u2019\u00e9cole, \u00e9l\u00e9ment fondamental pour l\u2019acquisition des connaissances et le renforcement des valeurs citoyennes - info algerie","isPartOf":{"@id":"https:\/\/www.info-algerie.com\/actualites\/#website"},"datePublished":"2015-08-31T16:30:37+00:00","breadcrumb":{"@id":"https:\/\/www.info-algerie.com\/actualites\/lecole-element-fondamental-pour-lacquisition-des-connaissances-et-le-renforcement-des-valeurs-citoyennes\/#breadcrumb"},"inLanguage":"fr-FR","potentialAction":[{"@type":"ReadAction","target":["https:\/\/www.info-algerie.com\/actualites\/lecole-element-fondamental-pour-lacquisition-des-connaissances-et-le-renforcement-des-valeurs-citoyennes\/"]}]},{"@type":"BreadcrumbList","@id":"https:\/\/www.info-algerie.com\/actualites\/lecole-element-fondamental-pour-lacquisition-des-connaissances-et-le-renforcement-des-valeurs-citoyennes\/#breadcrumb","itemListElement":[{"@type":"ListItem","position":1,"name":"Accueil","item":"https:\/\/www.info-algerie.com\/actualites\/"},{"@type":"ListItem","position":2,"name":"L\u2019\u00e9cole, \u00e9l\u00e9ment fondamental pour l\u2019acquisition des connaissances et le renforcement des valeurs citoyennes"}]},{"@type":"WebSite","@id":"https:\/\/www.info-algerie.com\/actualites\/#website","url":"https:\/\/www.info-algerie.com\/actualites\/","name":"info algerie","description":"Toutes les actualit\u00e9s","publisher":{"@id":"https:\/\/www.info-algerie.com\/actualites\/#organization"},"potentialAction":[{"@type":"SearchAction","target":{"@type":"EntryPoint","urlTemplate":"https:\/\/www.info-algerie.com\/actualites\/?s={search_term_string}"},"query-input":{"@type":"PropertyValueSpecification","valueRequired":true,"valueName":"search_term_string"}}],"inLanguage":"fr-FR"},{"@type":"Organization","@id":"https:\/\/www.info-algerie.com\/actualites\/#organization","name":"info algerie","url":"https:\/\/www.info-algerie.com\/actualites\/","logo":{"@type":"ImageObject","inLanguage":"fr-FR","@id":"https:\/\/www.info-algerie.com\/actualites\/#\/schema\/logo\/image\/","url":"https:\/\/www.info-algerie.com\/actualites\/wp-content\/uploads\/2022\/07\/logo-ia-120.png","contentUrl":"https:\/\/www.info-algerie.com\/actualites\/wp-content\/uploads\/2022\/07\/logo-ia-120.png","width":120,"height":43,"caption":"info algerie"},"image":{"@id":"https:\/\/www.info-algerie.com\/actualites\/#\/schema\/logo\/image\/"},"sameAs":["https:\/\/www.facebook.com\/infoalgerieactu","https:\/\/x.com\/infoalgerie1"]},{"@type":"Person","@id":"https:\/\/www.info-algerie.com\/actualites\/#\/schema\/person\/847aaec44920825b843a08f30ec6aa1e","name":"La r\u00e9daction","image":{"@type":"ImageObject","inLanguage":"fr-FR","@id":"https:\/\/secure.gravatar.com\/avatar\/769db425c6f465158149f1ffd6cf61ce7a8a879d11dfbef8288af36dfddd418c?s=96&d=mm&r=g","url":"https:\/\/secure.gravatar.com\/avatar\/769db425c6f465158149f1ffd6cf61ce7a8a879d11dfbef8288af36dfddd418c?s=96&d=mm&r=g","contentUrl":"https:\/\/secure.gravatar.com\/avatar\/769db425c6f465158149f1ffd6cf61ce7a8a879d11dfbef8288af36dfddd418c?s=96&d=mm&r=g","caption":"La r\u00e9daction"},"sameAs":["http:\/\/www.lkeria.com\/"],"url":"https:\/\/www.info-algerie.com\/actualites\/author\/chakib32\/"}]}},"_links":{"self":[{"href":"https:\/\/www.info-algerie.com\/actualites\/wp-json\/wp\/v2\/posts\/476","targetHints":{"allow":["GET"]}}],"collection":[{"href":"https:\/\/www.info-algerie.com\/actualites\/wp-json\/wp\/v2\/posts"}],"about":[{"href":"https:\/\/www.info-algerie.com\/actualites\/wp-json\/wp\/v2\/types\/post"}],"author":[{"embeddable":true,"href":"https:\/\/www.info-algerie.com\/actualites\/wp-json\/wp\/v2\/users\/6"}],"replies":[{"embeddable":true,"href":"https:\/\/www.info-algerie.com\/actualites\/wp-json\/wp\/v2\/comments?post=476"}],"version-history":[{"count":0,"href":"https:\/\/www.info-algerie.com\/actualites\/wp-json\/wp\/v2\/posts\/476\/revisions"}],"wp:attachment":[{"href":"https:\/\/www.info-algerie.com\/actualites\/wp-json\/wp\/v2\/media?parent=476"}],"wp:term":[{"taxonomy":"category","embeddable":true,"href":"https:\/\/www.info-algerie.com\/actualites\/wp-json\/wp\/v2\/categories?post=476"},{"taxonomy":"post_tag","embeddable":true,"href":"https:\/\/www.info-algerie.com\/actualites\/wp-json\/wp\/v2\/tags?post=476"}],"curies":[{"name":"wp","href":"https:\/\/api.w.org\/{rel}","templated":true}]}}