{"id":494,"date":"2015-09-01T15:57:45","date_gmt":"2015-09-01T14:57:45","guid":{"rendered":"http:\/\/www.info-algerie.com\/actualites\/un-terroriste-arrete-et-des-armes-recuperees-a-jijel-mdn\/"},"modified":"2015-09-01T15:57:45","modified_gmt":"2015-09-01T14:57:45","slug":"un-terroriste-arrete-et-des-armes-recuperees-a-jijel-mdn","status":"publish","type":"post","link":"https:\/\/www.info-algerie.com\/actualites\/un-terroriste-arrete-et-des-armes-recuperees-a-jijel-mdn\/","title":{"rendered":"Un terroriste arr\u00eat\u00e9 et des armes r\u00e9cup\u00e9r\u00e9es \u00e0 Jijel (MDN)"},"content":{"rendered":"<div class=\"K2FeedImage\"><img decoding=\"async\" src=\"\" alt=\"Un terroriste arr&#xEA;t&#xE9; et des armes r&#xE9;cup&#xE9;r&#xE9;es &#xE0; Jijel (MDN)\" \/><\/div>\n<div class=\"K2FeedIntroText\"> ALGER &#8211; Un terroriste a \u00e9t\u00e9 arr\u00eat\u00e9 et des armes et munitions ont \u00e9t\u00e9 r\u00e9cup\u00e9r\u00e9es, lundi, par un d\u00e9tachement relevant du secteur op\u00e9rationnel de Jijel dans la 5\u00e8me r\u00e9gion militaire, indique mardi un communiqu\u00e9 du minist\u00e8re de la d\u00e9fense nationale. \u00ab\u00a0Dans le cadre de la lutte antiterroriste, un d\u00e9tachement relevant\u2026<\/div>\n<p>&#013;<br \/>\nSource: <a href=\"http:\/\/www.aps.dz\/algerie\/27900-un-terroriste-arr%C3%AAt%C3%A9-et-des-armes-r%C3%A9cup%C3%A9r%C3%A9es-%C3%A0-jijel-mdn\" target=\"_blank\">Un terroriste arr\u00eat\u00e9 et des armes r\u00e9cup\u00e9r\u00e9es \u00e0 Jijel (MDN)<\/a><\/p>\n<!--CusAds0-->\n<div style=\"font-size: 0px; height: 0px; line-height: 0px; margin: 0; padding: 0; clear: both;\"><\/div>","protected":false},"excerpt":{"rendered":"<p>ALGER &#8211; Un terroriste a \u00e9t\u00e9 arr\u00eat\u00e9 et des armes et munitions ont \u00e9t\u00e9 r\u00e9cup\u00e9r\u00e9es, lundi, par un d\u00e9tachement relevant du secteur op\u00e9rationnel de Jijel dans la 5\u00e8me r\u00e9gion militaire, indique mardi un communiqu\u00e9 du minist\u00e8re de la d\u00e9fense nationale. \u00ab\u00a0Dans le cadre de la lutte antiterroriste, un d\u00e9tachement relevant\u2026 &#013; Source: Un terroriste arr\u00eat\u00e9<\/p>\n","protected":false},"author":6,"featured_media":0,"comment_status":"open","ping_status":"open","sticky":false,"template":"","format":"standard","meta":{"footnotes":""},"categories":[8],"tags":[],"class_list":["post-494","post","type-post","status-publish","format-standard","hentry","category-immobilier"],"yoast_head":"<!-- This site is optimized with the Yoast SEO plugin v27.5 - https:\/\/yoast.com\/product\/yoast-seo-wordpress\/ -->\n<title>Un terroriste arr\u00eat\u00e9 et des armes r\u00e9cup\u00e9r\u00e9es \u00e0 Jijel (MDN) - info algerie<\/title>\n<meta name=\"robots\" content=\"index, follow, max-snippet:-1, max-image-preview:large, max-video-preview:-1\" \/>\n<link rel=\"canonical\" href=\"https:\/\/www.info-algerie.com\/actualites\/un-terroriste-arrete-et-des-armes-recuperees-a-jijel-mdn\/\" \/>\n<meta property=\"og:locale\" content=\"fr_FR\" \/>\n<meta property=\"og:type\" content=\"article\" \/>\n<meta property=\"og:title\" content=\"Un terroriste arr\u00eat\u00e9 et des armes r\u00e9cup\u00e9r\u00e9es \u00e0 Jijel (MDN) - info algerie\" \/>\n<meta property=\"og:description\" content=\"ALGER &#8211; Un terroriste a \u00e9t\u00e9 arr\u00eat\u00e9 et des armes et munitions ont \u00e9t\u00e9 r\u00e9cup\u00e9r\u00e9es, lundi, par un d\u00e9tachement relevant du secteur op\u00e9rationnel de Jijel dans la 5\u00e8me r\u00e9gion militaire, indique mardi un communiqu\u00e9 du minist\u00e8re de la d\u00e9fense nationale. \u00ab\u00a0Dans le cadre de la lutte antiterroriste, un d\u00e9tachement relevant\u2026 &#013; Source: Un terroriste arr\u00eat\u00e9\" \/>\n<meta property=\"og:url\" content=\"https:\/\/www.info-algerie.com\/actualites\/un-terroriste-arrete-et-des-armes-recuperees-a-jijel-mdn\/\" \/>\n<meta property=\"og:site_name\" content=\"info algerie\" \/>\n<meta property=\"article:publisher\" content=\"https:\/\/www.facebook.com\/infoalgerieactu\" \/>\n<meta property=\"article:published_time\" content=\"2015-09-01T14:57:45+00:00\" \/>\n<meta name=\"author\" content=\"La r\u00e9daction\" \/>\n<meta name=\"twitter:label1\" content=\"\u00c9crit par\" \/>\n\t<meta name=\"twitter:data1\" content=\"La r\u00e9daction\" \/>\n<script type=\"application\/ld+json\" class=\"yoast-schema-graph\">{\"@context\":\"https:\\\/\\\/schema.org\",\"@graph\":[{\"@type\":\"Article\",\"@id\":\"https:\\\/\\\/www.info-algerie.com\\\/actualites\\\/un-terroriste-arrete-et-des-armes-recuperees-a-jijel-mdn\\\/#article\",\"isPartOf\":{\"@id\":\"https:\\\/\\\/www.info-algerie.com\\\/actualites\\\/un-terroriste-arrete-et-des-armes-recuperees-a-jijel-mdn\\\/\"},\"author\":{\"name\":\"La r\u00e9daction\",\"@id\":\"https:\\\/\\\/www.info-algerie.com\\\/actualites\\\/#\\\/schema\\\/person\\\/847aaec44920825b843a08f30ec6aa1e\"},\"headline\":\"Un terroriste arr\u00eat\u00e9 et des armes r\u00e9cup\u00e9r\u00e9es \u00e0 Jijel (MDN)\",\"datePublished\":\"2015-09-01T14:57:45+00:00\",\"mainEntityOfPage\":{\"@id\":\"https:\\\/\\\/www.info-algerie.com\\\/actualites\\\/un-terroriste-arrete-et-des-armes-recuperees-a-jijel-mdn\\\/\"},\"wordCount\":87,\"commentCount\":0,\"publisher\":{\"@id\":\"https:\\\/\\\/www.info-algerie.com\\\/actualites\\\/#organization\"},\"articleSection\":[\"immobilier\"],\"inLanguage\":\"fr-FR\",\"potentialAction\":[{\"@type\":\"CommentAction\",\"name\":\"Comment\",\"target\":[\"https:\\\/\\\/www.info-algerie.com\\\/actualites\\\/un-terroriste-arrete-et-des-armes-recuperees-a-jijel-mdn\\\/#respond\"]}]},{\"@type\":\"WebPage\",\"@id\":\"https:\\\/\\\/www.info-algerie.com\\\/actualites\\\/un-terroriste-arrete-et-des-armes-recuperees-a-jijel-mdn\\\/\",\"url\":\"https:\\\/\\\/www.info-algerie.com\\\/actualites\\\/un-terroriste-arrete-et-des-armes-recuperees-a-jijel-mdn\\\/\",\"name\":\"Un terroriste arr\u00eat\u00e9 et des armes r\u00e9cup\u00e9r\u00e9es \u00e0 Jijel (MDN) - info algerie\",\"isPartOf\":{\"@id\":\"https:\\\/\\\/www.info-algerie.com\\\/actualites\\\/#website\"},\"datePublished\":\"2015-09-01T14:57:45+00:00\",\"breadcrumb\":{\"@id\":\"https:\\\/\\\/www.info-algerie.com\\\/actualites\\\/un-terroriste-arrete-et-des-armes-recuperees-a-jijel-mdn\\\/#breadcrumb\"},\"inLanguage\":\"fr-FR\",\"potentialAction\":[{\"@type\":\"ReadAction\",\"target\":[\"https:\\\/\\\/www.info-algerie.com\\\/actualites\\\/un-terroriste-arrete-et-des-armes-recuperees-a-jijel-mdn\\\/\"]}]},{\"@type\":\"BreadcrumbList\",\"@id\":\"https:\\\/\\\/www.info-algerie.com\\\/actualites\\\/un-terroriste-arrete-et-des-armes-recuperees-a-jijel-mdn\\\/#breadcrumb\",\"itemListElement\":[{\"@type\":\"ListItem\",\"position\":1,\"name\":\"Accueil\",\"item\":\"https:\\\/\\\/www.info-algerie.com\\\/actualites\\\/\"},{\"@type\":\"ListItem\",\"position\":2,\"name\":\"Un terroriste arr\u00eat\u00e9 et des armes r\u00e9cup\u00e9r\u00e9es \u00e0 Jijel (MDN)\"}]},{\"@type\":\"WebSite\",\"@id\":\"https:\\\/\\\/www.info-algerie.com\\\/actualites\\\/#website\",\"url\":\"https:\\\/\\\/www.info-algerie.com\\\/actualites\\\/\",\"name\":\"info algerie\",\"description\":\"Toutes les actualit\u00e9s\",\"publisher\":{\"@id\":\"https:\\\/\\\/www.info-algerie.com\\\/actualites\\\/#organization\"},\"potentialAction\":[{\"@type\":\"SearchAction\",\"target\":{\"@type\":\"EntryPoint\",\"urlTemplate\":\"https:\\\/\\\/www.info-algerie.com\\\/actualites\\\/?s={search_term_string}\"},\"query-input\":{\"@type\":\"PropertyValueSpecification\",\"valueRequired\":true,\"valueName\":\"search_term_string\"}}],\"inLanguage\":\"fr-FR\"},{\"@type\":\"Organization\",\"@id\":\"https:\\\/\\\/www.info-algerie.com\\\/actualites\\\/#organization\",\"name\":\"info algerie\",\"url\":\"https:\\\/\\\/www.info-algerie.com\\\/actualites\\\/\",\"logo\":{\"@type\":\"ImageObject\",\"inLanguage\":\"fr-FR\",\"@id\":\"https:\\\/\\\/www.info-algerie.com\\\/actualites\\\/#\\\/schema\\\/logo\\\/image\\\/\",\"url\":\"https:\\\/\\\/www.info-algerie.com\\\/actualites\\\/wp-content\\\/uploads\\\/2022\\\/07\\\/logo-ia-120.png\",\"contentUrl\":\"https:\\\/\\\/www.info-algerie.com\\\/actualites\\\/wp-content\\\/uploads\\\/2022\\\/07\\\/logo-ia-120.png\",\"width\":120,\"height\":43,\"caption\":\"info algerie\"},\"image\":{\"@id\":\"https:\\\/\\\/www.info-algerie.com\\\/actualites\\\/#\\\/schema\\\/logo\\\/image\\\/\"},\"sameAs\":[\"https:\\\/\\\/www.facebook.com\\\/infoalgerieactu\",\"https:\\\/\\\/x.com\\\/infoalgerie1\"]},{\"@type\":\"Person\",\"@id\":\"https:\\\/\\\/www.info-algerie.com\\\/actualites\\\/#\\\/schema\\\/person\\\/847aaec44920825b843a08f30ec6aa1e\",\"name\":\"La r\u00e9daction\",\"image\":{\"@type\":\"ImageObject\",\"inLanguage\":\"fr-FR\",\"@id\":\"https:\\\/\\\/secure.gravatar.com\\\/avatar\\\/769db425c6f465158149f1ffd6cf61ce7a8a879d11dfbef8288af36dfddd418c?s=96&d=mm&r=g\",\"url\":\"https:\\\/\\\/secure.gravatar.com\\\/avatar\\\/769db425c6f465158149f1ffd6cf61ce7a8a879d11dfbef8288af36dfddd418c?s=96&d=mm&r=g\",\"contentUrl\":\"https:\\\/\\\/secure.gravatar.com\\\/avatar\\\/769db425c6f465158149f1ffd6cf61ce7a8a879d11dfbef8288af36dfddd418c?s=96&d=mm&r=g\",\"caption\":\"La r\u00e9daction\"},\"sameAs\":[\"http:\\\/\\\/www.lkeria.com\\\/\"],\"url\":\"https:\\\/\\\/www.info-algerie.com\\\/actualites\\\/author\\\/chakib32\\\/\"}]}<\/script>\n<!-- \/ Yoast SEO plugin. -->","yoast_head_json":{"title":"Un terroriste arr\u00eat\u00e9 et des armes r\u00e9cup\u00e9r\u00e9es \u00e0 Jijel (MDN) - info algerie","robots":{"index":"index","follow":"follow","max-snippet":"max-snippet:-1","max-image-preview":"max-image-preview:large","max-video-preview":"max-video-preview:-1"},"canonical":"https:\/\/www.info-algerie.com\/actualites\/un-terroriste-arrete-et-des-armes-recuperees-a-jijel-mdn\/","og_locale":"fr_FR","og_type":"article","og_title":"Un terroriste arr\u00eat\u00e9 et des armes r\u00e9cup\u00e9r\u00e9es \u00e0 Jijel (MDN) - info algerie","og_description":"ALGER &#8211; Un terroriste a \u00e9t\u00e9 arr\u00eat\u00e9 et des armes et munitions ont \u00e9t\u00e9 r\u00e9cup\u00e9r\u00e9es, lundi, par un d\u00e9tachement relevant du secteur op\u00e9rationnel de Jijel dans la 5\u00e8me r\u00e9gion militaire, indique mardi un communiqu\u00e9 du minist\u00e8re de la d\u00e9fense nationale. \u00ab\u00a0Dans le cadre de la lutte antiterroriste, un d\u00e9tachement relevant\u2026 &#013; Source: Un terroriste arr\u00eat\u00e9","og_url":"https:\/\/www.info-algerie.com\/actualites\/un-terroriste-arrete-et-des-armes-recuperees-a-jijel-mdn\/","og_site_name":"info algerie","article_publisher":"https:\/\/www.facebook.com\/infoalgerieactu","article_published_time":"2015-09-01T14:57:45+00:00","author":"La r\u00e9daction","twitter_misc":{"\u00c9crit par":"La r\u00e9daction"},"schema":{"@context":"https:\/\/schema.org","@graph":[{"@type":"Article","@id":"https:\/\/www.info-algerie.com\/actualites\/un-terroriste-arrete-et-des-armes-recuperees-a-jijel-mdn\/#article","isPartOf":{"@id":"https:\/\/www.info-algerie.com\/actualites\/un-terroriste-arrete-et-des-armes-recuperees-a-jijel-mdn\/"},"author":{"name":"La r\u00e9daction","@id":"https:\/\/www.info-algerie.com\/actualites\/#\/schema\/person\/847aaec44920825b843a08f30ec6aa1e"},"headline":"Un terroriste arr\u00eat\u00e9 et des armes r\u00e9cup\u00e9r\u00e9es \u00e0 Jijel (MDN)","datePublished":"2015-09-01T14:57:45+00:00","mainEntityOfPage":{"@id":"https:\/\/www.info-algerie.com\/actualites\/un-terroriste-arrete-et-des-armes-recuperees-a-jijel-mdn\/"},"wordCount":87,"commentCount":0,"publisher":{"@id":"https:\/\/www.info-algerie.com\/actualites\/#organization"},"articleSection":["immobilier"],"inLanguage":"fr-FR","potentialAction":[{"@type":"CommentAction","name":"Comment","target":["https:\/\/www.info-algerie.com\/actualites\/un-terroriste-arrete-et-des-armes-recuperees-a-jijel-mdn\/#respond"]}]},{"@type":"WebPage","@id":"https:\/\/www.info-algerie.com\/actualites\/un-terroriste-arrete-et-des-armes-recuperees-a-jijel-mdn\/","url":"https:\/\/www.info-algerie.com\/actualites\/un-terroriste-arrete-et-des-armes-recuperees-a-jijel-mdn\/","name":"Un terroriste arr\u00eat\u00e9 et des armes r\u00e9cup\u00e9r\u00e9es \u00e0 Jijel (MDN) - info algerie","isPartOf":{"@id":"https:\/\/www.info-algerie.com\/actualites\/#website"},"datePublished":"2015-09-01T14:57:45+00:00","breadcrumb":{"@id":"https:\/\/www.info-algerie.com\/actualites\/un-terroriste-arrete-et-des-armes-recuperees-a-jijel-mdn\/#breadcrumb"},"inLanguage":"fr-FR","potentialAction":[{"@type":"ReadAction","target":["https:\/\/www.info-algerie.com\/actualites\/un-terroriste-arrete-et-des-armes-recuperees-a-jijel-mdn\/"]}]},{"@type":"BreadcrumbList","@id":"https:\/\/www.info-algerie.com\/actualites\/un-terroriste-arrete-et-des-armes-recuperees-a-jijel-mdn\/#breadcrumb","itemListElement":[{"@type":"ListItem","position":1,"name":"Accueil","item":"https:\/\/www.info-algerie.com\/actualites\/"},{"@type":"ListItem","position":2,"name":"Un terroriste arr\u00eat\u00e9 et des armes r\u00e9cup\u00e9r\u00e9es \u00e0 Jijel (MDN)"}]},{"@type":"WebSite","@id":"https:\/\/www.info-algerie.com\/actualites\/#website","url":"https:\/\/www.info-algerie.com\/actualites\/","name":"info algerie","description":"Toutes les actualit\u00e9s","publisher":{"@id":"https:\/\/www.info-algerie.com\/actualites\/#organization"},"potentialAction":[{"@type":"SearchAction","target":{"@type":"EntryPoint","urlTemplate":"https:\/\/www.info-algerie.com\/actualites\/?s={search_term_string}"},"query-input":{"@type":"PropertyValueSpecification","valueRequired":true,"valueName":"search_term_string"}}],"inLanguage":"fr-FR"},{"@type":"Organization","@id":"https:\/\/www.info-algerie.com\/actualites\/#organization","name":"info algerie","url":"https:\/\/www.info-algerie.com\/actualites\/","logo":{"@type":"ImageObject","inLanguage":"fr-FR","@id":"https:\/\/www.info-algerie.com\/actualites\/#\/schema\/logo\/image\/","url":"https:\/\/www.info-algerie.com\/actualites\/wp-content\/uploads\/2022\/07\/logo-ia-120.png","contentUrl":"https:\/\/www.info-algerie.com\/actualites\/wp-content\/uploads\/2022\/07\/logo-ia-120.png","width":120,"height":43,"caption":"info algerie"},"image":{"@id":"https:\/\/www.info-algerie.com\/actualites\/#\/schema\/logo\/image\/"},"sameAs":["https:\/\/www.facebook.com\/infoalgerieactu","https:\/\/x.com\/infoalgerie1"]},{"@type":"Person","@id":"https:\/\/www.info-algerie.com\/actualites\/#\/schema\/person\/847aaec44920825b843a08f30ec6aa1e","name":"La r\u00e9daction","image":{"@type":"ImageObject","inLanguage":"fr-FR","@id":"https:\/\/secure.gravatar.com\/avatar\/769db425c6f465158149f1ffd6cf61ce7a8a879d11dfbef8288af36dfddd418c?s=96&d=mm&r=g","url":"https:\/\/secure.gravatar.com\/avatar\/769db425c6f465158149f1ffd6cf61ce7a8a879d11dfbef8288af36dfddd418c?s=96&d=mm&r=g","contentUrl":"https:\/\/secure.gravatar.com\/avatar\/769db425c6f465158149f1ffd6cf61ce7a8a879d11dfbef8288af36dfddd418c?s=96&d=mm&r=g","caption":"La r\u00e9daction"},"sameAs":["http:\/\/www.lkeria.com\/"],"url":"https:\/\/www.info-algerie.com\/actualites\/author\/chakib32\/"}]}},"_links":{"self":[{"href":"https:\/\/www.info-algerie.com\/actualites\/wp-json\/wp\/v2\/posts\/494","targetHints":{"allow":["GET"]}}],"collection":[{"href":"https:\/\/www.info-algerie.com\/actualites\/wp-json\/wp\/v2\/posts"}],"about":[{"href":"https:\/\/www.info-algerie.com\/actualites\/wp-json\/wp\/v2\/types\/post"}],"author":[{"embeddable":true,"href":"https:\/\/www.info-algerie.com\/actualites\/wp-json\/wp\/v2\/users\/6"}],"replies":[{"embeddable":true,"href":"https:\/\/www.info-algerie.com\/actualites\/wp-json\/wp\/v2\/comments?post=494"}],"version-history":[{"count":0,"href":"https:\/\/www.info-algerie.com\/actualites\/wp-json\/wp\/v2\/posts\/494\/revisions"}],"wp:attachment":[{"href":"https:\/\/www.info-algerie.com\/actualites\/wp-json\/wp\/v2\/media?parent=494"}],"wp:term":[{"taxonomy":"category","embeddable":true,"href":"https:\/\/www.info-algerie.com\/actualites\/wp-json\/wp\/v2\/categories?post=494"},{"taxonomy":"post_tag","embeddable":true,"href":"https:\/\/www.info-algerie.com\/actualites\/wp-json\/wp\/v2\/tags?post=494"}],"curies":[{"name":"wp","href":"https:\/\/api.w.org\/{rel}","templated":true}]}}