{"id":497,"date":"2015-09-01T17:12:42","date_gmt":"2015-09-01T16:12:42","guid":{"rendered":"http:\/\/www.info-algerie.com\/actualites\/lalgerie-et-le-mali-sengagent-a-renforcer-la-concertation-et-le-dialogue-bilateral-a-tous-les-niveaux\/"},"modified":"2015-09-01T17:12:42","modified_gmt":"2015-09-01T16:12:42","slug":"lalgerie-et-le-mali-sengagent-a-renforcer-la-concertation-et-le-dialogue-bilateral-a-tous-les-niveaux","status":"publish","type":"post","link":"https:\/\/www.info-algerie.com\/actualites\/lalgerie-et-le-mali-sengagent-a-renforcer-la-concertation-et-le-dialogue-bilateral-a-tous-les-niveaux\/","title":{"rendered":"L&#039;Alg\u00e9rie et le Mali s&#039;engagent \u00e0 renforcer la concertation et le dialogue bilat\u00e9ral \u00e0 tous les niveaux"},"content":{"rendered":"<div class=\"K2FeedImage\"><img decoding=\"async\" src=\"\" alt=\"L'Alg&#xE9;rie et le Mali s'engagent &#xE0; renforcer la concertation et le dialogue bilat&#xE9;ral &#xE0; tous les niveaux\" \/><\/div>\n<div class=\"K2FeedIntroText\"> ALGER &#8211; L&rsquo;Alg\u00e9rie et le Mali ont relev\u00e9 \u00ab\u00a0avec satisfaction\u00a0\u00bb leur convergence de vues sur les questions r\u00e9gionales et internationales, exprimant leur engagement \u00e0 renforcer la concertation et le dialogue bilat\u00e9ral \u00ab\u00a0\u00e0 tous les niveaux et en toutes occasions\u00a0\u00bb, indique mardi un communiqu\u00e9 conjoint rendu public \u00e0 l&rsquo;issue de la\u2026<\/div>\n<p>&#013;<br \/>\nSource: <a href=\"http:\/\/www.aps.dz\/algerie\/27911-l-alg%C3%A9rie-et-le-mali-s-engagent-%C3%A0-renforcer-la-concertation-et-le-dialogue-bilat%C3%A9ral-%C3%A0-tous-les-niveaux\" target=\"_blank\">L&rsquo;Alg\u00e9rie et le Mali s&rsquo;engagent \u00e0 renforcer la concertation et le dialogue bilat\u00e9ral \u00e0 tous les niveaux<\/a><\/p>\n<!--CusAds0-->\n<div style=\"font-size: 0px; height: 0px; line-height: 0px; margin: 0; padding: 0; clear: both;\"><\/div>","protected":false},"excerpt":{"rendered":"<p>ALGER &#8211; L&rsquo;Alg\u00e9rie et le Mali ont relev\u00e9 \u00ab\u00a0avec satisfaction\u00a0\u00bb leur convergence de vues sur les questions r\u00e9gionales et internationales, exprimant leur engagement \u00e0 renforcer la concertation et le dialogue bilat\u00e9ral \u00ab\u00a0\u00e0 tous les niveaux et en toutes occasions\u00a0\u00bb, indique mardi un communiqu\u00e9 conjoint rendu public \u00e0 l&rsquo;issue de la\u2026 &#013; Source: L&rsquo;Alg\u00e9rie et le<\/p>\n","protected":false},"author":6,"featured_media":0,"comment_status":"open","ping_status":"open","sticky":false,"template":"","format":"standard","meta":{"footnotes":""},"categories":[8],"tags":[],"class_list":["post-497","post","type-post","status-publish","format-standard","hentry","category-immobilier"],"yoast_head":"<!-- This site is optimized with the Yoast SEO plugin v27.5 - https:\/\/yoast.com\/product\/yoast-seo-wordpress\/ -->\n<title>L&#039;Alg\u00e9rie et le Mali s&#039;engagent \u00e0 renforcer la concertation et le dialogue bilat\u00e9ral \u00e0 tous les niveaux - info algerie<\/title>\n<meta name=\"robots\" content=\"index, follow, max-snippet:-1, max-image-preview:large, max-video-preview:-1\" \/>\n<link rel=\"canonical\" href=\"https:\/\/www.info-algerie.com\/actualites\/lalgerie-et-le-mali-sengagent-a-renforcer-la-concertation-et-le-dialogue-bilateral-a-tous-les-niveaux\/\" \/>\n<meta property=\"og:locale\" content=\"fr_FR\" \/>\n<meta property=\"og:type\" content=\"article\" \/>\n<meta property=\"og:title\" content=\"L&#039;Alg\u00e9rie et le Mali s&#039;engagent \u00e0 renforcer la concertation et le dialogue bilat\u00e9ral \u00e0 tous les niveaux - info algerie\" \/>\n<meta property=\"og:description\" content=\"ALGER &#8211; L&rsquo;Alg\u00e9rie et le Mali ont relev\u00e9 \u00ab\u00a0avec satisfaction\u00a0\u00bb leur convergence de vues sur les questions r\u00e9gionales et internationales, exprimant leur engagement \u00e0 renforcer la concertation et le dialogue bilat\u00e9ral \u00ab\u00a0\u00e0 tous les niveaux et en toutes occasions\u00a0\u00bb, indique mardi un communiqu\u00e9 conjoint rendu public \u00e0 l&rsquo;issue de la\u2026 &#013; Source: L&rsquo;Alg\u00e9rie et le\" \/>\n<meta property=\"og:url\" content=\"https:\/\/www.info-algerie.com\/actualites\/lalgerie-et-le-mali-sengagent-a-renforcer-la-concertation-et-le-dialogue-bilateral-a-tous-les-niveaux\/\" \/>\n<meta property=\"og:site_name\" content=\"info algerie\" \/>\n<meta property=\"article:publisher\" content=\"https:\/\/www.facebook.com\/infoalgerieactu\" \/>\n<meta property=\"article:published_time\" content=\"2015-09-01T16:12:42+00:00\" \/>\n<meta name=\"author\" content=\"La r\u00e9daction\" \/>\n<meta name=\"twitter:label1\" content=\"\u00c9crit par\" \/>\n\t<meta name=\"twitter:data1\" content=\"La r\u00e9daction\" \/>\n<script type=\"application\/ld+json\" class=\"yoast-schema-graph\">{\"@context\":\"https:\\\/\\\/schema.org\",\"@graph\":[{\"@type\":\"Article\",\"@id\":\"https:\\\/\\\/www.info-algerie.com\\\/actualites\\\/lalgerie-et-le-mali-sengagent-a-renforcer-la-concertation-et-le-dialogue-bilateral-a-tous-les-niveaux\\\/#article\",\"isPartOf\":{\"@id\":\"https:\\\/\\\/www.info-algerie.com\\\/actualites\\\/lalgerie-et-le-mali-sengagent-a-renforcer-la-concertation-et-le-dialogue-bilateral-a-tous-les-niveaux\\\/\"},\"author\":{\"name\":\"La r\u00e9daction\",\"@id\":\"https:\\\/\\\/www.info-algerie.com\\\/actualites\\\/#\\\/schema\\\/person\\\/847aaec44920825b843a08f30ec6aa1e\"},\"headline\":\"L&#039;Alg\u00e9rie et le Mali s&#039;engagent \u00e0 renforcer la concertation et le dialogue bilat\u00e9ral \u00e0 tous les niveaux\",\"datePublished\":\"2015-09-01T16:12:42+00:00\",\"mainEntityOfPage\":{\"@id\":\"https:\\\/\\\/www.info-algerie.com\\\/actualites\\\/lalgerie-et-le-mali-sengagent-a-renforcer-la-concertation-et-le-dialogue-bilateral-a-tous-les-niveaux\\\/\"},\"wordCount\":91,\"commentCount\":0,\"publisher\":{\"@id\":\"https:\\\/\\\/www.info-algerie.com\\\/actualites\\\/#organization\"},\"articleSection\":[\"immobilier\"],\"inLanguage\":\"fr-FR\",\"potentialAction\":[{\"@type\":\"CommentAction\",\"name\":\"Comment\",\"target\":[\"https:\\\/\\\/www.info-algerie.com\\\/actualites\\\/lalgerie-et-le-mali-sengagent-a-renforcer-la-concertation-et-le-dialogue-bilateral-a-tous-les-niveaux\\\/#respond\"]}]},{\"@type\":\"WebPage\",\"@id\":\"https:\\\/\\\/www.info-algerie.com\\\/actualites\\\/lalgerie-et-le-mali-sengagent-a-renforcer-la-concertation-et-le-dialogue-bilateral-a-tous-les-niveaux\\\/\",\"url\":\"https:\\\/\\\/www.info-algerie.com\\\/actualites\\\/lalgerie-et-le-mali-sengagent-a-renforcer-la-concertation-et-le-dialogue-bilateral-a-tous-les-niveaux\\\/\",\"name\":\"L&#039;Alg\u00e9rie et le Mali s&#039;engagent \u00e0 renforcer la concertation et le dialogue bilat\u00e9ral \u00e0 tous les niveaux - info algerie\",\"isPartOf\":{\"@id\":\"https:\\\/\\\/www.info-algerie.com\\\/actualites\\\/#website\"},\"datePublished\":\"2015-09-01T16:12:42+00:00\",\"breadcrumb\":{\"@id\":\"https:\\\/\\\/www.info-algerie.com\\\/actualites\\\/lalgerie-et-le-mali-sengagent-a-renforcer-la-concertation-et-le-dialogue-bilateral-a-tous-les-niveaux\\\/#breadcrumb\"},\"inLanguage\":\"fr-FR\",\"potentialAction\":[{\"@type\":\"ReadAction\",\"target\":[\"https:\\\/\\\/www.info-algerie.com\\\/actualites\\\/lalgerie-et-le-mali-sengagent-a-renforcer-la-concertation-et-le-dialogue-bilateral-a-tous-les-niveaux\\\/\"]}]},{\"@type\":\"BreadcrumbList\",\"@id\":\"https:\\\/\\\/www.info-algerie.com\\\/actualites\\\/lalgerie-et-le-mali-sengagent-a-renforcer-la-concertation-et-le-dialogue-bilateral-a-tous-les-niveaux\\\/#breadcrumb\",\"itemListElement\":[{\"@type\":\"ListItem\",\"position\":1,\"name\":\"Accueil\",\"item\":\"https:\\\/\\\/www.info-algerie.com\\\/actualites\\\/\"},{\"@type\":\"ListItem\",\"position\":2,\"name\":\"L&#039;Alg\u00e9rie et le Mali s&#039;engagent \u00e0 renforcer la concertation et le dialogue bilat\u00e9ral \u00e0 tous les niveaux\"}]},{\"@type\":\"WebSite\",\"@id\":\"https:\\\/\\\/www.info-algerie.com\\\/actualites\\\/#website\",\"url\":\"https:\\\/\\\/www.info-algerie.com\\\/actualites\\\/\",\"name\":\"info algerie\",\"description\":\"Toutes les actualit\u00e9s\",\"publisher\":{\"@id\":\"https:\\\/\\\/www.info-algerie.com\\\/actualites\\\/#organization\"},\"potentialAction\":[{\"@type\":\"SearchAction\",\"target\":{\"@type\":\"EntryPoint\",\"urlTemplate\":\"https:\\\/\\\/www.info-algerie.com\\\/actualites\\\/?s={search_term_string}\"},\"query-input\":{\"@type\":\"PropertyValueSpecification\",\"valueRequired\":true,\"valueName\":\"search_term_string\"}}],\"inLanguage\":\"fr-FR\"},{\"@type\":\"Organization\",\"@id\":\"https:\\\/\\\/www.info-algerie.com\\\/actualites\\\/#organization\",\"name\":\"info algerie\",\"url\":\"https:\\\/\\\/www.info-algerie.com\\\/actualites\\\/\",\"logo\":{\"@type\":\"ImageObject\",\"inLanguage\":\"fr-FR\",\"@id\":\"https:\\\/\\\/www.info-algerie.com\\\/actualites\\\/#\\\/schema\\\/logo\\\/image\\\/\",\"url\":\"https:\\\/\\\/www.info-algerie.com\\\/actualites\\\/wp-content\\\/uploads\\\/2022\\\/07\\\/logo-ia-120.png\",\"contentUrl\":\"https:\\\/\\\/www.info-algerie.com\\\/actualites\\\/wp-content\\\/uploads\\\/2022\\\/07\\\/logo-ia-120.png\",\"width\":120,\"height\":43,\"caption\":\"info algerie\"},\"image\":{\"@id\":\"https:\\\/\\\/www.info-algerie.com\\\/actualites\\\/#\\\/schema\\\/logo\\\/image\\\/\"},\"sameAs\":[\"https:\\\/\\\/www.facebook.com\\\/infoalgerieactu\",\"https:\\\/\\\/x.com\\\/infoalgerie1\"]},{\"@type\":\"Person\",\"@id\":\"https:\\\/\\\/www.info-algerie.com\\\/actualites\\\/#\\\/schema\\\/person\\\/847aaec44920825b843a08f30ec6aa1e\",\"name\":\"La r\u00e9daction\",\"image\":{\"@type\":\"ImageObject\",\"inLanguage\":\"fr-FR\",\"@id\":\"https:\\\/\\\/secure.gravatar.com\\\/avatar\\\/769db425c6f465158149f1ffd6cf61ce7a8a879d11dfbef8288af36dfddd418c?s=96&d=mm&r=g\",\"url\":\"https:\\\/\\\/secure.gravatar.com\\\/avatar\\\/769db425c6f465158149f1ffd6cf61ce7a8a879d11dfbef8288af36dfddd418c?s=96&d=mm&r=g\",\"contentUrl\":\"https:\\\/\\\/secure.gravatar.com\\\/avatar\\\/769db425c6f465158149f1ffd6cf61ce7a8a879d11dfbef8288af36dfddd418c?s=96&d=mm&r=g\",\"caption\":\"La r\u00e9daction\"},\"sameAs\":[\"http:\\\/\\\/www.lkeria.com\\\/\"],\"url\":\"https:\\\/\\\/www.info-algerie.com\\\/actualites\\\/author\\\/chakib32\\\/\"}]}<\/script>\n<!-- \/ Yoast SEO plugin. -->","yoast_head_json":{"title":"L&#039;Alg\u00e9rie et le Mali s&#039;engagent \u00e0 renforcer la concertation et le dialogue bilat\u00e9ral \u00e0 tous les niveaux - info algerie","robots":{"index":"index","follow":"follow","max-snippet":"max-snippet:-1","max-image-preview":"max-image-preview:large","max-video-preview":"max-video-preview:-1"},"canonical":"https:\/\/www.info-algerie.com\/actualites\/lalgerie-et-le-mali-sengagent-a-renforcer-la-concertation-et-le-dialogue-bilateral-a-tous-les-niveaux\/","og_locale":"fr_FR","og_type":"article","og_title":"L&#039;Alg\u00e9rie et le Mali s&#039;engagent \u00e0 renforcer la concertation et le dialogue bilat\u00e9ral \u00e0 tous les niveaux - info algerie","og_description":"ALGER &#8211; L&rsquo;Alg\u00e9rie et le Mali ont relev\u00e9 \u00ab\u00a0avec satisfaction\u00a0\u00bb leur convergence de vues sur les questions r\u00e9gionales et internationales, exprimant leur engagement \u00e0 renforcer la concertation et le dialogue bilat\u00e9ral \u00ab\u00a0\u00e0 tous les niveaux et en toutes occasions\u00a0\u00bb, indique mardi un communiqu\u00e9 conjoint rendu public \u00e0 l&rsquo;issue de la\u2026 &#013; Source: L&rsquo;Alg\u00e9rie et le","og_url":"https:\/\/www.info-algerie.com\/actualites\/lalgerie-et-le-mali-sengagent-a-renforcer-la-concertation-et-le-dialogue-bilateral-a-tous-les-niveaux\/","og_site_name":"info algerie","article_publisher":"https:\/\/www.facebook.com\/infoalgerieactu","article_published_time":"2015-09-01T16:12:42+00:00","author":"La r\u00e9daction","twitter_misc":{"\u00c9crit par":"La r\u00e9daction"},"schema":{"@context":"https:\/\/schema.org","@graph":[{"@type":"Article","@id":"https:\/\/www.info-algerie.com\/actualites\/lalgerie-et-le-mali-sengagent-a-renforcer-la-concertation-et-le-dialogue-bilateral-a-tous-les-niveaux\/#article","isPartOf":{"@id":"https:\/\/www.info-algerie.com\/actualites\/lalgerie-et-le-mali-sengagent-a-renforcer-la-concertation-et-le-dialogue-bilateral-a-tous-les-niveaux\/"},"author":{"name":"La r\u00e9daction","@id":"https:\/\/www.info-algerie.com\/actualites\/#\/schema\/person\/847aaec44920825b843a08f30ec6aa1e"},"headline":"L&#039;Alg\u00e9rie et le Mali s&#039;engagent \u00e0 renforcer la concertation et le dialogue bilat\u00e9ral \u00e0 tous les niveaux","datePublished":"2015-09-01T16:12:42+00:00","mainEntityOfPage":{"@id":"https:\/\/www.info-algerie.com\/actualites\/lalgerie-et-le-mali-sengagent-a-renforcer-la-concertation-et-le-dialogue-bilateral-a-tous-les-niveaux\/"},"wordCount":91,"commentCount":0,"publisher":{"@id":"https:\/\/www.info-algerie.com\/actualites\/#organization"},"articleSection":["immobilier"],"inLanguage":"fr-FR","potentialAction":[{"@type":"CommentAction","name":"Comment","target":["https:\/\/www.info-algerie.com\/actualites\/lalgerie-et-le-mali-sengagent-a-renforcer-la-concertation-et-le-dialogue-bilateral-a-tous-les-niveaux\/#respond"]}]},{"@type":"WebPage","@id":"https:\/\/www.info-algerie.com\/actualites\/lalgerie-et-le-mali-sengagent-a-renforcer-la-concertation-et-le-dialogue-bilateral-a-tous-les-niveaux\/","url":"https:\/\/www.info-algerie.com\/actualites\/lalgerie-et-le-mali-sengagent-a-renforcer-la-concertation-et-le-dialogue-bilateral-a-tous-les-niveaux\/","name":"L&#039;Alg\u00e9rie et le Mali s&#039;engagent \u00e0 renforcer la concertation et le dialogue bilat\u00e9ral \u00e0 tous les niveaux - info algerie","isPartOf":{"@id":"https:\/\/www.info-algerie.com\/actualites\/#website"},"datePublished":"2015-09-01T16:12:42+00:00","breadcrumb":{"@id":"https:\/\/www.info-algerie.com\/actualites\/lalgerie-et-le-mali-sengagent-a-renforcer-la-concertation-et-le-dialogue-bilateral-a-tous-les-niveaux\/#breadcrumb"},"inLanguage":"fr-FR","potentialAction":[{"@type":"ReadAction","target":["https:\/\/www.info-algerie.com\/actualites\/lalgerie-et-le-mali-sengagent-a-renforcer-la-concertation-et-le-dialogue-bilateral-a-tous-les-niveaux\/"]}]},{"@type":"BreadcrumbList","@id":"https:\/\/www.info-algerie.com\/actualites\/lalgerie-et-le-mali-sengagent-a-renforcer-la-concertation-et-le-dialogue-bilateral-a-tous-les-niveaux\/#breadcrumb","itemListElement":[{"@type":"ListItem","position":1,"name":"Accueil","item":"https:\/\/www.info-algerie.com\/actualites\/"},{"@type":"ListItem","position":2,"name":"L&#039;Alg\u00e9rie et le Mali s&#039;engagent \u00e0 renforcer la concertation et le dialogue bilat\u00e9ral \u00e0 tous les niveaux"}]},{"@type":"WebSite","@id":"https:\/\/www.info-algerie.com\/actualites\/#website","url":"https:\/\/www.info-algerie.com\/actualites\/","name":"info algerie","description":"Toutes les actualit\u00e9s","publisher":{"@id":"https:\/\/www.info-algerie.com\/actualites\/#organization"},"potentialAction":[{"@type":"SearchAction","target":{"@type":"EntryPoint","urlTemplate":"https:\/\/www.info-algerie.com\/actualites\/?s={search_term_string}"},"query-input":{"@type":"PropertyValueSpecification","valueRequired":true,"valueName":"search_term_string"}}],"inLanguage":"fr-FR"},{"@type":"Organization","@id":"https:\/\/www.info-algerie.com\/actualites\/#organization","name":"info algerie","url":"https:\/\/www.info-algerie.com\/actualites\/","logo":{"@type":"ImageObject","inLanguage":"fr-FR","@id":"https:\/\/www.info-algerie.com\/actualites\/#\/schema\/logo\/image\/","url":"https:\/\/www.info-algerie.com\/actualites\/wp-content\/uploads\/2022\/07\/logo-ia-120.png","contentUrl":"https:\/\/www.info-algerie.com\/actualites\/wp-content\/uploads\/2022\/07\/logo-ia-120.png","width":120,"height":43,"caption":"info algerie"},"image":{"@id":"https:\/\/www.info-algerie.com\/actualites\/#\/schema\/logo\/image\/"},"sameAs":["https:\/\/www.facebook.com\/infoalgerieactu","https:\/\/x.com\/infoalgerie1"]},{"@type":"Person","@id":"https:\/\/www.info-algerie.com\/actualites\/#\/schema\/person\/847aaec44920825b843a08f30ec6aa1e","name":"La r\u00e9daction","image":{"@type":"ImageObject","inLanguage":"fr-FR","@id":"https:\/\/secure.gravatar.com\/avatar\/769db425c6f465158149f1ffd6cf61ce7a8a879d11dfbef8288af36dfddd418c?s=96&d=mm&r=g","url":"https:\/\/secure.gravatar.com\/avatar\/769db425c6f465158149f1ffd6cf61ce7a8a879d11dfbef8288af36dfddd418c?s=96&d=mm&r=g","contentUrl":"https:\/\/secure.gravatar.com\/avatar\/769db425c6f465158149f1ffd6cf61ce7a8a879d11dfbef8288af36dfddd418c?s=96&d=mm&r=g","caption":"La r\u00e9daction"},"sameAs":["http:\/\/www.lkeria.com\/"],"url":"https:\/\/www.info-algerie.com\/actualites\/author\/chakib32\/"}]}},"_links":{"self":[{"href":"https:\/\/www.info-algerie.com\/actualites\/wp-json\/wp\/v2\/posts\/497","targetHints":{"allow":["GET"]}}],"collection":[{"href":"https:\/\/www.info-algerie.com\/actualites\/wp-json\/wp\/v2\/posts"}],"about":[{"href":"https:\/\/www.info-algerie.com\/actualites\/wp-json\/wp\/v2\/types\/post"}],"author":[{"embeddable":true,"href":"https:\/\/www.info-algerie.com\/actualites\/wp-json\/wp\/v2\/users\/6"}],"replies":[{"embeddable":true,"href":"https:\/\/www.info-algerie.com\/actualites\/wp-json\/wp\/v2\/comments?post=497"}],"version-history":[{"count":0,"href":"https:\/\/www.info-algerie.com\/actualites\/wp-json\/wp\/v2\/posts\/497\/revisions"}],"wp:attachment":[{"href":"https:\/\/www.info-algerie.com\/actualites\/wp-json\/wp\/v2\/media?parent=497"}],"wp:term":[{"taxonomy":"category","embeddable":true,"href":"https:\/\/www.info-algerie.com\/actualites\/wp-json\/wp\/v2\/categories?post=497"},{"taxonomy":"post_tag","embeddable":true,"href":"https:\/\/www.info-algerie.com\/actualites\/wp-json\/wp\/v2\/tags?post=497"}],"curies":[{"name":"wp","href":"https:\/\/api.w.org\/{rel}","templated":true}]}}