{"id":521,"date":"2015-09-02T15:12:00","date_gmt":"2015-09-02T14:12:00","guid":{"rendered":"http:\/\/www.info-algerie.com\/actualites\/le-projet-de-revision-constitutionnelle-pratiquement-pret-sellal\/"},"modified":"2015-09-02T15:12:00","modified_gmt":"2015-09-02T14:12:00","slug":"le-projet-de-revision-constitutionnelle-pratiquement-pret-sellal","status":"publish","type":"post","link":"https:\/\/www.info-algerie.com\/actualites\/le-projet-de-revision-constitutionnelle-pratiquement-pret-sellal\/","title":{"rendered":"Le projet de r\u00e9vision constitutionnelle &quot;pratiquement pr\u00eat&quot; (Sellal)"},"content":{"rendered":"<div class=\"K2FeedImage\"><img decoding=\"async\" src=\"\" \/><\/div>\n<div class=\"K2FeedIntroText\"> ALGER &#8211; Le Premier ministre, Abdelmalek Sellal, a r\u00e9affirm\u00e9 mercredi \u00e0 Alger que le projet de r\u00e9vision constitutionnelle initi\u00e9 par le pr\u00e9sident de la R\u00e9publique, Abdelaziz Bouteflika, \u00e9tait \u00ab\u00a0pratiquement pr\u00eat\u00a0\u00bb. \u00ab\u00a0Le projet de r\u00e9vision constitutionnelle est pratiquement pr\u00eat, et il appartient au pr\u00e9sident de la R\u00e9publique de le soumettre \u00e0\u2026<\/div>\n<p>&#013;<br \/>\nSource: <a href=\"http:\/\/www.aps.dz\/algerie\/27951-le-projet-de-r%C3%A9vision-constitutionnelle-pratiquement-pr%C3%AAt-sellal\" target=\"_blank\">Le projet de r\u00e9vision constitutionnelle \u00ab\u00a0pratiquement pr\u00eat\u00a0\u00bb (Sellal)<\/a><\/p>\n<!--CusAds0-->\n<div style=\"font-size: 0px; height: 0px; line-height: 0px; margin: 0; padding: 0; clear: both;\"><\/div>","protected":false},"excerpt":{"rendered":"<p>ALGER &#8211; Le Premier ministre, Abdelmalek Sellal, a r\u00e9affirm\u00e9 mercredi \u00e0 Alger que le projet de r\u00e9vision constitutionnelle initi\u00e9 par le pr\u00e9sident de la R\u00e9publique, Abdelaziz Bouteflika, \u00e9tait \u00ab\u00a0pratiquement pr\u00eat\u00a0\u00bb. \u00ab\u00a0Le projet de r\u00e9vision constitutionnelle est pratiquement pr\u00eat, et il appartient au pr\u00e9sident de la R\u00e9publique de le soumettre \u00e0\u2026 &#013; Source: Le projet de<\/p>\n","protected":false},"author":6,"featured_media":0,"comment_status":"open","ping_status":"open","sticky":false,"template":"","format":"standard","meta":{"footnotes":""},"categories":[8],"tags":[],"class_list":["post-521","post","type-post","status-publish","format-standard","hentry","category-immobilier"],"yoast_head":"<!-- This site is optimized with the Yoast SEO plugin v27.5 - https:\/\/yoast.com\/product\/yoast-seo-wordpress\/ -->\n<title>Le projet de r\u00e9vision constitutionnelle &quot;pratiquement pr\u00eat&quot; (Sellal) - info algerie<\/title>\n<meta name=\"robots\" content=\"index, follow, max-snippet:-1, max-image-preview:large, max-video-preview:-1\" \/>\n<link rel=\"canonical\" href=\"https:\/\/www.info-algerie.com\/actualites\/le-projet-de-revision-constitutionnelle-pratiquement-pret-sellal\/\" \/>\n<meta property=\"og:locale\" content=\"fr_FR\" \/>\n<meta property=\"og:type\" content=\"article\" \/>\n<meta property=\"og:title\" content=\"Le projet de r\u00e9vision constitutionnelle &quot;pratiquement pr\u00eat&quot; (Sellal) - info algerie\" \/>\n<meta property=\"og:description\" content=\"ALGER &#8211; Le Premier ministre, Abdelmalek Sellal, a r\u00e9affirm\u00e9 mercredi \u00e0 Alger que le projet de r\u00e9vision constitutionnelle initi\u00e9 par le pr\u00e9sident de la R\u00e9publique, Abdelaziz Bouteflika, \u00e9tait \u00ab\u00a0pratiquement pr\u00eat\u00a0\u00bb. \u00ab\u00a0Le projet de r\u00e9vision constitutionnelle est pratiquement pr\u00eat, et il appartient au pr\u00e9sident de la R\u00e9publique de le soumettre \u00e0\u2026 &#013; Source: Le projet de\" \/>\n<meta property=\"og:url\" content=\"https:\/\/www.info-algerie.com\/actualites\/le-projet-de-revision-constitutionnelle-pratiquement-pret-sellal\/\" \/>\n<meta property=\"og:site_name\" content=\"info algerie\" \/>\n<meta property=\"article:publisher\" content=\"https:\/\/www.facebook.com\/infoalgerieactu\" \/>\n<meta property=\"article:published_time\" content=\"2015-09-02T14:12:00+00:00\" \/>\n<meta name=\"author\" content=\"La r\u00e9daction\" \/>\n<meta name=\"twitter:label1\" content=\"\u00c9crit par\" \/>\n\t<meta name=\"twitter:data1\" content=\"La r\u00e9daction\" \/>\n<script type=\"application\/ld+json\" class=\"yoast-schema-graph\">{\"@context\":\"https:\\\/\\\/schema.org\",\"@graph\":[{\"@type\":\"Article\",\"@id\":\"https:\\\/\\\/www.info-algerie.com\\\/actualites\\\/le-projet-de-revision-constitutionnelle-pratiquement-pret-sellal\\\/#article\",\"isPartOf\":{\"@id\":\"https:\\\/\\\/www.info-algerie.com\\\/actualites\\\/le-projet-de-revision-constitutionnelle-pratiquement-pret-sellal\\\/\"},\"author\":{\"name\":\"La r\u00e9daction\",\"@id\":\"https:\\\/\\\/www.info-algerie.com\\\/actualites\\\/#\\\/schema\\\/person\\\/847aaec44920825b843a08f30ec6aa1e\"},\"headline\":\"Le projet de r\u00e9vision constitutionnelle &quot;pratiquement pr\u00eat&quot; (Sellal)\",\"datePublished\":\"2015-09-02T14:12:00+00:00\",\"mainEntityOfPage\":{\"@id\":\"https:\\\/\\\/www.info-algerie.com\\\/actualites\\\/le-projet-de-revision-constitutionnelle-pratiquement-pret-sellal\\\/\"},\"wordCount\":80,\"commentCount\":0,\"publisher\":{\"@id\":\"https:\\\/\\\/www.info-algerie.com\\\/actualites\\\/#organization\"},\"articleSection\":[\"immobilier\"],\"inLanguage\":\"fr-FR\",\"potentialAction\":[{\"@type\":\"CommentAction\",\"name\":\"Comment\",\"target\":[\"https:\\\/\\\/www.info-algerie.com\\\/actualites\\\/le-projet-de-revision-constitutionnelle-pratiquement-pret-sellal\\\/#respond\"]}]},{\"@type\":\"WebPage\",\"@id\":\"https:\\\/\\\/www.info-algerie.com\\\/actualites\\\/le-projet-de-revision-constitutionnelle-pratiquement-pret-sellal\\\/\",\"url\":\"https:\\\/\\\/www.info-algerie.com\\\/actualites\\\/le-projet-de-revision-constitutionnelle-pratiquement-pret-sellal\\\/\",\"name\":\"Le projet de r\u00e9vision constitutionnelle &quot;pratiquement pr\u00eat&quot; (Sellal) - info algerie\",\"isPartOf\":{\"@id\":\"https:\\\/\\\/www.info-algerie.com\\\/actualites\\\/#website\"},\"datePublished\":\"2015-09-02T14:12:00+00:00\",\"breadcrumb\":{\"@id\":\"https:\\\/\\\/www.info-algerie.com\\\/actualites\\\/le-projet-de-revision-constitutionnelle-pratiquement-pret-sellal\\\/#breadcrumb\"},\"inLanguage\":\"fr-FR\",\"potentialAction\":[{\"@type\":\"ReadAction\",\"target\":[\"https:\\\/\\\/www.info-algerie.com\\\/actualites\\\/le-projet-de-revision-constitutionnelle-pratiquement-pret-sellal\\\/\"]}]},{\"@type\":\"BreadcrumbList\",\"@id\":\"https:\\\/\\\/www.info-algerie.com\\\/actualites\\\/le-projet-de-revision-constitutionnelle-pratiquement-pret-sellal\\\/#breadcrumb\",\"itemListElement\":[{\"@type\":\"ListItem\",\"position\":1,\"name\":\"Accueil\",\"item\":\"https:\\\/\\\/www.info-algerie.com\\\/actualites\\\/\"},{\"@type\":\"ListItem\",\"position\":2,\"name\":\"Le projet de r\u00e9vision constitutionnelle &quot;pratiquement pr\u00eat&quot; (Sellal)\"}]},{\"@type\":\"WebSite\",\"@id\":\"https:\\\/\\\/www.info-algerie.com\\\/actualites\\\/#website\",\"url\":\"https:\\\/\\\/www.info-algerie.com\\\/actualites\\\/\",\"name\":\"info algerie\",\"description\":\"Toutes les actualit\u00e9s\",\"publisher\":{\"@id\":\"https:\\\/\\\/www.info-algerie.com\\\/actualites\\\/#organization\"},\"potentialAction\":[{\"@type\":\"SearchAction\",\"target\":{\"@type\":\"EntryPoint\",\"urlTemplate\":\"https:\\\/\\\/www.info-algerie.com\\\/actualites\\\/?s={search_term_string}\"},\"query-input\":{\"@type\":\"PropertyValueSpecification\",\"valueRequired\":true,\"valueName\":\"search_term_string\"}}],\"inLanguage\":\"fr-FR\"},{\"@type\":\"Organization\",\"@id\":\"https:\\\/\\\/www.info-algerie.com\\\/actualites\\\/#organization\",\"name\":\"info algerie\",\"url\":\"https:\\\/\\\/www.info-algerie.com\\\/actualites\\\/\",\"logo\":{\"@type\":\"ImageObject\",\"inLanguage\":\"fr-FR\",\"@id\":\"https:\\\/\\\/www.info-algerie.com\\\/actualites\\\/#\\\/schema\\\/logo\\\/image\\\/\",\"url\":\"https:\\\/\\\/www.info-algerie.com\\\/actualites\\\/wp-content\\\/uploads\\\/2022\\\/07\\\/logo-ia-120.png\",\"contentUrl\":\"https:\\\/\\\/www.info-algerie.com\\\/actualites\\\/wp-content\\\/uploads\\\/2022\\\/07\\\/logo-ia-120.png\",\"width\":120,\"height\":43,\"caption\":\"info algerie\"},\"image\":{\"@id\":\"https:\\\/\\\/www.info-algerie.com\\\/actualites\\\/#\\\/schema\\\/logo\\\/image\\\/\"},\"sameAs\":[\"https:\\\/\\\/www.facebook.com\\\/infoalgerieactu\",\"https:\\\/\\\/x.com\\\/infoalgerie1\"]},{\"@type\":\"Person\",\"@id\":\"https:\\\/\\\/www.info-algerie.com\\\/actualites\\\/#\\\/schema\\\/person\\\/847aaec44920825b843a08f30ec6aa1e\",\"name\":\"La r\u00e9daction\",\"image\":{\"@type\":\"ImageObject\",\"inLanguage\":\"fr-FR\",\"@id\":\"https:\\\/\\\/secure.gravatar.com\\\/avatar\\\/769db425c6f465158149f1ffd6cf61ce7a8a879d11dfbef8288af36dfddd418c?s=96&d=mm&r=g\",\"url\":\"https:\\\/\\\/secure.gravatar.com\\\/avatar\\\/769db425c6f465158149f1ffd6cf61ce7a8a879d11dfbef8288af36dfddd418c?s=96&d=mm&r=g\",\"contentUrl\":\"https:\\\/\\\/secure.gravatar.com\\\/avatar\\\/769db425c6f465158149f1ffd6cf61ce7a8a879d11dfbef8288af36dfddd418c?s=96&d=mm&r=g\",\"caption\":\"La r\u00e9daction\"},\"sameAs\":[\"http:\\\/\\\/www.lkeria.com\\\/\"],\"url\":\"https:\\\/\\\/www.info-algerie.com\\\/actualites\\\/author\\\/chakib32\\\/\"}]}<\/script>\n<!-- \/ Yoast SEO plugin. -->","yoast_head_json":{"title":"Le projet de r\u00e9vision constitutionnelle &quot;pratiquement pr\u00eat&quot; (Sellal) - info algerie","robots":{"index":"index","follow":"follow","max-snippet":"max-snippet:-1","max-image-preview":"max-image-preview:large","max-video-preview":"max-video-preview:-1"},"canonical":"https:\/\/www.info-algerie.com\/actualites\/le-projet-de-revision-constitutionnelle-pratiquement-pret-sellal\/","og_locale":"fr_FR","og_type":"article","og_title":"Le projet de r\u00e9vision constitutionnelle &quot;pratiquement pr\u00eat&quot; (Sellal) - info algerie","og_description":"ALGER &#8211; Le Premier ministre, Abdelmalek Sellal, a r\u00e9affirm\u00e9 mercredi \u00e0 Alger que le projet de r\u00e9vision constitutionnelle initi\u00e9 par le pr\u00e9sident de la R\u00e9publique, Abdelaziz Bouteflika, \u00e9tait \u00ab\u00a0pratiquement pr\u00eat\u00a0\u00bb. \u00ab\u00a0Le projet de r\u00e9vision constitutionnelle est pratiquement pr\u00eat, et il appartient au pr\u00e9sident de la R\u00e9publique de le soumettre \u00e0\u2026 &#013; Source: Le projet de","og_url":"https:\/\/www.info-algerie.com\/actualites\/le-projet-de-revision-constitutionnelle-pratiquement-pret-sellal\/","og_site_name":"info algerie","article_publisher":"https:\/\/www.facebook.com\/infoalgerieactu","article_published_time":"2015-09-02T14:12:00+00:00","author":"La r\u00e9daction","twitter_misc":{"\u00c9crit par":"La r\u00e9daction"},"schema":{"@context":"https:\/\/schema.org","@graph":[{"@type":"Article","@id":"https:\/\/www.info-algerie.com\/actualites\/le-projet-de-revision-constitutionnelle-pratiquement-pret-sellal\/#article","isPartOf":{"@id":"https:\/\/www.info-algerie.com\/actualites\/le-projet-de-revision-constitutionnelle-pratiquement-pret-sellal\/"},"author":{"name":"La r\u00e9daction","@id":"https:\/\/www.info-algerie.com\/actualites\/#\/schema\/person\/847aaec44920825b843a08f30ec6aa1e"},"headline":"Le projet de r\u00e9vision constitutionnelle &quot;pratiquement pr\u00eat&quot; (Sellal)","datePublished":"2015-09-02T14:12:00+00:00","mainEntityOfPage":{"@id":"https:\/\/www.info-algerie.com\/actualites\/le-projet-de-revision-constitutionnelle-pratiquement-pret-sellal\/"},"wordCount":80,"commentCount":0,"publisher":{"@id":"https:\/\/www.info-algerie.com\/actualites\/#organization"},"articleSection":["immobilier"],"inLanguage":"fr-FR","potentialAction":[{"@type":"CommentAction","name":"Comment","target":["https:\/\/www.info-algerie.com\/actualites\/le-projet-de-revision-constitutionnelle-pratiquement-pret-sellal\/#respond"]}]},{"@type":"WebPage","@id":"https:\/\/www.info-algerie.com\/actualites\/le-projet-de-revision-constitutionnelle-pratiquement-pret-sellal\/","url":"https:\/\/www.info-algerie.com\/actualites\/le-projet-de-revision-constitutionnelle-pratiquement-pret-sellal\/","name":"Le projet de r\u00e9vision constitutionnelle &quot;pratiquement pr\u00eat&quot; (Sellal) - info algerie","isPartOf":{"@id":"https:\/\/www.info-algerie.com\/actualites\/#website"},"datePublished":"2015-09-02T14:12:00+00:00","breadcrumb":{"@id":"https:\/\/www.info-algerie.com\/actualites\/le-projet-de-revision-constitutionnelle-pratiquement-pret-sellal\/#breadcrumb"},"inLanguage":"fr-FR","potentialAction":[{"@type":"ReadAction","target":["https:\/\/www.info-algerie.com\/actualites\/le-projet-de-revision-constitutionnelle-pratiquement-pret-sellal\/"]}]},{"@type":"BreadcrumbList","@id":"https:\/\/www.info-algerie.com\/actualites\/le-projet-de-revision-constitutionnelle-pratiquement-pret-sellal\/#breadcrumb","itemListElement":[{"@type":"ListItem","position":1,"name":"Accueil","item":"https:\/\/www.info-algerie.com\/actualites\/"},{"@type":"ListItem","position":2,"name":"Le projet de r\u00e9vision constitutionnelle &quot;pratiquement pr\u00eat&quot; (Sellal)"}]},{"@type":"WebSite","@id":"https:\/\/www.info-algerie.com\/actualites\/#website","url":"https:\/\/www.info-algerie.com\/actualites\/","name":"info algerie","description":"Toutes les actualit\u00e9s","publisher":{"@id":"https:\/\/www.info-algerie.com\/actualites\/#organization"},"potentialAction":[{"@type":"SearchAction","target":{"@type":"EntryPoint","urlTemplate":"https:\/\/www.info-algerie.com\/actualites\/?s={search_term_string}"},"query-input":{"@type":"PropertyValueSpecification","valueRequired":true,"valueName":"search_term_string"}}],"inLanguage":"fr-FR"},{"@type":"Organization","@id":"https:\/\/www.info-algerie.com\/actualites\/#organization","name":"info algerie","url":"https:\/\/www.info-algerie.com\/actualites\/","logo":{"@type":"ImageObject","inLanguage":"fr-FR","@id":"https:\/\/www.info-algerie.com\/actualites\/#\/schema\/logo\/image\/","url":"https:\/\/www.info-algerie.com\/actualites\/wp-content\/uploads\/2022\/07\/logo-ia-120.png","contentUrl":"https:\/\/www.info-algerie.com\/actualites\/wp-content\/uploads\/2022\/07\/logo-ia-120.png","width":120,"height":43,"caption":"info algerie"},"image":{"@id":"https:\/\/www.info-algerie.com\/actualites\/#\/schema\/logo\/image\/"},"sameAs":["https:\/\/www.facebook.com\/infoalgerieactu","https:\/\/x.com\/infoalgerie1"]},{"@type":"Person","@id":"https:\/\/www.info-algerie.com\/actualites\/#\/schema\/person\/847aaec44920825b843a08f30ec6aa1e","name":"La r\u00e9daction","image":{"@type":"ImageObject","inLanguage":"fr-FR","@id":"https:\/\/secure.gravatar.com\/avatar\/769db425c6f465158149f1ffd6cf61ce7a8a879d11dfbef8288af36dfddd418c?s=96&d=mm&r=g","url":"https:\/\/secure.gravatar.com\/avatar\/769db425c6f465158149f1ffd6cf61ce7a8a879d11dfbef8288af36dfddd418c?s=96&d=mm&r=g","contentUrl":"https:\/\/secure.gravatar.com\/avatar\/769db425c6f465158149f1ffd6cf61ce7a8a879d11dfbef8288af36dfddd418c?s=96&d=mm&r=g","caption":"La r\u00e9daction"},"sameAs":["http:\/\/www.lkeria.com\/"],"url":"https:\/\/www.info-algerie.com\/actualites\/author\/chakib32\/"}]}},"_links":{"self":[{"href":"https:\/\/www.info-algerie.com\/actualites\/wp-json\/wp\/v2\/posts\/521","targetHints":{"allow":["GET"]}}],"collection":[{"href":"https:\/\/www.info-algerie.com\/actualites\/wp-json\/wp\/v2\/posts"}],"about":[{"href":"https:\/\/www.info-algerie.com\/actualites\/wp-json\/wp\/v2\/types\/post"}],"author":[{"embeddable":true,"href":"https:\/\/www.info-algerie.com\/actualites\/wp-json\/wp\/v2\/users\/6"}],"replies":[{"embeddable":true,"href":"https:\/\/www.info-algerie.com\/actualites\/wp-json\/wp\/v2\/comments?post=521"}],"version-history":[{"count":0,"href":"https:\/\/www.info-algerie.com\/actualites\/wp-json\/wp\/v2\/posts\/521\/revisions"}],"wp:attachment":[{"href":"https:\/\/www.info-algerie.com\/actualites\/wp-json\/wp\/v2\/media?parent=521"}],"wp:term":[{"taxonomy":"category","embeddable":true,"href":"https:\/\/www.info-algerie.com\/actualites\/wp-json\/wp\/v2\/categories?post=521"},{"taxonomy":"post_tag","embeddable":true,"href":"https:\/\/www.info-algerie.com\/actualites\/wp-json\/wp\/v2\/tags?post=521"}],"curies":[{"name":"wp","href":"https:\/\/api.w.org\/{rel}","templated":true}]}}