{"id":55,"date":"1970-01-01T01:33:35","date_gmt":"1970-01-01T00:33:35","guid":{"rendered":"http:\/\/www.info-algerie.com\/actualites\/alger-vibre-aux-rythmes-du-sud\/"},"modified":"2015-08-21T13:29:33","modified_gmt":"2015-08-21T12:29:33","slug":"alger-vibre-aux-rythmes-du-sud","status":"publish","type":"post","link":"https:\/\/www.info-algerie.com\/actualites\/alger-vibre-aux-rythmes-du-sud\/","title":{"rendered":"Alger vibre aux rythmes du Sud"},"content":{"rendered":"<p style=\"text-align: justify;\"><a href=\"https:\/\/www.info-algerie.com\/actualites\/wp-content\/uploads\/1970\/01\/Alger-vibre-aux-rythmes-du-Sud.jpg\"><img loading=\"lazy\" decoding=\"async\" class=\" wp-image-146 alignleft\" src=\"https:\/\/www.info-algerie.com\/actualites\/wp-content\/uploads\/1970\/01\/Alger-vibre-aux-rythmes-du-Sud-300x200.jpg\" alt=\"Alger vibre aux rythmes du Sud\" width=\"164\" height=\"109\" srcset=\"https:\/\/www.info-algerie.com\/actualites\/wp-content\/uploads\/1970\/01\/Alger-vibre-aux-rythmes-du-Sud-300x200.jpg 300w, https:\/\/www.info-algerie.com\/actualites\/wp-content\/uploads\/1970\/01\/Alger-vibre-aux-rythmes-du-Sud-331x219.jpg 331w, https:\/\/www.info-algerie.com\/actualites\/wp-content\/uploads\/1970\/01\/Alger-vibre-aux-rythmes-du-Sud.jpg 400w\" sizes=\"auto, (max-width: 164px) 100vw, 164px\" \/><\/a>Le public alg\u00e9rois a vibr\u00e9 vendredi soir au rythme des musiques du Sud-Ouest et du grand Sud \u00e0 la faveur d&rsquo;une soir\u00e9e du 5e Festival international \u201cL&rsquo;\u00e9t\u00e9 en musique\u201d qui se tient au th\u00e9\u00e2tre de verdure Sa\u00efd-Mekbel \u00e0 Alger depuis le 6 ao\u00fbt.<\/p>\n<p style=\"text-align: justify;\">Venu de Tamanrasset, le jeune groupe Afous d&rsquo;Afous (main dans la main) a invit\u00e9 le public venu nombreux \u00e0 une immersion dans un univers musical fait de reggae, d&rsquo;ishumar et de blues du T\u00e9n\u00e9r\u00e9 qui a s\u00e9duit l&rsquo;auditoire par l&rsquo;originalit\u00e9 du concept, l&rsquo;authenticit\u00e9 du verbe en tamasheq et la pr\u00e9cision musicale.<\/p>\n<p style=\"text-align: justify;\">Men\u00e9e par le jeune Kader Tirhanine, la troupe a pr\u00e9sent\u00e9 des morceaux de son album en pr\u00e9paration qui ont re\u00e7u un accueil plus que favorable du public alg\u00e9rois, particuli\u00e8rement pour le son de guitare propre aux Touareg, pour les rythmes des musiques traditionnelles de l&rsquo;Ahaggar et la grande \u00e9nergie des musiciens sur sc\u00e8ne.<\/p>\n<h2 style=\"text-align: justify;\">Alger vibre aux rythmes du Sud<\/h2>\n<p style=\"text-align: justify;\">Dans un registre diff\u00e9rent mais tout aussi dansant, la troupe Essed de Kenadsa (B\u00e9char) a elle aussi brill\u00e9 par son style proche du ghiwane marocain et ses reprises du terroir de la Saoura, tout en mettant l&rsquo;accent lors de cette prestation sur les influences diwane de sa musique et son aspect rythm\u00e9. Des m\u00e9lodies l\u00e9g\u00e8res \u00e0 la mandole multi effet, clavier et goumbri soutenus par des percussions riches \u2013 tumba, bendir, karkabou et batterie \u2013 ont s\u00e9duit le public qui a beaucoup appr\u00e9ci\u00e9 le r\u00e9pertoire choisi.<\/p>\n<p style=\"text-align: justify;\">Le chanteur du groupe Lahcen Bestam a choisi un programme \u201cl\u00e9ger et estival\u201d avec des morceaux d&rsquo;anciens albums du groupe, comme Errahil, Ziara ou Belahmer. Le spectacle, la danse et l&rsquo;\u00e9nergie \u00e9taient encore au rendez-vous en derni\u00e8re partie de soir\u00e9e qui a \u00e9t\u00e9 assur\u00e9 par le groupe Ouled El-Hadja Maghnia, une formation atypique, qui f\u00eate cette ann\u00e9e son vingti\u00e8me anniversaire.<\/p>\n<p style=\"text-align: justify;\">Le public a eu le plaisir de red\u00e9couvrir sur sc\u00e8ne un orchestre unique empreint d&rsquo;authenticit\u00e9 et qui produit un son homog\u00e8ne d&rsquo;une grande puissance, puisque compos\u00e9 de cinq derboukas, cinq karkabous, un tbel et une guitare basse et la voix cristalline de Youcef d\u00e9clamant le qcid dans un style propre \u00e0 la r\u00e9gion appel\u00e9 \u201cEl Maya\u201d.<\/p>\n<p style=\"text-align: justify;\">V\u00e9ritables b\u00eates de sc\u00e8ne, les membres de la troupe dansent sur sc\u00e8ne sans jamais s&rsquo;arr\u00eater et de mani\u00e8re assez acrobatique poussant le public \u00e0 en faire autant, m\u00eame si la disposition des lieux, isolant un peu la sc\u00e8ne du public, ne permettait pas \u00e0 la troupe d&rsquo;interagir avec les spectateurs comme \u00e0 son habitude.<\/p>\n<p style=\"text-align: justify;\">Inaugur\u00e9 le 6 ao\u00fbt, le 5e Festival \u201cL&rsquo;\u00e9t\u00e9 en musique\u201d se poursuivra jusqu&rsquo;au 28 du mois en cours au th\u00e9\u00e2tre de verdure Sa\u00efd-Mekbel et \u00e0 la salle Ibn-Zeydoun de l&rsquo;Office Ryad El-Feth, avec encore au programme des concerts qui seront anim\u00e9s chaque week-end par des artistes comme Ga\u00e2da Diwan B\u00e9char, Triana d&rsquo;Alger ou encore Babylone.<\/p>\n<p>Source: <a href=\"http:\/\/www.liberte-algerie.com\/culture\/alger-vibre-aux-rythmes-du-sud-231116\" target=\"_blank\">Alger vibre aux rythmes du Sud<\/a><\/p>\n<!--CusAds0-->\n<div style=\"font-size: 0px; height: 0px; line-height: 0px; margin: 0; padding: 0; clear: both;\"><\/div>","protected":false},"excerpt":{"rendered":"<p>Le public alg\u00e9rois a vibr\u00e9 vendredi soir au rythme des musiques du Sud-Ouest et du grand Sud \u00e0 la faveur d&rsquo;une soir\u00e9e du 5e Festival international \u201cL&rsquo;\u00e9t\u00e9 en musique\u201d qui se tient au th\u00e9\u00e2tre de verdure Sa\u00efd-Mekbel \u00e0 Alger depuis le 6 ao\u00fbt. Venu de Tamanrasset, le jeune groupe Afous d&rsquo;Afous (main dans la main)<\/p>\n","protected":false},"author":6,"featured_media":146,"comment_status":"open","ping_status":"open","sticky":false,"template":"","format":"standard","meta":{"footnotes":""},"categories":[9],"tags":[14,15],"class_list":["post-55","post","type-post","status-publish","format-standard","has-post-thumbnail","hentry","category-culture-sante","tag-ete-en-musique","tag-musique"],"yoast_head":"<!-- This site is optimized with the Yoast SEO plugin v27.5 - https:\/\/yoast.com\/product\/yoast-seo-wordpress\/ -->\n<title>Alger vibre aux rythmes du Sud<\/title>\n<meta name=\"description\" content=\"Alger vibre aux rythmes du Sud et du grand Sud \u00e0 la faveur d&#039;une soir\u00e9e du 5 \u00e9me Festival international intitul\u00e9 \u201cL&#039;\u00e9t\u00e9 en musique\u201d\" \/>\n<meta name=\"robots\" content=\"index, follow, max-snippet:-1, max-image-preview:large, max-video-preview:-1\" \/>\n<link rel=\"canonical\" href=\"https:\/\/www.info-algerie.com\/actualites\/alger-vibre-aux-rythmes-du-sud\/\" \/>\n<meta property=\"og:locale\" content=\"fr_FR\" \/>\n<meta property=\"og:type\" content=\"article\" \/>\n<meta property=\"og:title\" content=\"Alger vibre aux rythmes du Sud\" \/>\n<meta property=\"og:description\" content=\"Alger vibre aux rythmes du Sud et du grand Sud \u00e0 la faveur d&#039;une soir\u00e9e du 5 \u00e9me Festival international intitul\u00e9 \u201cL&#039;\u00e9t\u00e9 en musique\u201d\" \/>\n<meta property=\"og:url\" content=\"https:\/\/www.info-algerie.com\/actualites\/alger-vibre-aux-rythmes-du-sud\/\" \/>\n<meta property=\"og:site_name\" content=\"info algerie\" \/>\n<meta property=\"article:publisher\" content=\"https:\/\/www.facebook.com\/infoalgerieactu\" \/>\n<meta property=\"article:published_time\" content=\"1970-01-01T00:33:35+00:00\" \/>\n<meta property=\"article:modified_time\" content=\"2015-08-21T12:29:33+00:00\" \/>\n<meta property=\"og:image\" content=\"https:\/\/www.info-algerie.com\/actualites\/wp-content\/uploads\/1970\/01\/Alger-vibre-aux-rythmes-du-Sud.jpg\" \/>\n\t<meta property=\"og:image:width\" content=\"400\" \/>\n\t<meta property=\"og:image:height\" content=\"266\" \/>\n\t<meta property=\"og:image:type\" content=\"image\/jpeg\" \/>\n<meta name=\"author\" content=\"La r\u00e9daction\" \/>\n<meta name=\"twitter:label1\" content=\"\u00c9crit par\" \/>\n\t<meta name=\"twitter:data1\" content=\"La r\u00e9daction\" \/>\n\t<meta name=\"twitter:label2\" content=\"Dur\u00e9e de lecture estim\u00e9e\" \/>\n\t<meta name=\"twitter:data2\" content=\"3 minutes\" \/>\n<script type=\"application\/ld+json\" class=\"yoast-schema-graph\">{\"@context\":\"https:\\\/\\\/schema.org\",\"@graph\":[{\"@type\":\"Article\",\"@id\":\"https:\\\/\\\/www.info-algerie.com\\\/actualites\\\/alger-vibre-aux-rythmes-du-sud\\\/#article\",\"isPartOf\":{\"@id\":\"https:\\\/\\\/www.info-algerie.com\\\/actualites\\\/alger-vibre-aux-rythmes-du-sud\\\/\"},\"author\":{\"name\":\"La r\u00e9daction\",\"@id\":\"https:\\\/\\\/www.info-algerie.com\\\/actualites\\\/#\\\/schema\\\/person\\\/847aaec44920825b843a08f30ec6aa1e\"},\"headline\":\"Alger vibre aux rythmes du Sud\",\"datePublished\":\"1970-01-01T00:33:35+00:00\",\"dateModified\":\"2015-08-21T12:29:33+00:00\",\"mainEntityOfPage\":{\"@id\":\"https:\\\/\\\/www.info-algerie.com\\\/actualites\\\/alger-vibre-aux-rythmes-du-sud\\\/\"},\"wordCount\":531,\"commentCount\":0,\"publisher\":{\"@id\":\"https:\\\/\\\/www.info-algerie.com\\\/actualites\\\/#organization\"},\"image\":{\"@id\":\"https:\\\/\\\/www.info-algerie.com\\\/actualites\\\/alger-vibre-aux-rythmes-du-sud\\\/#primaryimage\"},\"thumbnailUrl\":\"https:\\\/\\\/www.info-algerie.com\\\/actualites\\\/wp-content\\\/uploads\\\/1970\\\/01\\\/Alger-vibre-aux-rythmes-du-Sud.jpg\",\"keywords\":[\"\u00e9t\u00e9 en musique\",\"musique\"],\"articleSection\":[\"culture sant\u00e9\"],\"inLanguage\":\"fr-FR\",\"potentialAction\":[{\"@type\":\"CommentAction\",\"name\":\"Comment\",\"target\":[\"https:\\\/\\\/www.info-algerie.com\\\/actualites\\\/alger-vibre-aux-rythmes-du-sud\\\/#respond\"]}]},{\"@type\":\"WebPage\",\"@id\":\"https:\\\/\\\/www.info-algerie.com\\\/actualites\\\/alger-vibre-aux-rythmes-du-sud\\\/\",\"url\":\"https:\\\/\\\/www.info-algerie.com\\\/actualites\\\/alger-vibre-aux-rythmes-du-sud\\\/\",\"name\":\"Alger vibre aux rythmes du Sud\",\"isPartOf\":{\"@id\":\"https:\\\/\\\/www.info-algerie.com\\\/actualites\\\/#website\"},\"primaryImageOfPage\":{\"@id\":\"https:\\\/\\\/www.info-algerie.com\\\/actualites\\\/alger-vibre-aux-rythmes-du-sud\\\/#primaryimage\"},\"image\":{\"@id\":\"https:\\\/\\\/www.info-algerie.com\\\/actualites\\\/alger-vibre-aux-rythmes-du-sud\\\/#primaryimage\"},\"thumbnailUrl\":\"https:\\\/\\\/www.info-algerie.com\\\/actualites\\\/wp-content\\\/uploads\\\/1970\\\/01\\\/Alger-vibre-aux-rythmes-du-Sud.jpg\",\"datePublished\":\"1970-01-01T00:33:35+00:00\",\"dateModified\":\"2015-08-21T12:29:33+00:00\",\"description\":\"Alger vibre aux rythmes du Sud et du grand Sud \u00e0 la faveur d'une soir\u00e9e du 5 \u00e9me Festival international intitul\u00e9 \u201cL'\u00e9t\u00e9 en musique\u201d\",\"breadcrumb\":{\"@id\":\"https:\\\/\\\/www.info-algerie.com\\\/actualites\\\/alger-vibre-aux-rythmes-du-sud\\\/#breadcrumb\"},\"inLanguage\":\"fr-FR\",\"potentialAction\":[{\"@type\":\"ReadAction\",\"target\":[\"https:\\\/\\\/www.info-algerie.com\\\/actualites\\\/alger-vibre-aux-rythmes-du-sud\\\/\"]}]},{\"@type\":\"ImageObject\",\"inLanguage\":\"fr-FR\",\"@id\":\"https:\\\/\\\/www.info-algerie.com\\\/actualites\\\/alger-vibre-aux-rythmes-du-sud\\\/#primaryimage\",\"url\":\"https:\\\/\\\/www.info-algerie.com\\\/actualites\\\/wp-content\\\/uploads\\\/1970\\\/01\\\/Alger-vibre-aux-rythmes-du-Sud.jpg\",\"contentUrl\":\"https:\\\/\\\/www.info-algerie.com\\\/actualites\\\/wp-content\\\/uploads\\\/1970\\\/01\\\/Alger-vibre-aux-rythmes-du-Sud.jpg\",\"width\":400,\"height\":266,\"caption\":\"Alger vibre aux rythmes du Sud\"},{\"@type\":\"BreadcrumbList\",\"@id\":\"https:\\\/\\\/www.info-algerie.com\\\/actualites\\\/alger-vibre-aux-rythmes-du-sud\\\/#breadcrumb\",\"itemListElement\":[{\"@type\":\"ListItem\",\"position\":1,\"name\":\"Accueil\",\"item\":\"https:\\\/\\\/www.info-algerie.com\\\/actualites\\\/\"},{\"@type\":\"ListItem\",\"position\":2,\"name\":\"Alger vibre aux rythmes du Sud\"}]},{\"@type\":\"WebSite\",\"@id\":\"https:\\\/\\\/www.info-algerie.com\\\/actualites\\\/#website\",\"url\":\"https:\\\/\\\/www.info-algerie.com\\\/actualites\\\/\",\"name\":\"info algerie\",\"description\":\"Toutes les actualit\u00e9s\",\"publisher\":{\"@id\":\"https:\\\/\\\/www.info-algerie.com\\\/actualites\\\/#organization\"},\"potentialAction\":[{\"@type\":\"SearchAction\",\"target\":{\"@type\":\"EntryPoint\",\"urlTemplate\":\"https:\\\/\\\/www.info-algerie.com\\\/actualites\\\/?s={search_term_string}\"},\"query-input\":{\"@type\":\"PropertyValueSpecification\",\"valueRequired\":true,\"valueName\":\"search_term_string\"}}],\"inLanguage\":\"fr-FR\"},{\"@type\":\"Organization\",\"@id\":\"https:\\\/\\\/www.info-algerie.com\\\/actualites\\\/#organization\",\"name\":\"info algerie\",\"url\":\"https:\\\/\\\/www.info-algerie.com\\\/actualites\\\/\",\"logo\":{\"@type\":\"ImageObject\",\"inLanguage\":\"fr-FR\",\"@id\":\"https:\\\/\\\/www.info-algerie.com\\\/actualites\\\/#\\\/schema\\\/logo\\\/image\\\/\",\"url\":\"https:\\\/\\\/www.info-algerie.com\\\/actualites\\\/wp-content\\\/uploads\\\/2022\\\/07\\\/logo-ia-120.png\",\"contentUrl\":\"https:\\\/\\\/www.info-algerie.com\\\/actualites\\\/wp-content\\\/uploads\\\/2022\\\/07\\\/logo-ia-120.png\",\"width\":120,\"height\":43,\"caption\":\"info algerie\"},\"image\":{\"@id\":\"https:\\\/\\\/www.info-algerie.com\\\/actualites\\\/#\\\/schema\\\/logo\\\/image\\\/\"},\"sameAs\":[\"https:\\\/\\\/www.facebook.com\\\/infoalgerieactu\",\"https:\\\/\\\/x.com\\\/infoalgerie1\"]},{\"@type\":\"Person\",\"@id\":\"https:\\\/\\\/www.info-algerie.com\\\/actualites\\\/#\\\/schema\\\/person\\\/847aaec44920825b843a08f30ec6aa1e\",\"name\":\"La r\u00e9daction\",\"image\":{\"@type\":\"ImageObject\",\"inLanguage\":\"fr-FR\",\"@id\":\"https:\\\/\\\/secure.gravatar.com\\\/avatar\\\/769db425c6f465158149f1ffd6cf61ce7a8a879d11dfbef8288af36dfddd418c?s=96&d=mm&r=g\",\"url\":\"https:\\\/\\\/secure.gravatar.com\\\/avatar\\\/769db425c6f465158149f1ffd6cf61ce7a8a879d11dfbef8288af36dfddd418c?s=96&d=mm&r=g\",\"contentUrl\":\"https:\\\/\\\/secure.gravatar.com\\\/avatar\\\/769db425c6f465158149f1ffd6cf61ce7a8a879d11dfbef8288af36dfddd418c?s=96&d=mm&r=g\",\"caption\":\"La r\u00e9daction\"},\"sameAs\":[\"http:\\\/\\\/www.lkeria.com\\\/\"],\"url\":\"https:\\\/\\\/www.info-algerie.com\\\/actualites\\\/author\\\/chakib32\\\/\"}]}<\/script>\n<!-- \/ Yoast SEO plugin. -->","yoast_head_json":{"title":"Alger vibre aux rythmes du Sud","description":"Alger vibre aux rythmes du Sud et du grand Sud \u00e0 la faveur d'une soir\u00e9e du 5 \u00e9me Festival international intitul\u00e9 \u201cL'\u00e9t\u00e9 en musique\u201d","robots":{"index":"index","follow":"follow","max-snippet":"max-snippet:-1","max-image-preview":"max-image-preview:large","max-video-preview":"max-video-preview:-1"},"canonical":"https:\/\/www.info-algerie.com\/actualites\/alger-vibre-aux-rythmes-du-sud\/","og_locale":"fr_FR","og_type":"article","og_title":"Alger vibre aux rythmes du Sud","og_description":"Alger vibre aux rythmes du Sud et du grand Sud \u00e0 la faveur d'une soir\u00e9e du 5 \u00e9me Festival international intitul\u00e9 \u201cL'\u00e9t\u00e9 en musique\u201d","og_url":"https:\/\/www.info-algerie.com\/actualites\/alger-vibre-aux-rythmes-du-sud\/","og_site_name":"info algerie","article_publisher":"https:\/\/www.facebook.com\/infoalgerieactu","article_published_time":"1970-01-01T00:33:35+00:00","article_modified_time":"2015-08-21T12:29:33+00:00","og_image":[{"width":400,"height":266,"url":"https:\/\/www.info-algerie.com\/actualites\/wp-content\/uploads\/1970\/01\/Alger-vibre-aux-rythmes-du-Sud.jpg","type":"image\/jpeg"}],"author":"La r\u00e9daction","twitter_misc":{"\u00c9crit par":"La r\u00e9daction","Dur\u00e9e de lecture estim\u00e9e":"3 minutes"},"schema":{"@context":"https:\/\/schema.org","@graph":[{"@type":"Article","@id":"https:\/\/www.info-algerie.com\/actualites\/alger-vibre-aux-rythmes-du-sud\/#article","isPartOf":{"@id":"https:\/\/www.info-algerie.com\/actualites\/alger-vibre-aux-rythmes-du-sud\/"},"author":{"name":"La r\u00e9daction","@id":"https:\/\/www.info-algerie.com\/actualites\/#\/schema\/person\/847aaec44920825b843a08f30ec6aa1e"},"headline":"Alger vibre aux rythmes du Sud","datePublished":"1970-01-01T00:33:35+00:00","dateModified":"2015-08-21T12:29:33+00:00","mainEntityOfPage":{"@id":"https:\/\/www.info-algerie.com\/actualites\/alger-vibre-aux-rythmes-du-sud\/"},"wordCount":531,"commentCount":0,"publisher":{"@id":"https:\/\/www.info-algerie.com\/actualites\/#organization"},"image":{"@id":"https:\/\/www.info-algerie.com\/actualites\/alger-vibre-aux-rythmes-du-sud\/#primaryimage"},"thumbnailUrl":"https:\/\/www.info-algerie.com\/actualites\/wp-content\/uploads\/1970\/01\/Alger-vibre-aux-rythmes-du-Sud.jpg","keywords":["\u00e9t\u00e9 en musique","musique"],"articleSection":["culture sant\u00e9"],"inLanguage":"fr-FR","potentialAction":[{"@type":"CommentAction","name":"Comment","target":["https:\/\/www.info-algerie.com\/actualites\/alger-vibre-aux-rythmes-du-sud\/#respond"]}]},{"@type":"WebPage","@id":"https:\/\/www.info-algerie.com\/actualites\/alger-vibre-aux-rythmes-du-sud\/","url":"https:\/\/www.info-algerie.com\/actualites\/alger-vibre-aux-rythmes-du-sud\/","name":"Alger vibre aux rythmes du Sud","isPartOf":{"@id":"https:\/\/www.info-algerie.com\/actualites\/#website"},"primaryImageOfPage":{"@id":"https:\/\/www.info-algerie.com\/actualites\/alger-vibre-aux-rythmes-du-sud\/#primaryimage"},"image":{"@id":"https:\/\/www.info-algerie.com\/actualites\/alger-vibre-aux-rythmes-du-sud\/#primaryimage"},"thumbnailUrl":"https:\/\/www.info-algerie.com\/actualites\/wp-content\/uploads\/1970\/01\/Alger-vibre-aux-rythmes-du-Sud.jpg","datePublished":"1970-01-01T00:33:35+00:00","dateModified":"2015-08-21T12:29:33+00:00","description":"Alger vibre aux rythmes du Sud et du grand Sud \u00e0 la faveur d'une soir\u00e9e du 5 \u00e9me Festival international intitul\u00e9 \u201cL'\u00e9t\u00e9 en musique\u201d","breadcrumb":{"@id":"https:\/\/www.info-algerie.com\/actualites\/alger-vibre-aux-rythmes-du-sud\/#breadcrumb"},"inLanguage":"fr-FR","potentialAction":[{"@type":"ReadAction","target":["https:\/\/www.info-algerie.com\/actualites\/alger-vibre-aux-rythmes-du-sud\/"]}]},{"@type":"ImageObject","inLanguage":"fr-FR","@id":"https:\/\/www.info-algerie.com\/actualites\/alger-vibre-aux-rythmes-du-sud\/#primaryimage","url":"https:\/\/www.info-algerie.com\/actualites\/wp-content\/uploads\/1970\/01\/Alger-vibre-aux-rythmes-du-Sud.jpg","contentUrl":"https:\/\/www.info-algerie.com\/actualites\/wp-content\/uploads\/1970\/01\/Alger-vibre-aux-rythmes-du-Sud.jpg","width":400,"height":266,"caption":"Alger vibre aux rythmes du Sud"},{"@type":"BreadcrumbList","@id":"https:\/\/www.info-algerie.com\/actualites\/alger-vibre-aux-rythmes-du-sud\/#breadcrumb","itemListElement":[{"@type":"ListItem","position":1,"name":"Accueil","item":"https:\/\/www.info-algerie.com\/actualites\/"},{"@type":"ListItem","position":2,"name":"Alger vibre aux rythmes du Sud"}]},{"@type":"WebSite","@id":"https:\/\/www.info-algerie.com\/actualites\/#website","url":"https:\/\/www.info-algerie.com\/actualites\/","name":"info algerie","description":"Toutes les actualit\u00e9s","publisher":{"@id":"https:\/\/www.info-algerie.com\/actualites\/#organization"},"potentialAction":[{"@type":"SearchAction","target":{"@type":"EntryPoint","urlTemplate":"https:\/\/www.info-algerie.com\/actualites\/?s={search_term_string}"},"query-input":{"@type":"PropertyValueSpecification","valueRequired":true,"valueName":"search_term_string"}}],"inLanguage":"fr-FR"},{"@type":"Organization","@id":"https:\/\/www.info-algerie.com\/actualites\/#organization","name":"info algerie","url":"https:\/\/www.info-algerie.com\/actualites\/","logo":{"@type":"ImageObject","inLanguage":"fr-FR","@id":"https:\/\/www.info-algerie.com\/actualites\/#\/schema\/logo\/image\/","url":"https:\/\/www.info-algerie.com\/actualites\/wp-content\/uploads\/2022\/07\/logo-ia-120.png","contentUrl":"https:\/\/www.info-algerie.com\/actualites\/wp-content\/uploads\/2022\/07\/logo-ia-120.png","width":120,"height":43,"caption":"info algerie"},"image":{"@id":"https:\/\/www.info-algerie.com\/actualites\/#\/schema\/logo\/image\/"},"sameAs":["https:\/\/www.facebook.com\/infoalgerieactu","https:\/\/x.com\/infoalgerie1"]},{"@type":"Person","@id":"https:\/\/www.info-algerie.com\/actualites\/#\/schema\/person\/847aaec44920825b843a08f30ec6aa1e","name":"La r\u00e9daction","image":{"@type":"ImageObject","inLanguage":"fr-FR","@id":"https:\/\/secure.gravatar.com\/avatar\/769db425c6f465158149f1ffd6cf61ce7a8a879d11dfbef8288af36dfddd418c?s=96&d=mm&r=g","url":"https:\/\/secure.gravatar.com\/avatar\/769db425c6f465158149f1ffd6cf61ce7a8a879d11dfbef8288af36dfddd418c?s=96&d=mm&r=g","contentUrl":"https:\/\/secure.gravatar.com\/avatar\/769db425c6f465158149f1ffd6cf61ce7a8a879d11dfbef8288af36dfddd418c?s=96&d=mm&r=g","caption":"La r\u00e9daction"},"sameAs":["http:\/\/www.lkeria.com\/"],"url":"https:\/\/www.info-algerie.com\/actualites\/author\/chakib32\/"}]}},"_links":{"self":[{"href":"https:\/\/www.info-algerie.com\/actualites\/wp-json\/wp\/v2\/posts\/55","targetHints":{"allow":["GET"]}}],"collection":[{"href":"https:\/\/www.info-algerie.com\/actualites\/wp-json\/wp\/v2\/posts"}],"about":[{"href":"https:\/\/www.info-algerie.com\/actualites\/wp-json\/wp\/v2\/types\/post"}],"author":[{"embeddable":true,"href":"https:\/\/www.info-algerie.com\/actualites\/wp-json\/wp\/v2\/users\/6"}],"replies":[{"embeddable":true,"href":"https:\/\/www.info-algerie.com\/actualites\/wp-json\/wp\/v2\/comments?post=55"}],"version-history":[{"count":3,"href":"https:\/\/www.info-algerie.com\/actualites\/wp-json\/wp\/v2\/posts\/55\/revisions"}],"predecessor-version":[{"id":148,"href":"https:\/\/www.info-algerie.com\/actualites\/wp-json\/wp\/v2\/posts\/55\/revisions\/148"}],"wp:featuredmedia":[{"embeddable":true,"href":"https:\/\/www.info-algerie.com\/actualites\/wp-json\/wp\/v2\/media\/146"}],"wp:attachment":[{"href":"https:\/\/www.info-algerie.com\/actualites\/wp-json\/wp\/v2\/media?parent=55"}],"wp:term":[{"taxonomy":"category","embeddable":true,"href":"https:\/\/www.info-algerie.com\/actualites\/wp-json\/wp\/v2\/categories?post=55"},{"taxonomy":"post_tag","embeddable":true,"href":"https:\/\/www.info-algerie.com\/actualites\/wp-json\/wp\/v2\/tags?post=55"}],"curies":[{"name":"wp","href":"https:\/\/api.w.org\/{rel}","templated":true}]}}