{"id":558,"date":"2015-09-04T14:31:35","date_gmt":"2015-09-04T13:31:35","guid":{"rendered":"http:\/\/www.info-algerie.com\/actualites\/lalgerie-transmet-sa-contribution-a-la-conference-sur-les-changements-climatiques-prevue-en-decembre-a-paris\/"},"modified":"2015-09-04T19:19:45","modified_gmt":"2015-09-04T18:19:45","slug":"lalgerie-transmet-sa-contribution-a-la-conference-sur-les-changements-climatiques-prevue-en-decembre-a-paris","status":"publish","type":"post","link":"https:\/\/www.info-algerie.com\/actualites\/lalgerie-transmet-sa-contribution-a-la-conference-sur-les-changements-climatiques-prevue-en-decembre-a-paris\/","title":{"rendered":"L&rsquo;Alg\u00e9rie transmet sa contribution \u00e0 la Conf\u00e9rence sur les changements climatiques pr\u00e9vue en d\u00e9cembre \u00e0 Paris"},"content":{"rendered":"<div class=\"K2FeedImage\"><\/div>\n<div class=\"K2FeedIntroText\">\n<p style=\"text-align: justify;\"><a href=\"https:\/\/www.info-algerie.com\/actualites\/wp-content\/uploads\/2015\/09\/LAlg\u00e9rie-transmet-sa-contribution.jpg\"><img loading=\"lazy\" decoding=\"async\" class=\" wp-image-562 alignleft\" src=\"https:\/\/www.info-algerie.com\/actualites\/wp-content\/uploads\/2015\/09\/LAlg\u00e9rie-transmet-sa-contribution-300x168.jpg\" alt=\"L'Alg\u00e9rie transmet sa contribution\" width=\"168\" height=\"94\" srcset=\"https:\/\/www.info-algerie.com\/actualites\/wp-content\/uploads\/2015\/09\/LAlg\u00e9rie-transmet-sa-contribution-300x168.jpg 300w, https:\/\/www.info-algerie.com\/actualites\/wp-content\/uploads\/2015\/09\/LAlg\u00e9rie-transmet-sa-contribution-1024x575.jpg 1024w\" sizes=\"auto, (max-width: 168px) 100vw, 168px\" \/><\/a>L&rsquo;Alg\u00e9rie a transmis sa contribution \u00e0 la Conf\u00e9rence des parties \u00e0 la convention cadre des Nations Unies sur les changements climatiques pr\u00e9vue \u00e0 Paris en d\u00e9cembre 2015, indique vendredi le minist\u00e8re des Affaires \u00e9trang\u00e8res dans un communiqu\u00e9.<\/p>\n<p style=\"text-align: justify;\">\u00ab\u00a0Dans la perspective de sa participation \u00e0 la vingt uni\u00e8me session de la Conf\u00e9rence des parties \u00e0 la convention cadre des Nations Unies sur les changements climatiques qui se tiendra \u00e0 Paris en d\u00e9cembre 2015, l&rsquo;Alg\u00e9rie vient de transmettre, le 3 septembre 2015, au secr\u00e9tariat de ladite convention sa contribution pr\u00e9vue d\u00e9termin\u00e9e au niveau national (CPDN)\u00a0\u00bb, pr\u00e9cise la source.<\/p>\n<p style=\"text-align: justify;\">\u00ab\u00a0Cette contribution \u00e0 l&rsquo;effort mondial de lutte contre les effets des changements climatiques a \u00e9t\u00e9 \u00e9labor\u00e9e sous l&rsquo;\u00e9gide du Comit\u00e9 national climat pr\u00e9sid\u00e9 par le ministre des Ressources en Eau et de l&rsquo;Environnement et compos\u00e9 des repr\u00e9sentants de sept d\u00e9partements minist\u00e9riels et du CNES, avec l&rsquo;appui d&rsquo;experts nationaux\u00a0\u00bb, souligne la m\u00eame source.<\/p>\n<p style=\"text-align: justify;\">La contribution \u00ab\u00a0affiche les ambitions de l&rsquo;Alg\u00e9rie pour la p\u00e9riode 2020-2030, en termes d&rsquo;adaptation face aux changements climatiques et d&rsquo;att\u00e9nuation des \u00e9missions de gaz \u00e0 effet de serre (GES) et les actions sous-jacentes, notamment, en mati\u00e8re d&rsquo;efficacit\u00e9 \u00e9nerg\u00e9tique, de promotion de l&rsquo;utilisation des \u00e9nergies renouvelables dans le mix \u00e9nerg\u00e9tique\u00a0\u00bb, ajoute-t-on<\/p>\n<p style=\"text-align: justify;\">Elle pr\u00e9conise, en outre, \u00ab\u00a0la mise en oeuvre d&rsquo;actions de sensibilisation-communication- \u00e9ducation sur les enjeux des changements climatiques\u00a0\u00bb, note la source.<\/p>\n<p style=\"text-align: justify;\">\u00ab\u00a0Cette CPDN est, l&rsquo;\u00e9manation d&rsquo;un large processus avec des parties prenantes, notamment les institutions nationales, les collectivit\u00e9s locales, les scientifiques, les acteurs \u00e9conomiques et la soci\u00e9t\u00e9 civile de mani\u00e8re g\u00e9n\u00e9rale\u00a0\u00bb, conclut le communiqu\u00e9 du minist\u00e8re des Affaires \u00e9trang\u00e8res.<\/p>\n<\/div>\n<p style=\"text-align: justify;\">\nSource: <a href=\"http:\/\/www.aps.dz\/algerie\/28054-l-alg%C3%A9rie-transmet-sa-contribution-%C3%A0-la-conf%C3%A9rence-sur-les-changements-climatiques-pr%C3%A9vue-en-d%C3%A9cembre-%C3%A0-paris\" target=\"_blank\">L&rsquo;Alg\u00e9rie transmet sa contribution \u00e0 la Conf\u00e9rence sur les changements climatiques pr\u00e9vue en d\u00e9cembre \u00e0 Paris<\/a><\/p>\n<!--CusAds0-->\n<div style=\"font-size: 0px; height: 0px; line-height: 0px; margin: 0; padding: 0; clear: both;\"><\/div>","protected":false},"excerpt":{"rendered":"<p>L&rsquo;Alg\u00e9rie a transmis sa contribution \u00e0 la Conf\u00e9rence des parties \u00e0 la convention cadre des Nations Unies sur les changements climatiques pr\u00e9vue \u00e0 Paris en d\u00e9cembre 2015, indique vendredi le minist\u00e8re des Affaires \u00e9trang\u00e8res dans un communiqu\u00e9. \u00ab\u00a0Dans la perspective de sa participation \u00e0 la vingt uni\u00e8me session de la Conf\u00e9rence des parties \u00e0 la<\/p>\n","protected":false},"author":6,"featured_media":562,"comment_status":"open","ping_status":"open","sticky":false,"template":"","format":"standard","meta":{"footnotes":""},"categories":[22],"tags":[23,83],"class_list":["post-558","post","type-post","status-publish","format-standard","has-post-thumbnail","hentry","category-infos","tag-climat","tag-cop-21"],"yoast_head":"<!-- This site is optimized with the Yoast SEO plugin v27.5 - https:\/\/yoast.com\/product\/yoast-seo-wordpress\/ -->\n<title>L&#039;Alg\u00e9rie transmet sa contribution en pr\u00e9vision de la Cop 21<\/title>\n<meta name=\"description\" content=\"L&#039;Alg\u00e9rie transmet sa contribution \u00e0 la Conf\u00e9rence sur les changements climatiques pr\u00e9vue en d\u00e9cembre prochain \u00e0 Paris appel\u00e9e INDC.\" \/>\n<meta name=\"robots\" content=\"index, follow, max-snippet:-1, max-image-preview:large, max-video-preview:-1\" \/>\n<link rel=\"canonical\" href=\"https:\/\/www.info-algerie.com\/actualites\/lalgerie-transmet-sa-contribution-a-la-conference-sur-les-changements-climatiques-prevue-en-decembre-a-paris\/\" \/>\n<meta property=\"og:locale\" content=\"fr_FR\" \/>\n<meta property=\"og:type\" content=\"article\" \/>\n<meta property=\"og:title\" content=\"L&#039;Alg\u00e9rie transmet sa contribution en pr\u00e9vision de la Cop 21\" \/>\n<meta property=\"og:description\" content=\"L&#039;Alg\u00e9rie transmet sa contribution \u00e0 la Conf\u00e9rence sur les changements climatiques pr\u00e9vue en d\u00e9cembre prochain \u00e0 Paris appel\u00e9e INDC.\" \/>\n<meta property=\"og:url\" content=\"https:\/\/www.info-algerie.com\/actualites\/lalgerie-transmet-sa-contribution-a-la-conference-sur-les-changements-climatiques-prevue-en-decembre-a-paris\/\" \/>\n<meta property=\"og:site_name\" content=\"info algerie\" \/>\n<meta property=\"article:publisher\" content=\"https:\/\/www.facebook.com\/infoalgerieactu\" \/>\n<meta property=\"article:published_time\" content=\"2015-09-04T13:31:35+00:00\" \/>\n<meta property=\"article:modified_time\" content=\"2015-09-04T18:19:45+00:00\" \/>\n<meta property=\"og:image\" content=\"https:\/\/www.info-algerie.com\/actualites\/wp-content\/uploads\/2015\/09\/LAlg\u00e9rie-transmet-sa-contribution.jpg\" \/>\n\t<meta property=\"og:image:width\" content=\"2687\" \/>\n\t<meta property=\"og:image:height\" content=\"1508\" \/>\n\t<meta property=\"og:image:type\" content=\"image\/jpeg\" \/>\n<meta name=\"author\" content=\"La r\u00e9daction\" \/>\n<meta name=\"twitter:label1\" content=\"\u00c9crit par\" \/>\n\t<meta name=\"twitter:data1\" content=\"La r\u00e9daction\" \/>\n\t<meta name=\"twitter:label2\" content=\"Dur\u00e9e de lecture estim\u00e9e\" \/>\n\t<meta name=\"twitter:data2\" content=\"2 minutes\" \/>\n<script type=\"application\/ld+json\" class=\"yoast-schema-graph\">{\"@context\":\"https:\\\/\\\/schema.org\",\"@graph\":[{\"@type\":\"Article\",\"@id\":\"https:\\\/\\\/www.info-algerie.com\\\/actualites\\\/lalgerie-transmet-sa-contribution-a-la-conference-sur-les-changements-climatiques-prevue-en-decembre-a-paris\\\/#article\",\"isPartOf\":{\"@id\":\"https:\\\/\\\/www.info-algerie.com\\\/actualites\\\/lalgerie-transmet-sa-contribution-a-la-conference-sur-les-changements-climatiques-prevue-en-decembre-a-paris\\\/\"},\"author\":{\"name\":\"La r\u00e9daction\",\"@id\":\"https:\\\/\\\/www.info-algerie.com\\\/actualites\\\/#\\\/schema\\\/person\\\/847aaec44920825b843a08f30ec6aa1e\"},\"headline\":\"L&rsquo;Alg\u00e9rie transmet sa contribution \u00e0 la Conf\u00e9rence sur les changements climatiques pr\u00e9vue en d\u00e9cembre \u00e0 Paris\",\"datePublished\":\"2015-09-04T13:31:35+00:00\",\"dateModified\":\"2015-09-04T18:19:45+00:00\",\"mainEntityOfPage\":{\"@id\":\"https:\\\/\\\/www.info-algerie.com\\\/actualites\\\/lalgerie-transmet-sa-contribution-a-la-conference-sur-les-changements-climatiques-prevue-en-decembre-a-paris\\\/\"},\"wordCount\":334,\"commentCount\":0,\"publisher\":{\"@id\":\"https:\\\/\\\/www.info-algerie.com\\\/actualites\\\/#organization\"},\"image\":{\"@id\":\"https:\\\/\\\/www.info-algerie.com\\\/actualites\\\/lalgerie-transmet-sa-contribution-a-la-conference-sur-les-changements-climatiques-prevue-en-decembre-a-paris\\\/#primaryimage\"},\"thumbnailUrl\":\"https:\\\/\\\/www.info-algerie.com\\\/actualites\\\/wp-content\\\/uploads\\\/2015\\\/09\\\/LAlg\u00e9rie-transmet-sa-contribution.jpg\",\"keywords\":[\"climat\",\"cop 21\"],\"articleSection\":[\"infos\"],\"inLanguage\":\"fr-FR\",\"potentialAction\":[{\"@type\":\"CommentAction\",\"name\":\"Comment\",\"target\":[\"https:\\\/\\\/www.info-algerie.com\\\/actualites\\\/lalgerie-transmet-sa-contribution-a-la-conference-sur-les-changements-climatiques-prevue-en-decembre-a-paris\\\/#respond\"]}]},{\"@type\":\"WebPage\",\"@id\":\"https:\\\/\\\/www.info-algerie.com\\\/actualites\\\/lalgerie-transmet-sa-contribution-a-la-conference-sur-les-changements-climatiques-prevue-en-decembre-a-paris\\\/\",\"url\":\"https:\\\/\\\/www.info-algerie.com\\\/actualites\\\/lalgerie-transmet-sa-contribution-a-la-conference-sur-les-changements-climatiques-prevue-en-decembre-a-paris\\\/\",\"name\":\"L'Alg\u00e9rie transmet sa contribution en pr\u00e9vision de la Cop 21\",\"isPartOf\":{\"@id\":\"https:\\\/\\\/www.info-algerie.com\\\/actualites\\\/#website\"},\"primaryImageOfPage\":{\"@id\":\"https:\\\/\\\/www.info-algerie.com\\\/actualites\\\/lalgerie-transmet-sa-contribution-a-la-conference-sur-les-changements-climatiques-prevue-en-decembre-a-paris\\\/#primaryimage\"},\"image\":{\"@id\":\"https:\\\/\\\/www.info-algerie.com\\\/actualites\\\/lalgerie-transmet-sa-contribution-a-la-conference-sur-les-changements-climatiques-prevue-en-decembre-a-paris\\\/#primaryimage\"},\"thumbnailUrl\":\"https:\\\/\\\/www.info-algerie.com\\\/actualites\\\/wp-content\\\/uploads\\\/2015\\\/09\\\/LAlg\u00e9rie-transmet-sa-contribution.jpg\",\"datePublished\":\"2015-09-04T13:31:35+00:00\",\"dateModified\":\"2015-09-04T18:19:45+00:00\",\"description\":\"L'Alg\u00e9rie transmet sa contribution \u00e0 la Conf\u00e9rence sur les changements climatiques pr\u00e9vue en d\u00e9cembre prochain \u00e0 Paris appel\u00e9e INDC.\",\"breadcrumb\":{\"@id\":\"https:\\\/\\\/www.info-algerie.com\\\/actualites\\\/lalgerie-transmet-sa-contribution-a-la-conference-sur-les-changements-climatiques-prevue-en-decembre-a-paris\\\/#breadcrumb\"},\"inLanguage\":\"fr-FR\",\"potentialAction\":[{\"@type\":\"ReadAction\",\"target\":[\"https:\\\/\\\/www.info-algerie.com\\\/actualites\\\/lalgerie-transmet-sa-contribution-a-la-conference-sur-les-changements-climatiques-prevue-en-decembre-a-paris\\\/\"]}]},{\"@type\":\"ImageObject\",\"inLanguage\":\"fr-FR\",\"@id\":\"https:\\\/\\\/www.info-algerie.com\\\/actualites\\\/lalgerie-transmet-sa-contribution-a-la-conference-sur-les-changements-climatiques-prevue-en-decembre-a-paris\\\/#primaryimage\",\"url\":\"https:\\\/\\\/www.info-algerie.com\\\/actualites\\\/wp-content\\\/uploads\\\/2015\\\/09\\\/LAlg\u00e9rie-transmet-sa-contribution.jpg\",\"contentUrl\":\"https:\\\/\\\/www.info-algerie.com\\\/actualites\\\/wp-content\\\/uploads\\\/2015\\\/09\\\/LAlg\u00e9rie-transmet-sa-contribution.jpg\",\"width\":2687,\"height\":1508,\"caption\":\"L'Alg\u00e9rie transmet sa contribution\"},{\"@type\":\"BreadcrumbList\",\"@id\":\"https:\\\/\\\/www.info-algerie.com\\\/actualites\\\/lalgerie-transmet-sa-contribution-a-la-conference-sur-les-changements-climatiques-prevue-en-decembre-a-paris\\\/#breadcrumb\",\"itemListElement\":[{\"@type\":\"ListItem\",\"position\":1,\"name\":\"Accueil\",\"item\":\"https:\\\/\\\/www.info-algerie.com\\\/actualites\\\/\"},{\"@type\":\"ListItem\",\"position\":2,\"name\":\"L&rsquo;Alg\u00e9rie transmet sa contribution \u00e0 la Conf\u00e9rence sur les changements climatiques pr\u00e9vue en d\u00e9cembre \u00e0 Paris\"}]},{\"@type\":\"WebSite\",\"@id\":\"https:\\\/\\\/www.info-algerie.com\\\/actualites\\\/#website\",\"url\":\"https:\\\/\\\/www.info-algerie.com\\\/actualites\\\/\",\"name\":\"info algerie\",\"description\":\"Toutes les actualit\u00e9s\",\"publisher\":{\"@id\":\"https:\\\/\\\/www.info-algerie.com\\\/actualites\\\/#organization\"},\"potentialAction\":[{\"@type\":\"SearchAction\",\"target\":{\"@type\":\"EntryPoint\",\"urlTemplate\":\"https:\\\/\\\/www.info-algerie.com\\\/actualites\\\/?s={search_term_string}\"},\"query-input\":{\"@type\":\"PropertyValueSpecification\",\"valueRequired\":true,\"valueName\":\"search_term_string\"}}],\"inLanguage\":\"fr-FR\"},{\"@type\":\"Organization\",\"@id\":\"https:\\\/\\\/www.info-algerie.com\\\/actualites\\\/#organization\",\"name\":\"info algerie\",\"url\":\"https:\\\/\\\/www.info-algerie.com\\\/actualites\\\/\",\"logo\":{\"@type\":\"ImageObject\",\"inLanguage\":\"fr-FR\",\"@id\":\"https:\\\/\\\/www.info-algerie.com\\\/actualites\\\/#\\\/schema\\\/logo\\\/image\\\/\",\"url\":\"https:\\\/\\\/www.info-algerie.com\\\/actualites\\\/wp-content\\\/uploads\\\/2022\\\/07\\\/logo-ia-120.png\",\"contentUrl\":\"https:\\\/\\\/www.info-algerie.com\\\/actualites\\\/wp-content\\\/uploads\\\/2022\\\/07\\\/logo-ia-120.png\",\"width\":120,\"height\":43,\"caption\":\"info algerie\"},\"image\":{\"@id\":\"https:\\\/\\\/www.info-algerie.com\\\/actualites\\\/#\\\/schema\\\/logo\\\/image\\\/\"},\"sameAs\":[\"https:\\\/\\\/www.facebook.com\\\/infoalgerieactu\",\"https:\\\/\\\/x.com\\\/infoalgerie1\"]},{\"@type\":\"Person\",\"@id\":\"https:\\\/\\\/www.info-algerie.com\\\/actualites\\\/#\\\/schema\\\/person\\\/847aaec44920825b843a08f30ec6aa1e\",\"name\":\"La r\u00e9daction\",\"image\":{\"@type\":\"ImageObject\",\"inLanguage\":\"fr-FR\",\"@id\":\"https:\\\/\\\/secure.gravatar.com\\\/avatar\\\/769db425c6f465158149f1ffd6cf61ce7a8a879d11dfbef8288af36dfddd418c?s=96&d=mm&r=g\",\"url\":\"https:\\\/\\\/secure.gravatar.com\\\/avatar\\\/769db425c6f465158149f1ffd6cf61ce7a8a879d11dfbef8288af36dfddd418c?s=96&d=mm&r=g\",\"contentUrl\":\"https:\\\/\\\/secure.gravatar.com\\\/avatar\\\/769db425c6f465158149f1ffd6cf61ce7a8a879d11dfbef8288af36dfddd418c?s=96&d=mm&r=g\",\"caption\":\"La r\u00e9daction\"},\"sameAs\":[\"http:\\\/\\\/www.lkeria.com\\\/\"],\"url\":\"https:\\\/\\\/www.info-algerie.com\\\/actualites\\\/author\\\/chakib32\\\/\"}]}<\/script>\n<!-- \/ Yoast SEO plugin. -->","yoast_head_json":{"title":"L'Alg\u00e9rie transmet sa contribution en pr\u00e9vision de la Cop 21","description":"L'Alg\u00e9rie transmet sa contribution \u00e0 la Conf\u00e9rence sur les changements climatiques pr\u00e9vue en d\u00e9cembre prochain \u00e0 Paris appel\u00e9e INDC.","robots":{"index":"index","follow":"follow","max-snippet":"max-snippet:-1","max-image-preview":"max-image-preview:large","max-video-preview":"max-video-preview:-1"},"canonical":"https:\/\/www.info-algerie.com\/actualites\/lalgerie-transmet-sa-contribution-a-la-conference-sur-les-changements-climatiques-prevue-en-decembre-a-paris\/","og_locale":"fr_FR","og_type":"article","og_title":"L'Alg\u00e9rie transmet sa contribution en pr\u00e9vision de la Cop 21","og_description":"L'Alg\u00e9rie transmet sa contribution \u00e0 la Conf\u00e9rence sur les changements climatiques pr\u00e9vue en d\u00e9cembre prochain \u00e0 Paris appel\u00e9e INDC.","og_url":"https:\/\/www.info-algerie.com\/actualites\/lalgerie-transmet-sa-contribution-a-la-conference-sur-les-changements-climatiques-prevue-en-decembre-a-paris\/","og_site_name":"info algerie","article_publisher":"https:\/\/www.facebook.com\/infoalgerieactu","article_published_time":"2015-09-04T13:31:35+00:00","article_modified_time":"2015-09-04T18:19:45+00:00","og_image":[{"width":2687,"height":1508,"url":"https:\/\/www.info-algerie.com\/actualites\/wp-content\/uploads\/2015\/09\/LAlg\u00e9rie-transmet-sa-contribution.jpg","type":"image\/jpeg"}],"author":"La r\u00e9daction","twitter_misc":{"\u00c9crit par":"La r\u00e9daction","Dur\u00e9e de lecture estim\u00e9e":"2 minutes"},"schema":{"@context":"https:\/\/schema.org","@graph":[{"@type":"Article","@id":"https:\/\/www.info-algerie.com\/actualites\/lalgerie-transmet-sa-contribution-a-la-conference-sur-les-changements-climatiques-prevue-en-decembre-a-paris\/#article","isPartOf":{"@id":"https:\/\/www.info-algerie.com\/actualites\/lalgerie-transmet-sa-contribution-a-la-conference-sur-les-changements-climatiques-prevue-en-decembre-a-paris\/"},"author":{"name":"La r\u00e9daction","@id":"https:\/\/www.info-algerie.com\/actualites\/#\/schema\/person\/847aaec44920825b843a08f30ec6aa1e"},"headline":"L&rsquo;Alg\u00e9rie transmet sa contribution \u00e0 la Conf\u00e9rence sur les changements climatiques pr\u00e9vue en d\u00e9cembre \u00e0 Paris","datePublished":"2015-09-04T13:31:35+00:00","dateModified":"2015-09-04T18:19:45+00:00","mainEntityOfPage":{"@id":"https:\/\/www.info-algerie.com\/actualites\/lalgerie-transmet-sa-contribution-a-la-conference-sur-les-changements-climatiques-prevue-en-decembre-a-paris\/"},"wordCount":334,"commentCount":0,"publisher":{"@id":"https:\/\/www.info-algerie.com\/actualites\/#organization"},"image":{"@id":"https:\/\/www.info-algerie.com\/actualites\/lalgerie-transmet-sa-contribution-a-la-conference-sur-les-changements-climatiques-prevue-en-decembre-a-paris\/#primaryimage"},"thumbnailUrl":"https:\/\/www.info-algerie.com\/actualites\/wp-content\/uploads\/2015\/09\/LAlg\u00e9rie-transmet-sa-contribution.jpg","keywords":["climat","cop 21"],"articleSection":["infos"],"inLanguage":"fr-FR","potentialAction":[{"@type":"CommentAction","name":"Comment","target":["https:\/\/www.info-algerie.com\/actualites\/lalgerie-transmet-sa-contribution-a-la-conference-sur-les-changements-climatiques-prevue-en-decembre-a-paris\/#respond"]}]},{"@type":"WebPage","@id":"https:\/\/www.info-algerie.com\/actualites\/lalgerie-transmet-sa-contribution-a-la-conference-sur-les-changements-climatiques-prevue-en-decembre-a-paris\/","url":"https:\/\/www.info-algerie.com\/actualites\/lalgerie-transmet-sa-contribution-a-la-conference-sur-les-changements-climatiques-prevue-en-decembre-a-paris\/","name":"L'Alg\u00e9rie transmet sa contribution en pr\u00e9vision de la Cop 21","isPartOf":{"@id":"https:\/\/www.info-algerie.com\/actualites\/#website"},"primaryImageOfPage":{"@id":"https:\/\/www.info-algerie.com\/actualites\/lalgerie-transmet-sa-contribution-a-la-conference-sur-les-changements-climatiques-prevue-en-decembre-a-paris\/#primaryimage"},"image":{"@id":"https:\/\/www.info-algerie.com\/actualites\/lalgerie-transmet-sa-contribution-a-la-conference-sur-les-changements-climatiques-prevue-en-decembre-a-paris\/#primaryimage"},"thumbnailUrl":"https:\/\/www.info-algerie.com\/actualites\/wp-content\/uploads\/2015\/09\/LAlg\u00e9rie-transmet-sa-contribution.jpg","datePublished":"2015-09-04T13:31:35+00:00","dateModified":"2015-09-04T18:19:45+00:00","description":"L'Alg\u00e9rie transmet sa contribution \u00e0 la Conf\u00e9rence sur les changements climatiques pr\u00e9vue en d\u00e9cembre prochain \u00e0 Paris appel\u00e9e INDC.","breadcrumb":{"@id":"https:\/\/www.info-algerie.com\/actualites\/lalgerie-transmet-sa-contribution-a-la-conference-sur-les-changements-climatiques-prevue-en-decembre-a-paris\/#breadcrumb"},"inLanguage":"fr-FR","potentialAction":[{"@type":"ReadAction","target":["https:\/\/www.info-algerie.com\/actualites\/lalgerie-transmet-sa-contribution-a-la-conference-sur-les-changements-climatiques-prevue-en-decembre-a-paris\/"]}]},{"@type":"ImageObject","inLanguage":"fr-FR","@id":"https:\/\/www.info-algerie.com\/actualites\/lalgerie-transmet-sa-contribution-a-la-conference-sur-les-changements-climatiques-prevue-en-decembre-a-paris\/#primaryimage","url":"https:\/\/www.info-algerie.com\/actualites\/wp-content\/uploads\/2015\/09\/LAlg\u00e9rie-transmet-sa-contribution.jpg","contentUrl":"https:\/\/www.info-algerie.com\/actualites\/wp-content\/uploads\/2015\/09\/LAlg\u00e9rie-transmet-sa-contribution.jpg","width":2687,"height":1508,"caption":"L'Alg\u00e9rie transmet sa contribution"},{"@type":"BreadcrumbList","@id":"https:\/\/www.info-algerie.com\/actualites\/lalgerie-transmet-sa-contribution-a-la-conference-sur-les-changements-climatiques-prevue-en-decembre-a-paris\/#breadcrumb","itemListElement":[{"@type":"ListItem","position":1,"name":"Accueil","item":"https:\/\/www.info-algerie.com\/actualites\/"},{"@type":"ListItem","position":2,"name":"L&rsquo;Alg\u00e9rie transmet sa contribution \u00e0 la Conf\u00e9rence sur les changements climatiques pr\u00e9vue en d\u00e9cembre \u00e0 Paris"}]},{"@type":"WebSite","@id":"https:\/\/www.info-algerie.com\/actualites\/#website","url":"https:\/\/www.info-algerie.com\/actualites\/","name":"info algerie","description":"Toutes les actualit\u00e9s","publisher":{"@id":"https:\/\/www.info-algerie.com\/actualites\/#organization"},"potentialAction":[{"@type":"SearchAction","target":{"@type":"EntryPoint","urlTemplate":"https:\/\/www.info-algerie.com\/actualites\/?s={search_term_string}"},"query-input":{"@type":"PropertyValueSpecification","valueRequired":true,"valueName":"search_term_string"}}],"inLanguage":"fr-FR"},{"@type":"Organization","@id":"https:\/\/www.info-algerie.com\/actualites\/#organization","name":"info algerie","url":"https:\/\/www.info-algerie.com\/actualites\/","logo":{"@type":"ImageObject","inLanguage":"fr-FR","@id":"https:\/\/www.info-algerie.com\/actualites\/#\/schema\/logo\/image\/","url":"https:\/\/www.info-algerie.com\/actualites\/wp-content\/uploads\/2022\/07\/logo-ia-120.png","contentUrl":"https:\/\/www.info-algerie.com\/actualites\/wp-content\/uploads\/2022\/07\/logo-ia-120.png","width":120,"height":43,"caption":"info algerie"},"image":{"@id":"https:\/\/www.info-algerie.com\/actualites\/#\/schema\/logo\/image\/"},"sameAs":["https:\/\/www.facebook.com\/infoalgerieactu","https:\/\/x.com\/infoalgerie1"]},{"@type":"Person","@id":"https:\/\/www.info-algerie.com\/actualites\/#\/schema\/person\/847aaec44920825b843a08f30ec6aa1e","name":"La r\u00e9daction","image":{"@type":"ImageObject","inLanguage":"fr-FR","@id":"https:\/\/secure.gravatar.com\/avatar\/769db425c6f465158149f1ffd6cf61ce7a8a879d11dfbef8288af36dfddd418c?s=96&d=mm&r=g","url":"https:\/\/secure.gravatar.com\/avatar\/769db425c6f465158149f1ffd6cf61ce7a8a879d11dfbef8288af36dfddd418c?s=96&d=mm&r=g","contentUrl":"https:\/\/secure.gravatar.com\/avatar\/769db425c6f465158149f1ffd6cf61ce7a8a879d11dfbef8288af36dfddd418c?s=96&d=mm&r=g","caption":"La r\u00e9daction"},"sameAs":["http:\/\/www.lkeria.com\/"],"url":"https:\/\/www.info-algerie.com\/actualites\/author\/chakib32\/"}]}},"_links":{"self":[{"href":"https:\/\/www.info-algerie.com\/actualites\/wp-json\/wp\/v2\/posts\/558","targetHints":{"allow":["GET"]}}],"collection":[{"href":"https:\/\/www.info-algerie.com\/actualites\/wp-json\/wp\/v2\/posts"}],"about":[{"href":"https:\/\/www.info-algerie.com\/actualites\/wp-json\/wp\/v2\/types\/post"}],"author":[{"embeddable":true,"href":"https:\/\/www.info-algerie.com\/actualites\/wp-json\/wp\/v2\/users\/6"}],"replies":[{"embeddable":true,"href":"https:\/\/www.info-algerie.com\/actualites\/wp-json\/wp\/v2\/comments?post=558"}],"version-history":[{"count":2,"href":"https:\/\/www.info-algerie.com\/actualites\/wp-json\/wp\/v2\/posts\/558\/revisions"}],"predecessor-version":[{"id":563,"href":"https:\/\/www.info-algerie.com\/actualites\/wp-json\/wp\/v2\/posts\/558\/revisions\/563"}],"wp:featuredmedia":[{"embeddable":true,"href":"https:\/\/www.info-algerie.com\/actualites\/wp-json\/wp\/v2\/media\/562"}],"wp:attachment":[{"href":"https:\/\/www.info-algerie.com\/actualites\/wp-json\/wp\/v2\/media?parent=558"}],"wp:term":[{"taxonomy":"category","embeddable":true,"href":"https:\/\/www.info-algerie.com\/actualites\/wp-json\/wp\/v2\/categories?post=558"},{"taxonomy":"post_tag","embeddable":true,"href":"https:\/\/www.info-algerie.com\/actualites\/wp-json\/wp\/v2\/tags?post=558"}],"curies":[{"name":"wp","href":"https:\/\/api.w.org\/{rel}","templated":true}]}}