{"id":606,"date":"2015-09-06T15:25:25","date_gmt":"2015-09-06T14:25:25","guid":{"rendered":"http:\/\/www.info-algerie.com\/actualites\/interview-du-president-du-senat-gerard-larcher-a-laps\/"},"modified":"2015-09-06T15:25:25","modified_gmt":"2015-09-06T14:25:25","slug":"interview-du-president-du-senat-gerard-larcher-a-laps","status":"publish","type":"post","link":"https:\/\/www.info-algerie.com\/actualites\/interview-du-president-du-senat-gerard-larcher-a-laps\/","title":{"rendered":"Interview du Pr\u00e9sident du S\u00e9nat, G\u00e9rard Larcher \u00e0 l\u2019APS"},"content":{"rendered":"<div class=\"K2FeedImage\"><img decoding=\"async\" src=\"\" alt=\"Interview du Pr&#xE9;sident du S&#xE9;nat, G&#xE9;rard Larcher &#xE0; l&#x2019;APS\" \/><\/div>\n<div class=\"K2FeedIntroText\"> Question n\u00b0 1: \u00ab\u00a0Vous effectuez une visite de travail en Alg\u00e9rie dans un contexte marqu\u00e9 par une intensit\u00e9 de la coop\u00e9ration bilat\u00e9rale entre Alger et Paris. Quels seront les\u00a0axes de discussions que vous allez aborder avec la partie alg\u00e9rienne\u00a0?\u00a0\u00bb Je suis tr\u00e8s heureux de revenir en\u2026<\/div>\n<p>&#013;<br \/>\nSource: <a href=\"http:\/\/www.aps.dz\/algerie\/28167-interview-du-pr%C3%A9sident-du-s%C3%A9nat,-g%C3%A9rard-larcher-%C3%A0-l%E2%80%99aps\" target=\"_blank\">Interview du Pr\u00e9sident du S\u00e9nat, G\u00e9rard Larcher \u00e0 l\u2019APS<\/a><\/p>\n<!--CusAds0-->\n<div style=\"font-size: 0px; height: 0px; line-height: 0px; margin: 0; padding: 0; clear: both;\"><\/div>","protected":false},"excerpt":{"rendered":"<p>Question n\u00b0 1: \u00ab\u00a0Vous effectuez une visite de travail en Alg\u00e9rie dans un contexte marqu\u00e9 par une intensit\u00e9 de la coop\u00e9ration bilat\u00e9rale entre Alger et Paris. Quels seront les\u00a0axes de discussions que vous allez aborder avec la partie alg\u00e9rienne\u00a0?\u00a0\u00bb Je suis tr\u00e8s heureux de revenir en\u2026 &#013; Source: Interview du Pr\u00e9sident du S\u00e9nat, G\u00e9rard Larcher<\/p>\n","protected":false},"author":6,"featured_media":0,"comment_status":"open","ping_status":"open","sticky":false,"template":"","format":"standard","meta":{"footnotes":""},"categories":[8],"tags":[],"class_list":["post-606","post","type-post","status-publish","format-standard","hentry","category-immobilier"],"yoast_head":"<!-- This site is optimized with the Yoast SEO plugin v27.5 - https:\/\/yoast.com\/product\/yoast-seo-wordpress\/ -->\n<title>Interview du Pr\u00e9sident du S\u00e9nat, G\u00e9rard Larcher \u00e0 l\u2019APS - info algerie<\/title>\n<meta name=\"robots\" content=\"index, follow, max-snippet:-1, max-image-preview:large, max-video-preview:-1\" \/>\n<link rel=\"canonical\" href=\"https:\/\/www.info-algerie.com\/actualites\/interview-du-president-du-senat-gerard-larcher-a-laps\/\" \/>\n<meta property=\"og:locale\" content=\"fr_FR\" \/>\n<meta property=\"og:type\" content=\"article\" \/>\n<meta property=\"og:title\" content=\"Interview du Pr\u00e9sident du S\u00e9nat, G\u00e9rard Larcher \u00e0 l\u2019APS - info algerie\" \/>\n<meta property=\"og:description\" content=\"Question n\u00b0 1: \u00ab\u00a0Vous effectuez une visite de travail en Alg\u00e9rie dans un contexte marqu\u00e9 par une intensit\u00e9 de la coop\u00e9ration bilat\u00e9rale entre Alger et Paris. Quels seront les\u00a0axes de discussions que vous allez aborder avec la partie alg\u00e9rienne\u00a0?\u00a0\u00bb Je suis tr\u00e8s heureux de revenir en\u2026 &#013; Source: Interview du Pr\u00e9sident du S\u00e9nat, G\u00e9rard Larcher\" \/>\n<meta property=\"og:url\" content=\"https:\/\/www.info-algerie.com\/actualites\/interview-du-president-du-senat-gerard-larcher-a-laps\/\" \/>\n<meta property=\"og:site_name\" content=\"info algerie\" \/>\n<meta property=\"article:publisher\" content=\"https:\/\/www.facebook.com\/infoalgerieactu\" \/>\n<meta property=\"article:published_time\" content=\"2015-09-06T14:25:25+00:00\" \/>\n<meta name=\"author\" content=\"La r\u00e9daction\" \/>\n<meta name=\"twitter:label1\" content=\"\u00c9crit par\" \/>\n\t<meta name=\"twitter:data1\" content=\"La r\u00e9daction\" \/>\n<script type=\"application\/ld+json\" class=\"yoast-schema-graph\">{\"@context\":\"https:\\\/\\\/schema.org\",\"@graph\":[{\"@type\":\"Article\",\"@id\":\"https:\\\/\\\/www.info-algerie.com\\\/actualites\\\/interview-du-president-du-senat-gerard-larcher-a-laps\\\/#article\",\"isPartOf\":{\"@id\":\"https:\\\/\\\/www.info-algerie.com\\\/actualites\\\/interview-du-president-du-senat-gerard-larcher-a-laps\\\/\"},\"author\":{\"name\":\"La r\u00e9daction\",\"@id\":\"https:\\\/\\\/www.info-algerie.com\\\/actualites\\\/#\\\/schema\\\/person\\\/847aaec44920825b843a08f30ec6aa1e\"},\"headline\":\"Interview du Pr\u00e9sident du S\u00e9nat, G\u00e9rard Larcher \u00e0 l\u2019APS\",\"datePublished\":\"2015-09-06T14:25:25+00:00\",\"mainEntityOfPage\":{\"@id\":\"https:\\\/\\\/www.info-algerie.com\\\/actualites\\\/interview-du-president-du-senat-gerard-larcher-a-laps\\\/\"},\"wordCount\":76,\"commentCount\":0,\"publisher\":{\"@id\":\"https:\\\/\\\/www.info-algerie.com\\\/actualites\\\/#organization\"},\"articleSection\":[\"immobilier\"],\"inLanguage\":\"fr-FR\",\"potentialAction\":[{\"@type\":\"CommentAction\",\"name\":\"Comment\",\"target\":[\"https:\\\/\\\/www.info-algerie.com\\\/actualites\\\/interview-du-president-du-senat-gerard-larcher-a-laps\\\/#respond\"]}]},{\"@type\":\"WebPage\",\"@id\":\"https:\\\/\\\/www.info-algerie.com\\\/actualites\\\/interview-du-president-du-senat-gerard-larcher-a-laps\\\/\",\"url\":\"https:\\\/\\\/www.info-algerie.com\\\/actualites\\\/interview-du-president-du-senat-gerard-larcher-a-laps\\\/\",\"name\":\"Interview du Pr\u00e9sident du S\u00e9nat, G\u00e9rard Larcher \u00e0 l\u2019APS - info algerie\",\"isPartOf\":{\"@id\":\"https:\\\/\\\/www.info-algerie.com\\\/actualites\\\/#website\"},\"datePublished\":\"2015-09-06T14:25:25+00:00\",\"breadcrumb\":{\"@id\":\"https:\\\/\\\/www.info-algerie.com\\\/actualites\\\/interview-du-president-du-senat-gerard-larcher-a-laps\\\/#breadcrumb\"},\"inLanguage\":\"fr-FR\",\"potentialAction\":[{\"@type\":\"ReadAction\",\"target\":[\"https:\\\/\\\/www.info-algerie.com\\\/actualites\\\/interview-du-president-du-senat-gerard-larcher-a-laps\\\/\"]}]},{\"@type\":\"BreadcrumbList\",\"@id\":\"https:\\\/\\\/www.info-algerie.com\\\/actualites\\\/interview-du-president-du-senat-gerard-larcher-a-laps\\\/#breadcrumb\",\"itemListElement\":[{\"@type\":\"ListItem\",\"position\":1,\"name\":\"Accueil\",\"item\":\"https:\\\/\\\/www.info-algerie.com\\\/actualites\\\/\"},{\"@type\":\"ListItem\",\"position\":2,\"name\":\"Interview du Pr\u00e9sident du S\u00e9nat, G\u00e9rard Larcher \u00e0 l\u2019APS\"}]},{\"@type\":\"WebSite\",\"@id\":\"https:\\\/\\\/www.info-algerie.com\\\/actualites\\\/#website\",\"url\":\"https:\\\/\\\/www.info-algerie.com\\\/actualites\\\/\",\"name\":\"info algerie\",\"description\":\"Toutes les actualit\u00e9s\",\"publisher\":{\"@id\":\"https:\\\/\\\/www.info-algerie.com\\\/actualites\\\/#organization\"},\"potentialAction\":[{\"@type\":\"SearchAction\",\"target\":{\"@type\":\"EntryPoint\",\"urlTemplate\":\"https:\\\/\\\/www.info-algerie.com\\\/actualites\\\/?s={search_term_string}\"},\"query-input\":{\"@type\":\"PropertyValueSpecification\",\"valueRequired\":true,\"valueName\":\"search_term_string\"}}],\"inLanguage\":\"fr-FR\"},{\"@type\":\"Organization\",\"@id\":\"https:\\\/\\\/www.info-algerie.com\\\/actualites\\\/#organization\",\"name\":\"info algerie\",\"url\":\"https:\\\/\\\/www.info-algerie.com\\\/actualites\\\/\",\"logo\":{\"@type\":\"ImageObject\",\"inLanguage\":\"fr-FR\",\"@id\":\"https:\\\/\\\/www.info-algerie.com\\\/actualites\\\/#\\\/schema\\\/logo\\\/image\\\/\",\"url\":\"https:\\\/\\\/www.info-algerie.com\\\/actualites\\\/wp-content\\\/uploads\\\/2022\\\/07\\\/logo-ia-120.png\",\"contentUrl\":\"https:\\\/\\\/www.info-algerie.com\\\/actualites\\\/wp-content\\\/uploads\\\/2022\\\/07\\\/logo-ia-120.png\",\"width\":120,\"height\":43,\"caption\":\"info algerie\"},\"image\":{\"@id\":\"https:\\\/\\\/www.info-algerie.com\\\/actualites\\\/#\\\/schema\\\/logo\\\/image\\\/\"},\"sameAs\":[\"https:\\\/\\\/www.facebook.com\\\/infoalgerieactu\",\"https:\\\/\\\/x.com\\\/infoalgerie1\"]},{\"@type\":\"Person\",\"@id\":\"https:\\\/\\\/www.info-algerie.com\\\/actualites\\\/#\\\/schema\\\/person\\\/847aaec44920825b843a08f30ec6aa1e\",\"name\":\"La r\u00e9daction\",\"image\":{\"@type\":\"ImageObject\",\"inLanguage\":\"fr-FR\",\"@id\":\"https:\\\/\\\/secure.gravatar.com\\\/avatar\\\/769db425c6f465158149f1ffd6cf61ce7a8a879d11dfbef8288af36dfddd418c?s=96&d=mm&r=g\",\"url\":\"https:\\\/\\\/secure.gravatar.com\\\/avatar\\\/769db425c6f465158149f1ffd6cf61ce7a8a879d11dfbef8288af36dfddd418c?s=96&d=mm&r=g\",\"contentUrl\":\"https:\\\/\\\/secure.gravatar.com\\\/avatar\\\/769db425c6f465158149f1ffd6cf61ce7a8a879d11dfbef8288af36dfddd418c?s=96&d=mm&r=g\",\"caption\":\"La r\u00e9daction\"},\"sameAs\":[\"http:\\\/\\\/www.lkeria.com\\\/\"],\"url\":\"https:\\\/\\\/www.info-algerie.com\\\/actualites\\\/author\\\/chakib32\\\/\"}]}<\/script>\n<!-- \/ Yoast SEO plugin. -->","yoast_head_json":{"title":"Interview du Pr\u00e9sident du S\u00e9nat, G\u00e9rard Larcher \u00e0 l\u2019APS - info algerie","robots":{"index":"index","follow":"follow","max-snippet":"max-snippet:-1","max-image-preview":"max-image-preview:large","max-video-preview":"max-video-preview:-1"},"canonical":"https:\/\/www.info-algerie.com\/actualites\/interview-du-president-du-senat-gerard-larcher-a-laps\/","og_locale":"fr_FR","og_type":"article","og_title":"Interview du Pr\u00e9sident du S\u00e9nat, G\u00e9rard Larcher \u00e0 l\u2019APS - info algerie","og_description":"Question n\u00b0 1: \u00ab\u00a0Vous effectuez une visite de travail en Alg\u00e9rie dans un contexte marqu\u00e9 par une intensit\u00e9 de la coop\u00e9ration bilat\u00e9rale entre Alger et Paris. Quels seront les\u00a0axes de discussions que vous allez aborder avec la partie alg\u00e9rienne\u00a0?\u00a0\u00bb Je suis tr\u00e8s heureux de revenir en\u2026 &#013; Source: Interview du Pr\u00e9sident du S\u00e9nat, G\u00e9rard Larcher","og_url":"https:\/\/www.info-algerie.com\/actualites\/interview-du-president-du-senat-gerard-larcher-a-laps\/","og_site_name":"info algerie","article_publisher":"https:\/\/www.facebook.com\/infoalgerieactu","article_published_time":"2015-09-06T14:25:25+00:00","author":"La r\u00e9daction","twitter_misc":{"\u00c9crit par":"La r\u00e9daction"},"schema":{"@context":"https:\/\/schema.org","@graph":[{"@type":"Article","@id":"https:\/\/www.info-algerie.com\/actualites\/interview-du-president-du-senat-gerard-larcher-a-laps\/#article","isPartOf":{"@id":"https:\/\/www.info-algerie.com\/actualites\/interview-du-president-du-senat-gerard-larcher-a-laps\/"},"author":{"name":"La r\u00e9daction","@id":"https:\/\/www.info-algerie.com\/actualites\/#\/schema\/person\/847aaec44920825b843a08f30ec6aa1e"},"headline":"Interview du Pr\u00e9sident du S\u00e9nat, G\u00e9rard Larcher \u00e0 l\u2019APS","datePublished":"2015-09-06T14:25:25+00:00","mainEntityOfPage":{"@id":"https:\/\/www.info-algerie.com\/actualites\/interview-du-president-du-senat-gerard-larcher-a-laps\/"},"wordCount":76,"commentCount":0,"publisher":{"@id":"https:\/\/www.info-algerie.com\/actualites\/#organization"},"articleSection":["immobilier"],"inLanguage":"fr-FR","potentialAction":[{"@type":"CommentAction","name":"Comment","target":["https:\/\/www.info-algerie.com\/actualites\/interview-du-president-du-senat-gerard-larcher-a-laps\/#respond"]}]},{"@type":"WebPage","@id":"https:\/\/www.info-algerie.com\/actualites\/interview-du-president-du-senat-gerard-larcher-a-laps\/","url":"https:\/\/www.info-algerie.com\/actualites\/interview-du-president-du-senat-gerard-larcher-a-laps\/","name":"Interview du Pr\u00e9sident du S\u00e9nat, G\u00e9rard Larcher \u00e0 l\u2019APS - info algerie","isPartOf":{"@id":"https:\/\/www.info-algerie.com\/actualites\/#website"},"datePublished":"2015-09-06T14:25:25+00:00","breadcrumb":{"@id":"https:\/\/www.info-algerie.com\/actualites\/interview-du-president-du-senat-gerard-larcher-a-laps\/#breadcrumb"},"inLanguage":"fr-FR","potentialAction":[{"@type":"ReadAction","target":["https:\/\/www.info-algerie.com\/actualites\/interview-du-president-du-senat-gerard-larcher-a-laps\/"]}]},{"@type":"BreadcrumbList","@id":"https:\/\/www.info-algerie.com\/actualites\/interview-du-president-du-senat-gerard-larcher-a-laps\/#breadcrumb","itemListElement":[{"@type":"ListItem","position":1,"name":"Accueil","item":"https:\/\/www.info-algerie.com\/actualites\/"},{"@type":"ListItem","position":2,"name":"Interview du Pr\u00e9sident du S\u00e9nat, G\u00e9rard Larcher \u00e0 l\u2019APS"}]},{"@type":"WebSite","@id":"https:\/\/www.info-algerie.com\/actualites\/#website","url":"https:\/\/www.info-algerie.com\/actualites\/","name":"info algerie","description":"Toutes les actualit\u00e9s","publisher":{"@id":"https:\/\/www.info-algerie.com\/actualites\/#organization"},"potentialAction":[{"@type":"SearchAction","target":{"@type":"EntryPoint","urlTemplate":"https:\/\/www.info-algerie.com\/actualites\/?s={search_term_string}"},"query-input":{"@type":"PropertyValueSpecification","valueRequired":true,"valueName":"search_term_string"}}],"inLanguage":"fr-FR"},{"@type":"Organization","@id":"https:\/\/www.info-algerie.com\/actualites\/#organization","name":"info algerie","url":"https:\/\/www.info-algerie.com\/actualites\/","logo":{"@type":"ImageObject","inLanguage":"fr-FR","@id":"https:\/\/www.info-algerie.com\/actualites\/#\/schema\/logo\/image\/","url":"https:\/\/www.info-algerie.com\/actualites\/wp-content\/uploads\/2022\/07\/logo-ia-120.png","contentUrl":"https:\/\/www.info-algerie.com\/actualites\/wp-content\/uploads\/2022\/07\/logo-ia-120.png","width":120,"height":43,"caption":"info algerie"},"image":{"@id":"https:\/\/www.info-algerie.com\/actualites\/#\/schema\/logo\/image\/"},"sameAs":["https:\/\/www.facebook.com\/infoalgerieactu","https:\/\/x.com\/infoalgerie1"]},{"@type":"Person","@id":"https:\/\/www.info-algerie.com\/actualites\/#\/schema\/person\/847aaec44920825b843a08f30ec6aa1e","name":"La r\u00e9daction","image":{"@type":"ImageObject","inLanguage":"fr-FR","@id":"https:\/\/secure.gravatar.com\/avatar\/769db425c6f465158149f1ffd6cf61ce7a8a879d11dfbef8288af36dfddd418c?s=96&d=mm&r=g","url":"https:\/\/secure.gravatar.com\/avatar\/769db425c6f465158149f1ffd6cf61ce7a8a879d11dfbef8288af36dfddd418c?s=96&d=mm&r=g","contentUrl":"https:\/\/secure.gravatar.com\/avatar\/769db425c6f465158149f1ffd6cf61ce7a8a879d11dfbef8288af36dfddd418c?s=96&d=mm&r=g","caption":"La r\u00e9daction"},"sameAs":["http:\/\/www.lkeria.com\/"],"url":"https:\/\/www.info-algerie.com\/actualites\/author\/chakib32\/"}]}},"_links":{"self":[{"href":"https:\/\/www.info-algerie.com\/actualites\/wp-json\/wp\/v2\/posts\/606","targetHints":{"allow":["GET"]}}],"collection":[{"href":"https:\/\/www.info-algerie.com\/actualites\/wp-json\/wp\/v2\/posts"}],"about":[{"href":"https:\/\/www.info-algerie.com\/actualites\/wp-json\/wp\/v2\/types\/post"}],"author":[{"embeddable":true,"href":"https:\/\/www.info-algerie.com\/actualites\/wp-json\/wp\/v2\/users\/6"}],"replies":[{"embeddable":true,"href":"https:\/\/www.info-algerie.com\/actualites\/wp-json\/wp\/v2\/comments?post=606"}],"version-history":[{"count":0,"href":"https:\/\/www.info-algerie.com\/actualites\/wp-json\/wp\/v2\/posts\/606\/revisions"}],"wp:attachment":[{"href":"https:\/\/www.info-algerie.com\/actualites\/wp-json\/wp\/v2\/media?parent=606"}],"wp:term":[{"taxonomy":"category","embeddable":true,"href":"https:\/\/www.info-algerie.com\/actualites\/wp-json\/wp\/v2\/categories?post=606"},{"taxonomy":"post_tag","embeddable":true,"href":"https:\/\/www.info-algerie.com\/actualites\/wp-json\/wp\/v2\/tags?post=606"}],"curies":[{"name":"wp","href":"https:\/\/api.w.org\/{rel}","templated":true}]}}