{"id":613,"date":"2015-09-06T16:42:32","date_gmt":"2015-09-06T15:42:32","guid":{"rendered":"http:\/\/www.info-algerie.com\/actualites\/sahel-messahel-pour-le-renforcement-de-la-concertation-et-la-coordination-des-positions-face-aux-differents-defis\/"},"modified":"2015-09-06T16:42:32","modified_gmt":"2015-09-06T15:42:32","slug":"sahel-messahel-pour-le-renforcement-de-la-concertation-et-la-coordination-des-positions-face-aux-differents-defis","status":"publish","type":"post","link":"https:\/\/www.info-algerie.com\/actualites\/sahel-messahel-pour-le-renforcement-de-la-concertation-et-la-coordination-des-positions-face-aux-differents-defis\/","title":{"rendered":"Sahel : Messahel pour le renforcement de la concertation et la coordination des positions face aux diff\u00e9rents d\u00e9fis"},"content":{"rendered":"<div class=\"K2FeedImage\"><img decoding=\"async\" src=\"\" alt=\"Sahel : Messahel pour le renforcement de la concertation et la coordination des positions face aux diff&#xE9;rents d&#xE9;fis\" \/><\/div>\n<div class=\"K2FeedIntroText\"> ALGER -Le ministre des Affaires maghr\u00e9bines, de l&rsquo;Union africaine et de la Ligue des Etats arabes, Abdelkader Messahel, a insist\u00e9 dimanche \u00e0 Alger sur la n\u00e9cessit\u00e9 de renforcer la concertation et de coordonner les positions des pays de la r\u00e9gion du Sahel afin de faire face aux diff\u00e9rents d\u00e9fis, notamment\u2026<\/div>\n<p>&#013;<br \/>\nSource: <a href=\"http:\/\/www.aps.dz\/algerie\/28176-sahel-messahel-pour-le-renforcement-de-la-concertation-et-la-coordination-des-positions-face-aux-diff%C3%A9rents-d%C3%A9fis\" target=\"_blank\">Sahel : Messahel pour le renforcement de la concertation et la coordination des positions face aux diff\u00e9rents d\u00e9fis<\/a><\/p>\n<!--CusAds0-->\n<div style=\"font-size: 0px; height: 0px; line-height: 0px; margin: 0; padding: 0; clear: both;\"><\/div>","protected":false},"excerpt":{"rendered":"<p>ALGER -Le ministre des Affaires maghr\u00e9bines, de l&rsquo;Union africaine et de la Ligue des Etats arabes, Abdelkader Messahel, a insist\u00e9 dimanche \u00e0 Alger sur la n\u00e9cessit\u00e9 de renforcer la concertation et de coordonner les positions des pays de la r\u00e9gion du Sahel afin de faire face aux diff\u00e9rents d\u00e9fis, notamment\u2026 &#013; Source: Sahel : Messahel<\/p>\n","protected":false},"author":6,"featured_media":0,"comment_status":"open","ping_status":"open","sticky":false,"template":"","format":"standard","meta":{"footnotes":""},"categories":[8],"tags":[],"class_list":["post-613","post","type-post","status-publish","format-standard","hentry","category-immobilier"],"yoast_head":"<!-- This site is optimized with the Yoast SEO plugin v27.5 - https:\/\/yoast.com\/product\/yoast-seo-wordpress\/ -->\n<title>Sahel : Messahel pour le renforcement de la concertation et la coordination des positions face aux diff\u00e9rents d\u00e9fis - info algerie<\/title>\n<meta name=\"robots\" content=\"index, follow, max-snippet:-1, max-image-preview:large, max-video-preview:-1\" \/>\n<link rel=\"canonical\" href=\"https:\/\/www.info-algerie.com\/actualites\/sahel-messahel-pour-le-renforcement-de-la-concertation-et-la-coordination-des-positions-face-aux-differents-defis\/\" \/>\n<meta property=\"og:locale\" content=\"fr_FR\" \/>\n<meta property=\"og:type\" content=\"article\" \/>\n<meta property=\"og:title\" content=\"Sahel : Messahel pour le renforcement de la concertation et la coordination des positions face aux diff\u00e9rents d\u00e9fis - info algerie\" \/>\n<meta property=\"og:description\" content=\"ALGER -Le ministre des Affaires maghr\u00e9bines, de l&rsquo;Union africaine et de la Ligue des Etats arabes, Abdelkader Messahel, a insist\u00e9 dimanche \u00e0 Alger sur la n\u00e9cessit\u00e9 de renforcer la concertation et de coordonner les positions des pays de la r\u00e9gion du Sahel afin de faire face aux diff\u00e9rents d\u00e9fis, notamment\u2026 &#013; Source: Sahel : Messahel\" \/>\n<meta property=\"og:url\" content=\"https:\/\/www.info-algerie.com\/actualites\/sahel-messahel-pour-le-renforcement-de-la-concertation-et-la-coordination-des-positions-face-aux-differents-defis\/\" \/>\n<meta property=\"og:site_name\" content=\"info algerie\" \/>\n<meta property=\"article:publisher\" content=\"https:\/\/www.facebook.com\/infoalgerieactu\" \/>\n<meta property=\"article:published_time\" content=\"2015-09-06T15:42:32+00:00\" \/>\n<meta name=\"author\" content=\"La r\u00e9daction\" \/>\n<meta name=\"twitter:label1\" content=\"\u00c9crit par\" \/>\n\t<meta name=\"twitter:data1\" content=\"La r\u00e9daction\" \/>\n<script type=\"application\/ld+json\" class=\"yoast-schema-graph\">{\"@context\":\"https:\\\/\\\/schema.org\",\"@graph\":[{\"@type\":\"Article\",\"@id\":\"https:\\\/\\\/www.info-algerie.com\\\/actualites\\\/sahel-messahel-pour-le-renforcement-de-la-concertation-et-la-coordination-des-positions-face-aux-differents-defis\\\/#article\",\"isPartOf\":{\"@id\":\"https:\\\/\\\/www.info-algerie.com\\\/actualites\\\/sahel-messahel-pour-le-renforcement-de-la-concertation-et-la-coordination-des-positions-face-aux-differents-defis\\\/\"},\"author\":{\"name\":\"La r\u00e9daction\",\"@id\":\"https:\\\/\\\/www.info-algerie.com\\\/actualites\\\/#\\\/schema\\\/person\\\/847aaec44920825b843a08f30ec6aa1e\"},\"headline\":\"Sahel : Messahel pour le renforcement de la concertation et la coordination des positions face aux diff\u00e9rents d\u00e9fis\",\"datePublished\":\"2015-09-06T15:42:32+00:00\",\"mainEntityOfPage\":{\"@id\":\"https:\\\/\\\/www.info-algerie.com\\\/actualites\\\/sahel-messahel-pour-le-renforcement-de-la-concertation-et-la-coordination-des-positions-face-aux-differents-defis\\\/\"},\"wordCount\":94,\"commentCount\":0,\"publisher\":{\"@id\":\"https:\\\/\\\/www.info-algerie.com\\\/actualites\\\/#organization\"},\"articleSection\":[\"immobilier\"],\"inLanguage\":\"fr-FR\",\"potentialAction\":[{\"@type\":\"CommentAction\",\"name\":\"Comment\",\"target\":[\"https:\\\/\\\/www.info-algerie.com\\\/actualites\\\/sahel-messahel-pour-le-renforcement-de-la-concertation-et-la-coordination-des-positions-face-aux-differents-defis\\\/#respond\"]}]},{\"@type\":\"WebPage\",\"@id\":\"https:\\\/\\\/www.info-algerie.com\\\/actualites\\\/sahel-messahel-pour-le-renforcement-de-la-concertation-et-la-coordination-des-positions-face-aux-differents-defis\\\/\",\"url\":\"https:\\\/\\\/www.info-algerie.com\\\/actualites\\\/sahel-messahel-pour-le-renforcement-de-la-concertation-et-la-coordination-des-positions-face-aux-differents-defis\\\/\",\"name\":\"Sahel : Messahel pour le renforcement de la concertation et la coordination des positions face aux diff\u00e9rents d\u00e9fis - info algerie\",\"isPartOf\":{\"@id\":\"https:\\\/\\\/www.info-algerie.com\\\/actualites\\\/#website\"},\"datePublished\":\"2015-09-06T15:42:32+00:00\",\"breadcrumb\":{\"@id\":\"https:\\\/\\\/www.info-algerie.com\\\/actualites\\\/sahel-messahel-pour-le-renforcement-de-la-concertation-et-la-coordination-des-positions-face-aux-differents-defis\\\/#breadcrumb\"},\"inLanguage\":\"fr-FR\",\"potentialAction\":[{\"@type\":\"ReadAction\",\"target\":[\"https:\\\/\\\/www.info-algerie.com\\\/actualites\\\/sahel-messahel-pour-le-renforcement-de-la-concertation-et-la-coordination-des-positions-face-aux-differents-defis\\\/\"]}]},{\"@type\":\"BreadcrumbList\",\"@id\":\"https:\\\/\\\/www.info-algerie.com\\\/actualites\\\/sahel-messahel-pour-le-renforcement-de-la-concertation-et-la-coordination-des-positions-face-aux-differents-defis\\\/#breadcrumb\",\"itemListElement\":[{\"@type\":\"ListItem\",\"position\":1,\"name\":\"Accueil\",\"item\":\"https:\\\/\\\/www.info-algerie.com\\\/actualites\\\/\"},{\"@type\":\"ListItem\",\"position\":2,\"name\":\"Sahel : Messahel pour le renforcement de la concertation et la coordination des positions face aux diff\u00e9rents d\u00e9fis\"}]},{\"@type\":\"WebSite\",\"@id\":\"https:\\\/\\\/www.info-algerie.com\\\/actualites\\\/#website\",\"url\":\"https:\\\/\\\/www.info-algerie.com\\\/actualites\\\/\",\"name\":\"info algerie\",\"description\":\"Toutes les actualit\u00e9s\",\"publisher\":{\"@id\":\"https:\\\/\\\/www.info-algerie.com\\\/actualites\\\/#organization\"},\"potentialAction\":[{\"@type\":\"SearchAction\",\"target\":{\"@type\":\"EntryPoint\",\"urlTemplate\":\"https:\\\/\\\/www.info-algerie.com\\\/actualites\\\/?s={search_term_string}\"},\"query-input\":{\"@type\":\"PropertyValueSpecification\",\"valueRequired\":true,\"valueName\":\"search_term_string\"}}],\"inLanguage\":\"fr-FR\"},{\"@type\":\"Organization\",\"@id\":\"https:\\\/\\\/www.info-algerie.com\\\/actualites\\\/#organization\",\"name\":\"info algerie\",\"url\":\"https:\\\/\\\/www.info-algerie.com\\\/actualites\\\/\",\"logo\":{\"@type\":\"ImageObject\",\"inLanguage\":\"fr-FR\",\"@id\":\"https:\\\/\\\/www.info-algerie.com\\\/actualites\\\/#\\\/schema\\\/logo\\\/image\\\/\",\"url\":\"https:\\\/\\\/www.info-algerie.com\\\/actualites\\\/wp-content\\\/uploads\\\/2022\\\/07\\\/logo-ia-120.png\",\"contentUrl\":\"https:\\\/\\\/www.info-algerie.com\\\/actualites\\\/wp-content\\\/uploads\\\/2022\\\/07\\\/logo-ia-120.png\",\"width\":120,\"height\":43,\"caption\":\"info algerie\"},\"image\":{\"@id\":\"https:\\\/\\\/www.info-algerie.com\\\/actualites\\\/#\\\/schema\\\/logo\\\/image\\\/\"},\"sameAs\":[\"https:\\\/\\\/www.facebook.com\\\/infoalgerieactu\",\"https:\\\/\\\/x.com\\\/infoalgerie1\"]},{\"@type\":\"Person\",\"@id\":\"https:\\\/\\\/www.info-algerie.com\\\/actualites\\\/#\\\/schema\\\/person\\\/847aaec44920825b843a08f30ec6aa1e\",\"name\":\"La r\u00e9daction\",\"image\":{\"@type\":\"ImageObject\",\"inLanguage\":\"fr-FR\",\"@id\":\"https:\\\/\\\/secure.gravatar.com\\\/avatar\\\/769db425c6f465158149f1ffd6cf61ce7a8a879d11dfbef8288af36dfddd418c?s=96&d=mm&r=g\",\"url\":\"https:\\\/\\\/secure.gravatar.com\\\/avatar\\\/769db425c6f465158149f1ffd6cf61ce7a8a879d11dfbef8288af36dfddd418c?s=96&d=mm&r=g\",\"contentUrl\":\"https:\\\/\\\/secure.gravatar.com\\\/avatar\\\/769db425c6f465158149f1ffd6cf61ce7a8a879d11dfbef8288af36dfddd418c?s=96&d=mm&r=g\",\"caption\":\"La r\u00e9daction\"},\"sameAs\":[\"http:\\\/\\\/www.lkeria.com\\\/\"],\"url\":\"https:\\\/\\\/www.info-algerie.com\\\/actualites\\\/author\\\/chakib32\\\/\"}]}<\/script>\n<!-- \/ Yoast SEO plugin. -->","yoast_head_json":{"title":"Sahel : Messahel pour le renforcement de la concertation et la coordination des positions face aux diff\u00e9rents d\u00e9fis - info algerie","robots":{"index":"index","follow":"follow","max-snippet":"max-snippet:-1","max-image-preview":"max-image-preview:large","max-video-preview":"max-video-preview:-1"},"canonical":"https:\/\/www.info-algerie.com\/actualites\/sahel-messahel-pour-le-renforcement-de-la-concertation-et-la-coordination-des-positions-face-aux-differents-defis\/","og_locale":"fr_FR","og_type":"article","og_title":"Sahel : Messahel pour le renforcement de la concertation et la coordination des positions face aux diff\u00e9rents d\u00e9fis - info algerie","og_description":"ALGER -Le ministre des Affaires maghr\u00e9bines, de l&rsquo;Union africaine et de la Ligue des Etats arabes, Abdelkader Messahel, a insist\u00e9 dimanche \u00e0 Alger sur la n\u00e9cessit\u00e9 de renforcer la concertation et de coordonner les positions des pays de la r\u00e9gion du Sahel afin de faire face aux diff\u00e9rents d\u00e9fis, notamment\u2026 &#013; Source: Sahel : Messahel","og_url":"https:\/\/www.info-algerie.com\/actualites\/sahel-messahel-pour-le-renforcement-de-la-concertation-et-la-coordination-des-positions-face-aux-differents-defis\/","og_site_name":"info algerie","article_publisher":"https:\/\/www.facebook.com\/infoalgerieactu","article_published_time":"2015-09-06T15:42:32+00:00","author":"La r\u00e9daction","twitter_misc":{"\u00c9crit par":"La r\u00e9daction"},"schema":{"@context":"https:\/\/schema.org","@graph":[{"@type":"Article","@id":"https:\/\/www.info-algerie.com\/actualites\/sahel-messahel-pour-le-renforcement-de-la-concertation-et-la-coordination-des-positions-face-aux-differents-defis\/#article","isPartOf":{"@id":"https:\/\/www.info-algerie.com\/actualites\/sahel-messahel-pour-le-renforcement-de-la-concertation-et-la-coordination-des-positions-face-aux-differents-defis\/"},"author":{"name":"La r\u00e9daction","@id":"https:\/\/www.info-algerie.com\/actualites\/#\/schema\/person\/847aaec44920825b843a08f30ec6aa1e"},"headline":"Sahel : Messahel pour le renforcement de la concertation et la coordination des positions face aux diff\u00e9rents d\u00e9fis","datePublished":"2015-09-06T15:42:32+00:00","mainEntityOfPage":{"@id":"https:\/\/www.info-algerie.com\/actualites\/sahel-messahel-pour-le-renforcement-de-la-concertation-et-la-coordination-des-positions-face-aux-differents-defis\/"},"wordCount":94,"commentCount":0,"publisher":{"@id":"https:\/\/www.info-algerie.com\/actualites\/#organization"},"articleSection":["immobilier"],"inLanguage":"fr-FR","potentialAction":[{"@type":"CommentAction","name":"Comment","target":["https:\/\/www.info-algerie.com\/actualites\/sahel-messahel-pour-le-renforcement-de-la-concertation-et-la-coordination-des-positions-face-aux-differents-defis\/#respond"]}]},{"@type":"WebPage","@id":"https:\/\/www.info-algerie.com\/actualites\/sahel-messahel-pour-le-renforcement-de-la-concertation-et-la-coordination-des-positions-face-aux-differents-defis\/","url":"https:\/\/www.info-algerie.com\/actualites\/sahel-messahel-pour-le-renforcement-de-la-concertation-et-la-coordination-des-positions-face-aux-differents-defis\/","name":"Sahel : Messahel pour le renforcement de la concertation et la coordination des positions face aux diff\u00e9rents d\u00e9fis - info algerie","isPartOf":{"@id":"https:\/\/www.info-algerie.com\/actualites\/#website"},"datePublished":"2015-09-06T15:42:32+00:00","breadcrumb":{"@id":"https:\/\/www.info-algerie.com\/actualites\/sahel-messahel-pour-le-renforcement-de-la-concertation-et-la-coordination-des-positions-face-aux-differents-defis\/#breadcrumb"},"inLanguage":"fr-FR","potentialAction":[{"@type":"ReadAction","target":["https:\/\/www.info-algerie.com\/actualites\/sahel-messahel-pour-le-renforcement-de-la-concertation-et-la-coordination-des-positions-face-aux-differents-defis\/"]}]},{"@type":"BreadcrumbList","@id":"https:\/\/www.info-algerie.com\/actualites\/sahel-messahel-pour-le-renforcement-de-la-concertation-et-la-coordination-des-positions-face-aux-differents-defis\/#breadcrumb","itemListElement":[{"@type":"ListItem","position":1,"name":"Accueil","item":"https:\/\/www.info-algerie.com\/actualites\/"},{"@type":"ListItem","position":2,"name":"Sahel : Messahel pour le renforcement de la concertation et la coordination des positions face aux diff\u00e9rents d\u00e9fis"}]},{"@type":"WebSite","@id":"https:\/\/www.info-algerie.com\/actualites\/#website","url":"https:\/\/www.info-algerie.com\/actualites\/","name":"info algerie","description":"Toutes les actualit\u00e9s","publisher":{"@id":"https:\/\/www.info-algerie.com\/actualites\/#organization"},"potentialAction":[{"@type":"SearchAction","target":{"@type":"EntryPoint","urlTemplate":"https:\/\/www.info-algerie.com\/actualites\/?s={search_term_string}"},"query-input":{"@type":"PropertyValueSpecification","valueRequired":true,"valueName":"search_term_string"}}],"inLanguage":"fr-FR"},{"@type":"Organization","@id":"https:\/\/www.info-algerie.com\/actualites\/#organization","name":"info algerie","url":"https:\/\/www.info-algerie.com\/actualites\/","logo":{"@type":"ImageObject","inLanguage":"fr-FR","@id":"https:\/\/www.info-algerie.com\/actualites\/#\/schema\/logo\/image\/","url":"https:\/\/www.info-algerie.com\/actualites\/wp-content\/uploads\/2022\/07\/logo-ia-120.png","contentUrl":"https:\/\/www.info-algerie.com\/actualites\/wp-content\/uploads\/2022\/07\/logo-ia-120.png","width":120,"height":43,"caption":"info algerie"},"image":{"@id":"https:\/\/www.info-algerie.com\/actualites\/#\/schema\/logo\/image\/"},"sameAs":["https:\/\/www.facebook.com\/infoalgerieactu","https:\/\/x.com\/infoalgerie1"]},{"@type":"Person","@id":"https:\/\/www.info-algerie.com\/actualites\/#\/schema\/person\/847aaec44920825b843a08f30ec6aa1e","name":"La r\u00e9daction","image":{"@type":"ImageObject","inLanguage":"fr-FR","@id":"https:\/\/secure.gravatar.com\/avatar\/769db425c6f465158149f1ffd6cf61ce7a8a879d11dfbef8288af36dfddd418c?s=96&d=mm&r=g","url":"https:\/\/secure.gravatar.com\/avatar\/769db425c6f465158149f1ffd6cf61ce7a8a879d11dfbef8288af36dfddd418c?s=96&d=mm&r=g","contentUrl":"https:\/\/secure.gravatar.com\/avatar\/769db425c6f465158149f1ffd6cf61ce7a8a879d11dfbef8288af36dfddd418c?s=96&d=mm&r=g","caption":"La r\u00e9daction"},"sameAs":["http:\/\/www.lkeria.com\/"],"url":"https:\/\/www.info-algerie.com\/actualites\/author\/chakib32\/"}]}},"_links":{"self":[{"href":"https:\/\/www.info-algerie.com\/actualites\/wp-json\/wp\/v2\/posts\/613","targetHints":{"allow":["GET"]}}],"collection":[{"href":"https:\/\/www.info-algerie.com\/actualites\/wp-json\/wp\/v2\/posts"}],"about":[{"href":"https:\/\/www.info-algerie.com\/actualites\/wp-json\/wp\/v2\/types\/post"}],"author":[{"embeddable":true,"href":"https:\/\/www.info-algerie.com\/actualites\/wp-json\/wp\/v2\/users\/6"}],"replies":[{"embeddable":true,"href":"https:\/\/www.info-algerie.com\/actualites\/wp-json\/wp\/v2\/comments?post=613"}],"version-history":[{"count":0,"href":"https:\/\/www.info-algerie.com\/actualites\/wp-json\/wp\/v2\/posts\/613\/revisions"}],"wp:attachment":[{"href":"https:\/\/www.info-algerie.com\/actualites\/wp-json\/wp\/v2\/media?parent=613"}],"wp:term":[{"taxonomy":"category","embeddable":true,"href":"https:\/\/www.info-algerie.com\/actualites\/wp-json\/wp\/v2\/categories?post=613"},{"taxonomy":"post_tag","embeddable":true,"href":"https:\/\/www.info-algerie.com\/actualites\/wp-json\/wp\/v2\/tags?post=613"}],"curies":[{"name":"wp","href":"https:\/\/api.w.org\/{rel}","templated":true}]}}