{"id":637,"date":"2015-09-08T00:00:00","date_gmt":"2015-09-07T23:00:00","guid":{"rendered":"http:\/\/www.info-algerie.com\/actualites\/logements-aadl-les-beneficiaires-protestent-a-bejaia\/"},"modified":"2015-09-08T08:07:56","modified_gmt":"2015-09-08T07:07:56","slug":"logements-aadl-les-beneficiaires-protestent-a-bejaia","status":"publish","type":"post","link":"https:\/\/www.info-algerie.com\/actualites\/logements-aadl-les-beneficiaires-protestent-a-bejaia\/","title":{"rendered":"Logement AADL \u00e0 B\u00e9jaia: les b\u00e9n\u00e9ficiaires protestent"},"content":{"rendered":"<p style=\"text-align: justify;\"><a href=\"https:\/\/www.info-algerie.com\/actualites\/wp-content\/uploads\/2015\/09\/aadl-Oued_Ghir1.jpg\"><img loading=\"lazy\" decoding=\"async\" class=\" wp-image-645 alignleft\" src=\"https:\/\/www.info-algerie.com\/actualites\/wp-content\/uploads\/2015\/09\/aadl-Oued_Ghir1-300x228.jpg\" alt=\"Logement AADL \u00e0 B\u00e9jaia\" width=\"191\" height=\"145\" srcset=\"https:\/\/www.info-algerie.com\/actualites\/wp-content\/uploads\/2015\/09\/aadl-Oued_Ghir1-300x228.jpg 300w, https:\/\/www.info-algerie.com\/actualites\/wp-content\/uploads\/2015\/09\/aadl-Oued_Ghir1-90x68.jpg 90w, https:\/\/www.info-algerie.com\/actualites\/wp-content\/uploads\/2015\/09\/aadl-Oued_Ghir1.jpg 780w\" sizes=\"auto, (max-width: 191px) 100vw, 191px\" \/><\/a>Les b\u00e9n\u00e9ficiaires de logements de la wilaya de B\u00e9ja\u00efa sont m\u00e9contents. Ils ne savent pas o\u00f9 en est le projet.<\/p>\n<p style=\"text-align: justify;\">Hier, ils ont manifest\u00e9 devant le si\u00e8ge de la wilaya pour faire savoir aux autorit\u00e9s leurs craintes et appr\u00e9hensions.<\/p>\n<p style=\"text-align: justify;\">\u00abAlors que dans d&rsquo;autres wilayas, comme Alger, les b\u00e9n\u00e9ficiaires sont appel\u00e9s \u00e0 choisir <a href=\"https:\/\/www.lkeria.com\/choix-site-aadl-2001-2002-ouvert-a-tous-08-septembre\" target=\"_blank\">leurs logements AADL<\/a>, ici \u00e0 B\u00e9ja\u00efa nous ne savons m\u00eame pas o\u00f9 nos logeements seront construits, ni combien de temps cela prendra et en plus nous nous sommes acquitt\u00e9s de la premi\u00e8re tranche\u00bb, r\u00e9sume ce b\u00e9n\u00e9ficiaire, qui pr\u00e9cise occuper actuellement un logement chez un priv\u00e9 dont le loyer est pay\u00e9 \u00e0 prix fort.<\/p>\n<p style=\"text-align: justify;\">Un autre ajoutera comme pour expliquer les craintes des manifestants. \u00abNous avons m\u00eame peur que nos logements ne soient jamais construits dans une situation de crise que vit le pays actuellement\u00bb et de rappeler la sp\u00e9cificit\u00e9 de B\u00e9ja\u00efa qui se distingue toujours par \u00abl&rsquo;accumulation de retards \u00e0 tous les niveaux\u00bb.<\/p>\n<p style=\"text-align: justify;\">Il y a lieu de rappeler qu&rsquo;en avril dernier, le directeur du logement de la wilaya de B\u00e9ja\u00efa, avait indiqu\u00e9 que la totalit\u00e9 du programme de logements location-vente de l&rsquo;Aadl r\u00e9serv\u00e9 \u00e0 la wilaya de B\u00e9ja\u00efa, comprenant 5 000 unit\u00e9s, sera r\u00e9alis\u00e9e dans la seule commune de Oued-Ghir situ\u00e9e \u00e0 10 km \u00e0 l&rsquo;ouest du chef-lieu de la wilaya, et ce, \u00e0 cause du manque de terrains constructibles au niveau des autres communes de la wilaya.<\/p>\n<p style=\"text-align: justify;\">Les projets initialement destin\u00e9s \u00e0 \u00eatre r\u00e9alis\u00e9s au niveau des communes de Tifra, El Kseur, Amizour, ont \u00e9t\u00e9 orient\u00e9s par les autorit\u00e9s locales vers Oued-Ghir, avait expliqu\u00e9 ce responsable.<\/p>\n<p>Source: <a href=\"http:\/\/www.lexpressiondz.com\/actualite\/224746-les-beneficiaires-protestent-a-bejaia.html\" target=\"_blank\">LOGEMENTS AADL : Les b\u00e9n\u00e9ficiaires protestent \u00e0 B\u00e9ja\u00efa<\/a><\/p>\n<!--CusAds0-->\n<div style=\"font-size: 0px; height: 0px; line-height: 0px; margin: 0; padding: 0; clear: both;\"><\/div>","protected":false},"excerpt":{"rendered":"<p>Les b\u00e9n\u00e9ficiaires de logements de la wilaya de B\u00e9ja\u00efa sont m\u00e9contents. Ils ne savent pas o\u00f9 en est le projet. Hier, ils ont manifest\u00e9 devant le si\u00e8ge de la wilaya pour faire savoir aux autorit\u00e9s leurs craintes et appr\u00e9hensions. \u00abAlors que dans d&rsquo;autres wilayas, comme Alger, les b\u00e9n\u00e9ficiaires sont appel\u00e9s \u00e0 choisir leurs logements AADL,<\/p>\n","protected":false},"author":6,"featured_media":645,"comment_status":"open","ping_status":"open","sticky":false,"template":"","format":"standard","meta":{"footnotes":""},"categories":[8],"tags":[87,88],"class_list":["post-637","post","type-post","status-publish","format-standard","has-post-thumbnail","hentry","category-immobilier","tag-aadl","tag-bejaia"],"yoast_head":"<!-- This site is optimized with the Yoast SEO plugin v27.5 - https:\/\/yoast.com\/product\/yoast-seo-wordpress\/ -->\n<title>Logement AADL \u00e0 B\u00e9jaia: les b\u00e9n\u00e9ficiaires protestent<\/title>\n<meta name=\"description\" content=\"Logement AADL \u00e0 B\u00e9jaia: les b\u00e9n\u00e9ficiaires protestent, ils sont m\u00e9contents. Ils ne savent pas o\u00f9 en est le projet, ils ont manifest\u00e9\" \/>\n<meta name=\"robots\" content=\"index, follow, max-snippet:-1, max-image-preview:large, max-video-preview:-1\" \/>\n<link rel=\"canonical\" href=\"https:\/\/www.info-algerie.com\/actualites\/logements-aadl-les-beneficiaires-protestent-a-bejaia\/\" \/>\n<meta property=\"og:locale\" content=\"fr_FR\" \/>\n<meta property=\"og:type\" content=\"article\" \/>\n<meta property=\"og:title\" content=\"Logement AADL \u00e0 B\u00e9jaia: les b\u00e9n\u00e9ficiaires protestent\" \/>\n<meta property=\"og:description\" content=\"Logement AADL \u00e0 B\u00e9jaia: les b\u00e9n\u00e9ficiaires protestent, ils sont m\u00e9contents. Ils ne savent pas o\u00f9 en est le projet, ils ont manifest\u00e9\" \/>\n<meta property=\"og:url\" content=\"https:\/\/www.info-algerie.com\/actualites\/logements-aadl-les-beneficiaires-protestent-a-bejaia\/\" \/>\n<meta property=\"og:site_name\" content=\"info algerie\" \/>\n<meta property=\"article:publisher\" content=\"https:\/\/www.facebook.com\/infoalgerieactu\" \/>\n<meta property=\"article:published_time\" content=\"2015-09-07T23:00:00+00:00\" \/>\n<meta property=\"article:modified_time\" content=\"2015-09-08T07:07:56+00:00\" \/>\n<meta property=\"og:image\" content=\"https:\/\/www.info-algerie.com\/actualites\/wp-content\/uploads\/2015\/09\/aadl-Oued_Ghir1.jpg\" \/>\n\t<meta property=\"og:image:width\" content=\"780\" \/>\n\t<meta property=\"og:image:height\" content=\"592\" \/>\n\t<meta property=\"og:image:type\" content=\"image\/jpeg\" \/>\n<meta name=\"author\" content=\"La r\u00e9daction\" \/>\n<meta name=\"twitter:label1\" content=\"\u00c9crit par\" \/>\n\t<meta name=\"twitter:data1\" content=\"La r\u00e9daction\" \/>\n\t<meta name=\"twitter:label2\" content=\"Dur\u00e9e de lecture estim\u00e9e\" \/>\n\t<meta name=\"twitter:data2\" content=\"1 minute\" \/>\n<script type=\"application\/ld+json\" class=\"yoast-schema-graph\">{\"@context\":\"https:\\\/\\\/schema.org\",\"@graph\":[{\"@type\":\"Article\",\"@id\":\"https:\\\/\\\/www.info-algerie.com\\\/actualites\\\/logements-aadl-les-beneficiaires-protestent-a-bejaia\\\/#article\",\"isPartOf\":{\"@id\":\"https:\\\/\\\/www.info-algerie.com\\\/actualites\\\/logements-aadl-les-beneficiaires-protestent-a-bejaia\\\/\"},\"author\":{\"name\":\"La r\u00e9daction\",\"@id\":\"https:\\\/\\\/www.info-algerie.com\\\/actualites\\\/#\\\/schema\\\/person\\\/847aaec44920825b843a08f30ec6aa1e\"},\"headline\":\"Logement AADL \u00e0 B\u00e9jaia: les b\u00e9n\u00e9ficiaires protestent\",\"datePublished\":\"2015-09-07T23:00:00+00:00\",\"dateModified\":\"2015-09-08T07:07:56+00:00\",\"mainEntityOfPage\":{\"@id\":\"https:\\\/\\\/www.info-algerie.com\\\/actualites\\\/logements-aadl-les-beneficiaires-protestent-a-bejaia\\\/\"},\"wordCount\":311,\"commentCount\":0,\"publisher\":{\"@id\":\"https:\\\/\\\/www.info-algerie.com\\\/actualites\\\/#organization\"},\"image\":{\"@id\":\"https:\\\/\\\/www.info-algerie.com\\\/actualites\\\/logements-aadl-les-beneficiaires-protestent-a-bejaia\\\/#primaryimage\"},\"thumbnailUrl\":\"https:\\\/\\\/www.info-algerie.com\\\/actualites\\\/wp-content\\\/uploads\\\/2015\\\/09\\\/aadl-Oued_Ghir1.jpg\",\"keywords\":[\"AADL\",\"B\u00e9jaia\"],\"articleSection\":[\"immobilier\"],\"inLanguage\":\"fr-FR\",\"potentialAction\":[{\"@type\":\"CommentAction\",\"name\":\"Comment\",\"target\":[\"https:\\\/\\\/www.info-algerie.com\\\/actualites\\\/logements-aadl-les-beneficiaires-protestent-a-bejaia\\\/#respond\"]}]},{\"@type\":\"WebPage\",\"@id\":\"https:\\\/\\\/www.info-algerie.com\\\/actualites\\\/logements-aadl-les-beneficiaires-protestent-a-bejaia\\\/\",\"url\":\"https:\\\/\\\/www.info-algerie.com\\\/actualites\\\/logements-aadl-les-beneficiaires-protestent-a-bejaia\\\/\",\"name\":\"Logement AADL \u00e0 B\u00e9jaia: les b\u00e9n\u00e9ficiaires protestent\",\"isPartOf\":{\"@id\":\"https:\\\/\\\/www.info-algerie.com\\\/actualites\\\/#website\"},\"primaryImageOfPage\":{\"@id\":\"https:\\\/\\\/www.info-algerie.com\\\/actualites\\\/logements-aadl-les-beneficiaires-protestent-a-bejaia\\\/#primaryimage\"},\"image\":{\"@id\":\"https:\\\/\\\/www.info-algerie.com\\\/actualites\\\/logements-aadl-les-beneficiaires-protestent-a-bejaia\\\/#primaryimage\"},\"thumbnailUrl\":\"https:\\\/\\\/www.info-algerie.com\\\/actualites\\\/wp-content\\\/uploads\\\/2015\\\/09\\\/aadl-Oued_Ghir1.jpg\",\"datePublished\":\"2015-09-07T23:00:00+00:00\",\"dateModified\":\"2015-09-08T07:07:56+00:00\",\"description\":\"Logement AADL \u00e0 B\u00e9jaia: les b\u00e9n\u00e9ficiaires protestent, ils sont m\u00e9contents. Ils ne savent pas o\u00f9 en est le projet, ils ont manifest\u00e9\",\"breadcrumb\":{\"@id\":\"https:\\\/\\\/www.info-algerie.com\\\/actualites\\\/logements-aadl-les-beneficiaires-protestent-a-bejaia\\\/#breadcrumb\"},\"inLanguage\":\"fr-FR\",\"potentialAction\":[{\"@type\":\"ReadAction\",\"target\":[\"https:\\\/\\\/www.info-algerie.com\\\/actualites\\\/logements-aadl-les-beneficiaires-protestent-a-bejaia\\\/\"]}]},{\"@type\":\"ImageObject\",\"inLanguage\":\"fr-FR\",\"@id\":\"https:\\\/\\\/www.info-algerie.com\\\/actualites\\\/logements-aadl-les-beneficiaires-protestent-a-bejaia\\\/#primaryimage\",\"url\":\"https:\\\/\\\/www.info-algerie.com\\\/actualites\\\/wp-content\\\/uploads\\\/2015\\\/09\\\/aadl-Oued_Ghir1.jpg\",\"contentUrl\":\"https:\\\/\\\/www.info-algerie.com\\\/actualites\\\/wp-content\\\/uploads\\\/2015\\\/09\\\/aadl-Oued_Ghir1.jpg\",\"width\":780,\"height\":592,\"caption\":\"Logement AADL \u00e0 B\u00e9jaia\"},{\"@type\":\"BreadcrumbList\",\"@id\":\"https:\\\/\\\/www.info-algerie.com\\\/actualites\\\/logements-aadl-les-beneficiaires-protestent-a-bejaia\\\/#breadcrumb\",\"itemListElement\":[{\"@type\":\"ListItem\",\"position\":1,\"name\":\"Accueil\",\"item\":\"https:\\\/\\\/www.info-algerie.com\\\/actualites\\\/\"},{\"@type\":\"ListItem\",\"position\":2,\"name\":\"Logement AADL \u00e0 B\u00e9jaia: les b\u00e9n\u00e9ficiaires protestent\"}]},{\"@type\":\"WebSite\",\"@id\":\"https:\\\/\\\/www.info-algerie.com\\\/actualites\\\/#website\",\"url\":\"https:\\\/\\\/www.info-algerie.com\\\/actualites\\\/\",\"name\":\"info algerie\",\"description\":\"Toutes les actualit\u00e9s\",\"publisher\":{\"@id\":\"https:\\\/\\\/www.info-algerie.com\\\/actualites\\\/#organization\"},\"potentialAction\":[{\"@type\":\"SearchAction\",\"target\":{\"@type\":\"EntryPoint\",\"urlTemplate\":\"https:\\\/\\\/www.info-algerie.com\\\/actualites\\\/?s={search_term_string}\"},\"query-input\":{\"@type\":\"PropertyValueSpecification\",\"valueRequired\":true,\"valueName\":\"search_term_string\"}}],\"inLanguage\":\"fr-FR\"},{\"@type\":\"Organization\",\"@id\":\"https:\\\/\\\/www.info-algerie.com\\\/actualites\\\/#organization\",\"name\":\"info algerie\",\"url\":\"https:\\\/\\\/www.info-algerie.com\\\/actualites\\\/\",\"logo\":{\"@type\":\"ImageObject\",\"inLanguage\":\"fr-FR\",\"@id\":\"https:\\\/\\\/www.info-algerie.com\\\/actualites\\\/#\\\/schema\\\/logo\\\/image\\\/\",\"url\":\"https:\\\/\\\/www.info-algerie.com\\\/actualites\\\/wp-content\\\/uploads\\\/2022\\\/07\\\/logo-ia-120.png\",\"contentUrl\":\"https:\\\/\\\/www.info-algerie.com\\\/actualites\\\/wp-content\\\/uploads\\\/2022\\\/07\\\/logo-ia-120.png\",\"width\":120,\"height\":43,\"caption\":\"info algerie\"},\"image\":{\"@id\":\"https:\\\/\\\/www.info-algerie.com\\\/actualites\\\/#\\\/schema\\\/logo\\\/image\\\/\"},\"sameAs\":[\"https:\\\/\\\/www.facebook.com\\\/infoalgerieactu\",\"https:\\\/\\\/x.com\\\/infoalgerie1\"]},{\"@type\":\"Person\",\"@id\":\"https:\\\/\\\/www.info-algerie.com\\\/actualites\\\/#\\\/schema\\\/person\\\/847aaec44920825b843a08f30ec6aa1e\",\"name\":\"La r\u00e9daction\",\"image\":{\"@type\":\"ImageObject\",\"inLanguage\":\"fr-FR\",\"@id\":\"https:\\\/\\\/secure.gravatar.com\\\/avatar\\\/769db425c6f465158149f1ffd6cf61ce7a8a879d11dfbef8288af36dfddd418c?s=96&d=mm&r=g\",\"url\":\"https:\\\/\\\/secure.gravatar.com\\\/avatar\\\/769db425c6f465158149f1ffd6cf61ce7a8a879d11dfbef8288af36dfddd418c?s=96&d=mm&r=g\",\"contentUrl\":\"https:\\\/\\\/secure.gravatar.com\\\/avatar\\\/769db425c6f465158149f1ffd6cf61ce7a8a879d11dfbef8288af36dfddd418c?s=96&d=mm&r=g\",\"caption\":\"La r\u00e9daction\"},\"sameAs\":[\"http:\\\/\\\/www.lkeria.com\\\/\"],\"url\":\"https:\\\/\\\/www.info-algerie.com\\\/actualites\\\/author\\\/chakib32\\\/\"}]}<\/script>\n<!-- \/ Yoast SEO plugin. -->","yoast_head_json":{"title":"Logement AADL \u00e0 B\u00e9jaia: les b\u00e9n\u00e9ficiaires protestent","description":"Logement AADL \u00e0 B\u00e9jaia: les b\u00e9n\u00e9ficiaires protestent, ils sont m\u00e9contents. Ils ne savent pas o\u00f9 en est le projet, ils ont manifest\u00e9","robots":{"index":"index","follow":"follow","max-snippet":"max-snippet:-1","max-image-preview":"max-image-preview:large","max-video-preview":"max-video-preview:-1"},"canonical":"https:\/\/www.info-algerie.com\/actualites\/logements-aadl-les-beneficiaires-protestent-a-bejaia\/","og_locale":"fr_FR","og_type":"article","og_title":"Logement AADL \u00e0 B\u00e9jaia: les b\u00e9n\u00e9ficiaires protestent","og_description":"Logement AADL \u00e0 B\u00e9jaia: les b\u00e9n\u00e9ficiaires protestent, ils sont m\u00e9contents. Ils ne savent pas o\u00f9 en est le projet, ils ont manifest\u00e9","og_url":"https:\/\/www.info-algerie.com\/actualites\/logements-aadl-les-beneficiaires-protestent-a-bejaia\/","og_site_name":"info algerie","article_publisher":"https:\/\/www.facebook.com\/infoalgerieactu","article_published_time":"2015-09-07T23:00:00+00:00","article_modified_time":"2015-09-08T07:07:56+00:00","og_image":[{"width":780,"height":592,"url":"https:\/\/www.info-algerie.com\/actualites\/wp-content\/uploads\/2015\/09\/aadl-Oued_Ghir1.jpg","type":"image\/jpeg"}],"author":"La r\u00e9daction","twitter_misc":{"\u00c9crit par":"La r\u00e9daction","Dur\u00e9e de lecture estim\u00e9e":"1 minute"},"schema":{"@context":"https:\/\/schema.org","@graph":[{"@type":"Article","@id":"https:\/\/www.info-algerie.com\/actualites\/logements-aadl-les-beneficiaires-protestent-a-bejaia\/#article","isPartOf":{"@id":"https:\/\/www.info-algerie.com\/actualites\/logements-aadl-les-beneficiaires-protestent-a-bejaia\/"},"author":{"name":"La r\u00e9daction","@id":"https:\/\/www.info-algerie.com\/actualites\/#\/schema\/person\/847aaec44920825b843a08f30ec6aa1e"},"headline":"Logement AADL \u00e0 B\u00e9jaia: les b\u00e9n\u00e9ficiaires protestent","datePublished":"2015-09-07T23:00:00+00:00","dateModified":"2015-09-08T07:07:56+00:00","mainEntityOfPage":{"@id":"https:\/\/www.info-algerie.com\/actualites\/logements-aadl-les-beneficiaires-protestent-a-bejaia\/"},"wordCount":311,"commentCount":0,"publisher":{"@id":"https:\/\/www.info-algerie.com\/actualites\/#organization"},"image":{"@id":"https:\/\/www.info-algerie.com\/actualites\/logements-aadl-les-beneficiaires-protestent-a-bejaia\/#primaryimage"},"thumbnailUrl":"https:\/\/www.info-algerie.com\/actualites\/wp-content\/uploads\/2015\/09\/aadl-Oued_Ghir1.jpg","keywords":["AADL","B\u00e9jaia"],"articleSection":["immobilier"],"inLanguage":"fr-FR","potentialAction":[{"@type":"CommentAction","name":"Comment","target":["https:\/\/www.info-algerie.com\/actualites\/logements-aadl-les-beneficiaires-protestent-a-bejaia\/#respond"]}]},{"@type":"WebPage","@id":"https:\/\/www.info-algerie.com\/actualites\/logements-aadl-les-beneficiaires-protestent-a-bejaia\/","url":"https:\/\/www.info-algerie.com\/actualites\/logements-aadl-les-beneficiaires-protestent-a-bejaia\/","name":"Logement AADL \u00e0 B\u00e9jaia: les b\u00e9n\u00e9ficiaires protestent","isPartOf":{"@id":"https:\/\/www.info-algerie.com\/actualites\/#website"},"primaryImageOfPage":{"@id":"https:\/\/www.info-algerie.com\/actualites\/logements-aadl-les-beneficiaires-protestent-a-bejaia\/#primaryimage"},"image":{"@id":"https:\/\/www.info-algerie.com\/actualites\/logements-aadl-les-beneficiaires-protestent-a-bejaia\/#primaryimage"},"thumbnailUrl":"https:\/\/www.info-algerie.com\/actualites\/wp-content\/uploads\/2015\/09\/aadl-Oued_Ghir1.jpg","datePublished":"2015-09-07T23:00:00+00:00","dateModified":"2015-09-08T07:07:56+00:00","description":"Logement AADL \u00e0 B\u00e9jaia: les b\u00e9n\u00e9ficiaires protestent, ils sont m\u00e9contents. Ils ne savent pas o\u00f9 en est le projet, ils ont manifest\u00e9","breadcrumb":{"@id":"https:\/\/www.info-algerie.com\/actualites\/logements-aadl-les-beneficiaires-protestent-a-bejaia\/#breadcrumb"},"inLanguage":"fr-FR","potentialAction":[{"@type":"ReadAction","target":["https:\/\/www.info-algerie.com\/actualites\/logements-aadl-les-beneficiaires-protestent-a-bejaia\/"]}]},{"@type":"ImageObject","inLanguage":"fr-FR","@id":"https:\/\/www.info-algerie.com\/actualites\/logements-aadl-les-beneficiaires-protestent-a-bejaia\/#primaryimage","url":"https:\/\/www.info-algerie.com\/actualites\/wp-content\/uploads\/2015\/09\/aadl-Oued_Ghir1.jpg","contentUrl":"https:\/\/www.info-algerie.com\/actualites\/wp-content\/uploads\/2015\/09\/aadl-Oued_Ghir1.jpg","width":780,"height":592,"caption":"Logement AADL \u00e0 B\u00e9jaia"},{"@type":"BreadcrumbList","@id":"https:\/\/www.info-algerie.com\/actualites\/logements-aadl-les-beneficiaires-protestent-a-bejaia\/#breadcrumb","itemListElement":[{"@type":"ListItem","position":1,"name":"Accueil","item":"https:\/\/www.info-algerie.com\/actualites\/"},{"@type":"ListItem","position":2,"name":"Logement AADL \u00e0 B\u00e9jaia: les b\u00e9n\u00e9ficiaires protestent"}]},{"@type":"WebSite","@id":"https:\/\/www.info-algerie.com\/actualites\/#website","url":"https:\/\/www.info-algerie.com\/actualites\/","name":"info algerie","description":"Toutes les actualit\u00e9s","publisher":{"@id":"https:\/\/www.info-algerie.com\/actualites\/#organization"},"potentialAction":[{"@type":"SearchAction","target":{"@type":"EntryPoint","urlTemplate":"https:\/\/www.info-algerie.com\/actualites\/?s={search_term_string}"},"query-input":{"@type":"PropertyValueSpecification","valueRequired":true,"valueName":"search_term_string"}}],"inLanguage":"fr-FR"},{"@type":"Organization","@id":"https:\/\/www.info-algerie.com\/actualites\/#organization","name":"info algerie","url":"https:\/\/www.info-algerie.com\/actualites\/","logo":{"@type":"ImageObject","inLanguage":"fr-FR","@id":"https:\/\/www.info-algerie.com\/actualites\/#\/schema\/logo\/image\/","url":"https:\/\/www.info-algerie.com\/actualites\/wp-content\/uploads\/2022\/07\/logo-ia-120.png","contentUrl":"https:\/\/www.info-algerie.com\/actualites\/wp-content\/uploads\/2022\/07\/logo-ia-120.png","width":120,"height":43,"caption":"info algerie"},"image":{"@id":"https:\/\/www.info-algerie.com\/actualites\/#\/schema\/logo\/image\/"},"sameAs":["https:\/\/www.facebook.com\/infoalgerieactu","https:\/\/x.com\/infoalgerie1"]},{"@type":"Person","@id":"https:\/\/www.info-algerie.com\/actualites\/#\/schema\/person\/847aaec44920825b843a08f30ec6aa1e","name":"La r\u00e9daction","image":{"@type":"ImageObject","inLanguage":"fr-FR","@id":"https:\/\/secure.gravatar.com\/avatar\/769db425c6f465158149f1ffd6cf61ce7a8a879d11dfbef8288af36dfddd418c?s=96&d=mm&r=g","url":"https:\/\/secure.gravatar.com\/avatar\/769db425c6f465158149f1ffd6cf61ce7a8a879d11dfbef8288af36dfddd418c?s=96&d=mm&r=g","contentUrl":"https:\/\/secure.gravatar.com\/avatar\/769db425c6f465158149f1ffd6cf61ce7a8a879d11dfbef8288af36dfddd418c?s=96&d=mm&r=g","caption":"La r\u00e9daction"},"sameAs":["http:\/\/www.lkeria.com\/"],"url":"https:\/\/www.info-algerie.com\/actualites\/author\/chakib32\/"}]}},"_links":{"self":[{"href":"https:\/\/www.info-algerie.com\/actualites\/wp-json\/wp\/v2\/posts\/637","targetHints":{"allow":["GET"]}}],"collection":[{"href":"https:\/\/www.info-algerie.com\/actualites\/wp-json\/wp\/v2\/posts"}],"about":[{"href":"https:\/\/www.info-algerie.com\/actualites\/wp-json\/wp\/v2\/types\/post"}],"author":[{"embeddable":true,"href":"https:\/\/www.info-algerie.com\/actualites\/wp-json\/wp\/v2\/users\/6"}],"replies":[{"embeddable":true,"href":"https:\/\/www.info-algerie.com\/actualites\/wp-json\/wp\/v2\/comments?post=637"}],"version-history":[{"count":2,"href":"https:\/\/www.info-algerie.com\/actualites\/wp-json\/wp\/v2\/posts\/637\/revisions"}],"predecessor-version":[{"id":646,"href":"https:\/\/www.info-algerie.com\/actualites\/wp-json\/wp\/v2\/posts\/637\/revisions\/646"}],"wp:featuredmedia":[{"embeddable":true,"href":"https:\/\/www.info-algerie.com\/actualites\/wp-json\/wp\/v2\/media\/645"}],"wp:attachment":[{"href":"https:\/\/www.info-algerie.com\/actualites\/wp-json\/wp\/v2\/media?parent=637"}],"wp:term":[{"taxonomy":"category","embeddable":true,"href":"https:\/\/www.info-algerie.com\/actualites\/wp-json\/wp\/v2\/categories?post=637"},{"taxonomy":"post_tag","embeddable":true,"href":"https:\/\/www.info-algerie.com\/actualites\/wp-json\/wp\/v2\/tags?post=637"}],"curies":[{"name":"wp","href":"https:\/\/api.w.org\/{rel}","templated":true}]}}