{"id":687,"date":"2015-09-10T00:00:00","date_gmt":"2015-09-09T23:00:00","guid":{"rendered":"http:\/\/www.info-algerie.com\/actualites\/accord-dassociation-algerie-ue-le-necessaire-reequilibrage\/"},"modified":"2015-09-10T08:03:34","modified_gmt":"2015-09-10T07:03:34","slug":"accord-dassociation-algerie-ue-le-necessaire-reequilibrage","status":"publish","type":"post","link":"https:\/\/www.info-algerie.com\/actualites\/accord-dassociation-algerie-ue-le-necessaire-reequilibrage\/","title":{"rendered":"ACCORD D&rsquo;ASSOCIATION ALG\u00c9RIE-UE : Le n\u00e9cessaire r\u00e9\u00e9quilibrage"},"content":{"rendered":"<p class=\"article_abstract\" style=\"text-align: justify;\"><strong>Revendiqu\u00e9e par le gouvernement alg\u00e9rien, la r\u00e9vision de l&rsquo;Accord d&rsquo;association Alg\u00e9rie-UE est urgente. \u00abL&rsquo;Europe a int\u00e9r\u00eat \u00e0 ce qu&rsquo;il profite \u00e0 l&rsquo;Alg\u00e9rie\u00bb, appuie Mustapha M\u00e9kid\u00e8che, expert.<\/strong><\/p>\n<p style=\"text-align: justify;\">La chef de la diplomatie europ\u00e9enne, Federica Mogherini, se rendra \u00e0 Alger le 17 septembre prochain pour une visite d&rsquo;une journ\u00e9e. Dans son agenda figure la signature des accords de financement portant sur la justice, les m\u00e9dias et le secteur de l&#8217;emploi. Mais aussi et surtout la lancinante question de l&rsquo;Accord d&rsquo;association que la partie alg\u00e9rienne a jug\u00e9 \u00abd\u00e9s\u00e9quilibr\u00e9 et finalement pas tr\u00e8s b\u00e9n\u00e9fique pour l&rsquo;\u00e9conomie alg\u00e9rienne\u00bb.<\/p>\n<p style=\"text-align: justify;\">En effet, lors de la IXe session du Conseil d&rsquo;association Alg\u00e9rie-Union europ\u00e9enne.., le chef de la diplomatie alg\u00e9rienne a indiqu\u00e9 qu&rsquo;une \u00e9valuation de l&rsquo;Accord d&rsquo;association s&rsquo;impose. \u00abDans ce partenariat, l&rsquo;Alg\u00e9rie a donn\u00e9 plus qu&rsquo;elle n&rsquo;a re\u00e7u\u00bb, a d\u00e9clar\u00e9 le ministre lors d&rsquo;une conf\u00e9rence de presse, anim\u00e9e \u00e0 l&rsquo;issue de la rencontre.<\/p>\n<p style=\"text-align: justify;\">\u00abNous pouvons faire des adaptations dans la mise en oeuvre de ce document de telle sorte que les int\u00e9r\u00eats de l&rsquo;Alg\u00e9rie soient pris en charge\u00bb, a-t-il expliqu\u00e9. De plus, a ajout\u00e9 Ramtane Lamamra, \u00abil est clair que nous n&rsquo;avons pas eu l&rsquo;acc\u00e8s que nous souhaitions au march\u00e9 europ\u00e9en.<\/p>\n<p style=\"text-align: justify;\">Il y a des barri\u00e8res tarifaires et d&rsquo;autres non tarifaires. Des \u00e9cueils bureaucratiques et autres obstacles ont fait que nos producteurs publics et priv\u00e9s n&rsquo;ont pas pu r\u00e9aliser le potentiel en mati\u00e8re d&rsquo;exportation vers l&rsquo;Europe\u00bb avant d&rsquo;ass\u00e9ner: \u00abL&rsquo;accord n&rsquo;a pas eu l&rsquo;effet escompt\u00e9, celui de promouvoir les exportations hors hydrocarbures et d&rsquo;attirer les investissements directs \u00e9trangers (IDE), qui constituent pour l&rsquo;Alg\u00e9rie deux objectifs motivant la signature de tout accord de libre-\u00e9change\u00bb&#8230;<\/p>\n<p style=\"text-align: justify;\">Le Premier ministre, Abdelmalek Sellal, a, lui aussi, \u00e9voqu\u00e9 l&rsquo;opportunit\u00e9 d&rsquo;une r\u00e9vision de l&rsquo;Accord d&rsquo;association avec l&rsquo;Union europ\u00e9enne et faire en sorte qu&rsquo;il \u00abprofite\u00bb \u00e0 l&rsquo;Alg\u00e9rie.<\/p>\n<p style=\"text-align: justify;\">Le chef de la diplomatie alg\u00e9rienne, Ramtane Lamamra, et le Premier ministre, Abdelmalek Sellal, aborderont avec la repr\u00e9sentante de l&rsquo;Union europ\u00e9enne pour les Affaires \u00e9trang\u00e8res et la Politique de s\u00e9curit\u00e9, Federica Mogherini feront une \u00ab\u00e9valuation critique de l&rsquo;Accord d&rsquo;association en vigueur depuis septembre 2005\u00bb. Mais la question qui se pose le plus du c\u00f4t\u00e9 alg\u00e9rien, c&rsquo;est surtout celle relative \u00e0 la r\u00e9vision de l&rsquo;accord qui, de l&rsquo;avis aussi bien du gouvernement, du patronat que de certains experts, s&rsquo;impose magistralement.<\/p>\n<p style=\"text-align: justify;\">Alors, ira-t-on vers une r\u00e9vision de l&rsquo;Accord d&rsquo;association Alg\u00e9rie-UE que d&rsquo;aucuns en revendiquent carr\u00e9ment l&rsquo;abolition? Si oui, quels sont les aspects qui sont touch\u00e9s, de sorte qu&rsquo;il profite \u00e0 l&rsquo;Alg\u00e9rie? Interrog\u00e9 sur ce point, Mustapha M\u00e9kid\u00e8che, vice-pr\u00e9sident du Cnes et \u00e9conomiste, consid\u00e8re qu&rsquo; \u00abil existe un vrai d\u00e9s\u00e9quilibre dans l&rsquo;accord\u00bb et qu&rsquo;il est urgent de le corriger. \u00abIl y a une asym\u00e9trie dans l&rsquo;Accord d&rsquo;association avec l&rsquo;UE.<\/p>\n<p style=\"text-align: justify;\">Et pour qu&rsquo;il fonctionne correctement, il va falloir le corriger. En dehors des d\u00e9clarations de principe, toutes les clauses qui devaient profiter \u00e0 l&rsquo;Alg\u00e9rie n&rsquo;ont pas fonctionn\u00e9. Le programme Meda, par exemple, qui devait remettre \u00e0 niveau les entreprises alg\u00e9rienne, n&rsquo;a rien donn\u00e9. Les entreprises alg\u00e9riennes publiques et priv\u00e9es, y compris Sonatrach, ont du mal \u00e0 placer leurs engrais dans le march\u00e9 europ\u00e9en. L&rsquo;Alg\u00e9rie a perdu des march\u00e9s du gaz en Europe.<\/p>\n<p style=\"text-align: justify;\">Il y a un r\u00e9\u00e9quilibrage \u00e0 trouver\u00bb a-t-il expliqu\u00e9. De plus, a ajout\u00e9 Mustapha M\u00e9kid\u00e8che, \u00aben plus du fait que la situation g\u00e9opolitique et g\u00e9o\u00e9conomique est favorable, l&rsquo;Europe a int\u00e9r\u00eat \u00e0 ce que l&rsquo;Accord d&rsquo;association Alg\u00e9rie-UE soit r\u00e9\u00e9quilibr\u00e9 et profite \u00e0 l&rsquo;Alg\u00e9rie, car l&rsquo;Alg\u00e9rie joue un r\u00f4le de stabilisateur \u00e0 l&rsquo;\u00e9chelle r\u00e9gionale et continentale, notamment en mati\u00e8re de lutte contre le terrorisme et la gestion de l&rsquo;immigration clandestine, et, \u00e0 ce titre, elle doit \u00eatre politiquement stable et socialement et \u00e9conomiquement forte\u00bb.<\/p>\n<p style=\"text-align: justify;\">Par ailleurs, questionn\u00e9 sur l&rsquo;opportunit\u00e9 de l&rsquo;abrogation dudit accord, le vice-pr\u00e9sident du Cnes consid\u00e8re que \u00abce n&rsquo;est pas une bonne chose\u00bb. \u00abL&rsquo;abrogation peut se faire, mais ce n&rsquo;est pas une bonne chose.<\/p>\n<p style=\"text-align: justify;\">Plus on retarde notre adh\u00e9sion \u00e0 l&rsquo;Organisation mondiale du commerce (OMC), plus on devient otage de l&rsquo;Union europ\u00e9enne. Je pense qu&rsquo;il convient plut\u00f4t de chercher un \u00e9quilibre en r\u00e9visant toutes les clauses n\u00e9cessaires\u00bb a-t-il indiqu\u00e9.<\/p>\n<p style=\"text-align: justify;\">Et pour argumenter ses propos, Mustapha Mekid\u00e8che a fait savoir que l&rsquo;Alg\u00e9rie effectue les deux tiers de ses \u00e9changes avec l&rsquo;Union europ\u00e9enne \u00abet que, en vertu de sa proximit\u00e9 avec l&rsquo;Europe, l&rsquo;Alg\u00e9rie peut attirer les investisseurs \u00e9trangers install\u00e9s dans le Vieux Continent.<\/p>\n<p style=\"text-align: justify;\">En gros, M. M\u00e9kid\u00e8che appuie la d\u00e9marche du gouvernement et essaie d&rsquo;attirer l&rsquo;attention des Europ\u00e9ens quant \u00e0 l&rsquo;importance de mettre en place un syst\u00e8me de coop\u00e9ration \u00e9quitable et profitable aux deux parties. Y a-t-il d&rsquo;autres M\u00e9kid\u00e8che de l&rsquo;autre c\u00f4t\u00e9 de la M\u00e9diterran\u00e9e?<\/p>\n<p style=\"text-align: justify;\">Source: <a href=\"http:\/\/www.lexpressiondz.com\/actualite\/224922-le-necessaire-reequilibrage.html\" target=\"_blank\">ACCORD D&rsquo;ASSOCIATION ALG\u00c9RIE-UE : Le n\u00e9cessaire r\u00e9\u00e9quilibrage<\/a><\/p>\n<!--CusAds0-->\n<div style=\"font-size: 0px; height: 0px; line-height: 0px; margin: 0; padding: 0; clear: both;\"><\/div>","protected":false},"excerpt":{"rendered":"<p>Revendiqu\u00e9e par le gouvernement alg\u00e9rien, la r\u00e9vision de l&rsquo;Accord d&rsquo;association Alg\u00e9rie-UE est urgente. \u00abL&rsquo;Europe a int\u00e9r\u00eat \u00e0 ce qu&rsquo;il profite \u00e0 l&rsquo;Alg\u00e9rie\u00bb, appuie Mustapha M\u00e9kid\u00e8che, expert. La chef de la diplomatie europ\u00e9enne, Federica Mogherini, se rendra \u00e0 Alger le 17 septembre prochain pour une visite d&rsquo;une journ\u00e9e. Dans son agenda figure la signature des accords<\/p>\n","protected":false},"author":6,"featured_media":697,"comment_status":"open","ping_status":"open","sticky":false,"template":"","format":"standard","meta":{"footnotes":""},"categories":[5],"tags":[],"class_list":["post-687","post","type-post","status-publish","format-standard","has-post-thumbnail","hentry","category-economie"],"yoast_head":"<!-- This site is optimized with the Yoast SEO plugin v27.5 - https:\/\/yoast.com\/product\/yoast-seo-wordpress\/ -->\n<title>ACCORD D&#039;ASSOCIATION ALG\u00c9RIE-UE : Le n\u00e9cessaire r\u00e9\u00e9quilibrage<\/title>\n<meta name=\"description\" content=\"ACCORD D&#039;ASSOCIATION ALG\u00c9RIE-UE : Le n\u00e9cessaire r\u00e9\u00e9quilibrage\" \/>\n<meta name=\"robots\" content=\"index, follow, max-snippet:-1, max-image-preview:large, max-video-preview:-1\" \/>\n<link rel=\"canonical\" href=\"https:\/\/www.info-algerie.com\/actualites\/accord-dassociation-algerie-ue-le-necessaire-reequilibrage\/\" \/>\n<meta property=\"og:locale\" content=\"fr_FR\" \/>\n<meta property=\"og:type\" content=\"article\" \/>\n<meta property=\"og:title\" content=\"ACCORD D&#039;ASSOCIATION ALG\u00c9RIE-UE : Le n\u00e9cessaire r\u00e9\u00e9quilibrage\" \/>\n<meta property=\"og:description\" content=\"ACCORD D&#039;ASSOCIATION ALG\u00c9RIE-UE : Le n\u00e9cessaire r\u00e9\u00e9quilibrage\" \/>\n<meta property=\"og:url\" content=\"https:\/\/www.info-algerie.com\/actualites\/accord-dassociation-algerie-ue-le-necessaire-reequilibrage\/\" \/>\n<meta property=\"og:site_name\" content=\"info algerie\" \/>\n<meta property=\"article:publisher\" content=\"https:\/\/www.facebook.com\/infoalgerieactu\" \/>\n<meta property=\"article:published_time\" content=\"2015-09-09T23:00:00+00:00\" \/>\n<meta property=\"article:modified_time\" content=\"2015-09-10T07:03:34+00:00\" \/>\n<meta property=\"og:image\" content=\"https:\/\/www.info-algerie.com\/actualites\/wp-content\/uploads\/2015\/09\/ACCORD-DASSOCIATION-ALG\u00c9RIE-UE.gif\" \/>\n\t<meta property=\"og:image:width\" content=\"324\" \/>\n\t<meta property=\"og:image:height\" content=\"210\" \/>\n\t<meta property=\"og:image:type\" content=\"image\/gif\" \/>\n<meta name=\"author\" content=\"La r\u00e9daction\" \/>\n<meta name=\"twitter:label1\" content=\"\u00c9crit par\" \/>\n\t<meta name=\"twitter:data1\" content=\"La r\u00e9daction\" \/>\n\t<meta name=\"twitter:label2\" content=\"Dur\u00e9e de lecture estim\u00e9e\" \/>\n\t<meta name=\"twitter:data2\" content=\"4 minutes\" \/>\n<script type=\"application\/ld+json\" class=\"yoast-schema-graph\">{\"@context\":\"https:\\\/\\\/schema.org\",\"@graph\":[{\"@type\":\"Article\",\"@id\":\"https:\\\/\\\/www.info-algerie.com\\\/actualites\\\/accord-dassociation-algerie-ue-le-necessaire-reequilibrage\\\/#article\",\"isPartOf\":{\"@id\":\"https:\\\/\\\/www.info-algerie.com\\\/actualites\\\/accord-dassociation-algerie-ue-le-necessaire-reequilibrage\\\/\"},\"author\":{\"name\":\"La r\u00e9daction\",\"@id\":\"https:\\\/\\\/www.info-algerie.com\\\/actualites\\\/#\\\/schema\\\/person\\\/847aaec44920825b843a08f30ec6aa1e\"},\"headline\":\"ACCORD D&rsquo;ASSOCIATION ALG\u00c9RIE-UE : Le n\u00e9cessaire r\u00e9\u00e9quilibrage\",\"datePublished\":\"2015-09-09T23:00:00+00:00\",\"dateModified\":\"2015-09-10T07:03:34+00:00\",\"mainEntityOfPage\":{\"@id\":\"https:\\\/\\\/www.info-algerie.com\\\/actualites\\\/accord-dassociation-algerie-ue-le-necessaire-reequilibrage\\\/\"},\"wordCount\":937,\"commentCount\":0,\"publisher\":{\"@id\":\"https:\\\/\\\/www.info-algerie.com\\\/actualites\\\/#organization\"},\"image\":{\"@id\":\"https:\\\/\\\/www.info-algerie.com\\\/actualites\\\/accord-dassociation-algerie-ue-le-necessaire-reequilibrage\\\/#primaryimage\"},\"thumbnailUrl\":\"https:\\\/\\\/www.info-algerie.com\\\/actualites\\\/wp-content\\\/uploads\\\/2015\\\/09\\\/ACCORD-DASSOCIATION-ALG\u00c9RIE-UE.gif\",\"articleSection\":[\"\u00e9conomie\"],\"inLanguage\":\"fr-FR\",\"potentialAction\":[{\"@type\":\"CommentAction\",\"name\":\"Comment\",\"target\":[\"https:\\\/\\\/www.info-algerie.com\\\/actualites\\\/accord-dassociation-algerie-ue-le-necessaire-reequilibrage\\\/#respond\"]}]},{\"@type\":\"WebPage\",\"@id\":\"https:\\\/\\\/www.info-algerie.com\\\/actualites\\\/accord-dassociation-algerie-ue-le-necessaire-reequilibrage\\\/\",\"url\":\"https:\\\/\\\/www.info-algerie.com\\\/actualites\\\/accord-dassociation-algerie-ue-le-necessaire-reequilibrage\\\/\",\"name\":\"ACCORD D'ASSOCIATION ALG\u00c9RIE-UE : Le n\u00e9cessaire r\u00e9\u00e9quilibrage\",\"isPartOf\":{\"@id\":\"https:\\\/\\\/www.info-algerie.com\\\/actualites\\\/#website\"},\"primaryImageOfPage\":{\"@id\":\"https:\\\/\\\/www.info-algerie.com\\\/actualites\\\/accord-dassociation-algerie-ue-le-necessaire-reequilibrage\\\/#primaryimage\"},\"image\":{\"@id\":\"https:\\\/\\\/www.info-algerie.com\\\/actualites\\\/accord-dassociation-algerie-ue-le-necessaire-reequilibrage\\\/#primaryimage\"},\"thumbnailUrl\":\"https:\\\/\\\/www.info-algerie.com\\\/actualites\\\/wp-content\\\/uploads\\\/2015\\\/09\\\/ACCORD-DASSOCIATION-ALG\u00c9RIE-UE.gif\",\"datePublished\":\"2015-09-09T23:00:00+00:00\",\"dateModified\":\"2015-09-10T07:03:34+00:00\",\"description\":\"ACCORD D'ASSOCIATION ALG\u00c9RIE-UE : Le n\u00e9cessaire r\u00e9\u00e9quilibrage\",\"breadcrumb\":{\"@id\":\"https:\\\/\\\/www.info-algerie.com\\\/actualites\\\/accord-dassociation-algerie-ue-le-necessaire-reequilibrage\\\/#breadcrumb\"},\"inLanguage\":\"fr-FR\",\"potentialAction\":[{\"@type\":\"ReadAction\",\"target\":[\"https:\\\/\\\/www.info-algerie.com\\\/actualites\\\/accord-dassociation-algerie-ue-le-necessaire-reequilibrage\\\/\"]}]},{\"@type\":\"ImageObject\",\"inLanguage\":\"fr-FR\",\"@id\":\"https:\\\/\\\/www.info-algerie.com\\\/actualites\\\/accord-dassociation-algerie-ue-le-necessaire-reequilibrage\\\/#primaryimage\",\"url\":\"https:\\\/\\\/www.info-algerie.com\\\/actualites\\\/wp-content\\\/uploads\\\/2015\\\/09\\\/ACCORD-DASSOCIATION-ALG\u00c9RIE-UE.gif\",\"contentUrl\":\"https:\\\/\\\/www.info-algerie.com\\\/actualites\\\/wp-content\\\/uploads\\\/2015\\\/09\\\/ACCORD-DASSOCIATION-ALG\u00c9RIE-UE.gif\",\"width\":324,\"height\":210,\"caption\":\"ACCORD D'ASSOCIATION ALG\u00c9RIE-UE\"},{\"@type\":\"BreadcrumbList\",\"@id\":\"https:\\\/\\\/www.info-algerie.com\\\/actualites\\\/accord-dassociation-algerie-ue-le-necessaire-reequilibrage\\\/#breadcrumb\",\"itemListElement\":[{\"@type\":\"ListItem\",\"position\":1,\"name\":\"Accueil\",\"item\":\"https:\\\/\\\/www.info-algerie.com\\\/actualites\\\/\"},{\"@type\":\"ListItem\",\"position\":2,\"name\":\"ACCORD D&rsquo;ASSOCIATION ALG\u00c9RIE-UE : Le n\u00e9cessaire r\u00e9\u00e9quilibrage\"}]},{\"@type\":\"WebSite\",\"@id\":\"https:\\\/\\\/www.info-algerie.com\\\/actualites\\\/#website\",\"url\":\"https:\\\/\\\/www.info-algerie.com\\\/actualites\\\/\",\"name\":\"info algerie\",\"description\":\"Toutes les actualit\u00e9s\",\"publisher\":{\"@id\":\"https:\\\/\\\/www.info-algerie.com\\\/actualites\\\/#organization\"},\"potentialAction\":[{\"@type\":\"SearchAction\",\"target\":{\"@type\":\"EntryPoint\",\"urlTemplate\":\"https:\\\/\\\/www.info-algerie.com\\\/actualites\\\/?s={search_term_string}\"},\"query-input\":{\"@type\":\"PropertyValueSpecification\",\"valueRequired\":true,\"valueName\":\"search_term_string\"}}],\"inLanguage\":\"fr-FR\"},{\"@type\":\"Organization\",\"@id\":\"https:\\\/\\\/www.info-algerie.com\\\/actualites\\\/#organization\",\"name\":\"info algerie\",\"url\":\"https:\\\/\\\/www.info-algerie.com\\\/actualites\\\/\",\"logo\":{\"@type\":\"ImageObject\",\"inLanguage\":\"fr-FR\",\"@id\":\"https:\\\/\\\/www.info-algerie.com\\\/actualites\\\/#\\\/schema\\\/logo\\\/image\\\/\",\"url\":\"https:\\\/\\\/www.info-algerie.com\\\/actualites\\\/wp-content\\\/uploads\\\/2022\\\/07\\\/logo-ia-120.png\",\"contentUrl\":\"https:\\\/\\\/www.info-algerie.com\\\/actualites\\\/wp-content\\\/uploads\\\/2022\\\/07\\\/logo-ia-120.png\",\"width\":120,\"height\":43,\"caption\":\"info algerie\"},\"image\":{\"@id\":\"https:\\\/\\\/www.info-algerie.com\\\/actualites\\\/#\\\/schema\\\/logo\\\/image\\\/\"},\"sameAs\":[\"https:\\\/\\\/www.facebook.com\\\/infoalgerieactu\",\"https:\\\/\\\/x.com\\\/infoalgerie1\"]},{\"@type\":\"Person\",\"@id\":\"https:\\\/\\\/www.info-algerie.com\\\/actualites\\\/#\\\/schema\\\/person\\\/847aaec44920825b843a08f30ec6aa1e\",\"name\":\"La r\u00e9daction\",\"image\":{\"@type\":\"ImageObject\",\"inLanguage\":\"fr-FR\",\"@id\":\"https:\\\/\\\/secure.gravatar.com\\\/avatar\\\/769db425c6f465158149f1ffd6cf61ce7a8a879d11dfbef8288af36dfddd418c?s=96&d=mm&r=g\",\"url\":\"https:\\\/\\\/secure.gravatar.com\\\/avatar\\\/769db425c6f465158149f1ffd6cf61ce7a8a879d11dfbef8288af36dfddd418c?s=96&d=mm&r=g\",\"contentUrl\":\"https:\\\/\\\/secure.gravatar.com\\\/avatar\\\/769db425c6f465158149f1ffd6cf61ce7a8a879d11dfbef8288af36dfddd418c?s=96&d=mm&r=g\",\"caption\":\"La r\u00e9daction\"},\"sameAs\":[\"http:\\\/\\\/www.lkeria.com\\\/\"],\"url\":\"https:\\\/\\\/www.info-algerie.com\\\/actualites\\\/author\\\/chakib32\\\/\"}]}<\/script>\n<!-- \/ Yoast SEO plugin. -->","yoast_head_json":{"title":"ACCORD D'ASSOCIATION ALG\u00c9RIE-UE : Le n\u00e9cessaire r\u00e9\u00e9quilibrage","description":"ACCORD D'ASSOCIATION ALG\u00c9RIE-UE : Le n\u00e9cessaire r\u00e9\u00e9quilibrage","robots":{"index":"index","follow":"follow","max-snippet":"max-snippet:-1","max-image-preview":"max-image-preview:large","max-video-preview":"max-video-preview:-1"},"canonical":"https:\/\/www.info-algerie.com\/actualites\/accord-dassociation-algerie-ue-le-necessaire-reequilibrage\/","og_locale":"fr_FR","og_type":"article","og_title":"ACCORD D'ASSOCIATION ALG\u00c9RIE-UE : Le n\u00e9cessaire r\u00e9\u00e9quilibrage","og_description":"ACCORD D'ASSOCIATION ALG\u00c9RIE-UE : Le n\u00e9cessaire r\u00e9\u00e9quilibrage","og_url":"https:\/\/www.info-algerie.com\/actualites\/accord-dassociation-algerie-ue-le-necessaire-reequilibrage\/","og_site_name":"info algerie","article_publisher":"https:\/\/www.facebook.com\/infoalgerieactu","article_published_time":"2015-09-09T23:00:00+00:00","article_modified_time":"2015-09-10T07:03:34+00:00","og_image":[{"width":324,"height":210,"url":"https:\/\/www.info-algerie.com\/actualites\/wp-content\/uploads\/2015\/09\/ACCORD-DASSOCIATION-ALG\u00c9RIE-UE.gif","type":"image\/gif"}],"author":"La r\u00e9daction","twitter_misc":{"\u00c9crit par":"La r\u00e9daction","Dur\u00e9e de lecture estim\u00e9e":"4 minutes"},"schema":{"@context":"https:\/\/schema.org","@graph":[{"@type":"Article","@id":"https:\/\/www.info-algerie.com\/actualites\/accord-dassociation-algerie-ue-le-necessaire-reequilibrage\/#article","isPartOf":{"@id":"https:\/\/www.info-algerie.com\/actualites\/accord-dassociation-algerie-ue-le-necessaire-reequilibrage\/"},"author":{"name":"La r\u00e9daction","@id":"https:\/\/www.info-algerie.com\/actualites\/#\/schema\/person\/847aaec44920825b843a08f30ec6aa1e"},"headline":"ACCORD D&rsquo;ASSOCIATION ALG\u00c9RIE-UE : Le n\u00e9cessaire r\u00e9\u00e9quilibrage","datePublished":"2015-09-09T23:00:00+00:00","dateModified":"2015-09-10T07:03:34+00:00","mainEntityOfPage":{"@id":"https:\/\/www.info-algerie.com\/actualites\/accord-dassociation-algerie-ue-le-necessaire-reequilibrage\/"},"wordCount":937,"commentCount":0,"publisher":{"@id":"https:\/\/www.info-algerie.com\/actualites\/#organization"},"image":{"@id":"https:\/\/www.info-algerie.com\/actualites\/accord-dassociation-algerie-ue-le-necessaire-reequilibrage\/#primaryimage"},"thumbnailUrl":"https:\/\/www.info-algerie.com\/actualites\/wp-content\/uploads\/2015\/09\/ACCORD-DASSOCIATION-ALG\u00c9RIE-UE.gif","articleSection":["\u00e9conomie"],"inLanguage":"fr-FR","potentialAction":[{"@type":"CommentAction","name":"Comment","target":["https:\/\/www.info-algerie.com\/actualites\/accord-dassociation-algerie-ue-le-necessaire-reequilibrage\/#respond"]}]},{"@type":"WebPage","@id":"https:\/\/www.info-algerie.com\/actualites\/accord-dassociation-algerie-ue-le-necessaire-reequilibrage\/","url":"https:\/\/www.info-algerie.com\/actualites\/accord-dassociation-algerie-ue-le-necessaire-reequilibrage\/","name":"ACCORD D'ASSOCIATION ALG\u00c9RIE-UE : Le n\u00e9cessaire r\u00e9\u00e9quilibrage","isPartOf":{"@id":"https:\/\/www.info-algerie.com\/actualites\/#website"},"primaryImageOfPage":{"@id":"https:\/\/www.info-algerie.com\/actualites\/accord-dassociation-algerie-ue-le-necessaire-reequilibrage\/#primaryimage"},"image":{"@id":"https:\/\/www.info-algerie.com\/actualites\/accord-dassociation-algerie-ue-le-necessaire-reequilibrage\/#primaryimage"},"thumbnailUrl":"https:\/\/www.info-algerie.com\/actualites\/wp-content\/uploads\/2015\/09\/ACCORD-DASSOCIATION-ALG\u00c9RIE-UE.gif","datePublished":"2015-09-09T23:00:00+00:00","dateModified":"2015-09-10T07:03:34+00:00","description":"ACCORD D'ASSOCIATION ALG\u00c9RIE-UE : Le n\u00e9cessaire r\u00e9\u00e9quilibrage","breadcrumb":{"@id":"https:\/\/www.info-algerie.com\/actualites\/accord-dassociation-algerie-ue-le-necessaire-reequilibrage\/#breadcrumb"},"inLanguage":"fr-FR","potentialAction":[{"@type":"ReadAction","target":["https:\/\/www.info-algerie.com\/actualites\/accord-dassociation-algerie-ue-le-necessaire-reequilibrage\/"]}]},{"@type":"ImageObject","inLanguage":"fr-FR","@id":"https:\/\/www.info-algerie.com\/actualites\/accord-dassociation-algerie-ue-le-necessaire-reequilibrage\/#primaryimage","url":"https:\/\/www.info-algerie.com\/actualites\/wp-content\/uploads\/2015\/09\/ACCORD-DASSOCIATION-ALG\u00c9RIE-UE.gif","contentUrl":"https:\/\/www.info-algerie.com\/actualites\/wp-content\/uploads\/2015\/09\/ACCORD-DASSOCIATION-ALG\u00c9RIE-UE.gif","width":324,"height":210,"caption":"ACCORD D'ASSOCIATION ALG\u00c9RIE-UE"},{"@type":"BreadcrumbList","@id":"https:\/\/www.info-algerie.com\/actualites\/accord-dassociation-algerie-ue-le-necessaire-reequilibrage\/#breadcrumb","itemListElement":[{"@type":"ListItem","position":1,"name":"Accueil","item":"https:\/\/www.info-algerie.com\/actualites\/"},{"@type":"ListItem","position":2,"name":"ACCORD D&rsquo;ASSOCIATION ALG\u00c9RIE-UE : Le n\u00e9cessaire r\u00e9\u00e9quilibrage"}]},{"@type":"WebSite","@id":"https:\/\/www.info-algerie.com\/actualites\/#website","url":"https:\/\/www.info-algerie.com\/actualites\/","name":"info algerie","description":"Toutes les actualit\u00e9s","publisher":{"@id":"https:\/\/www.info-algerie.com\/actualites\/#organization"},"potentialAction":[{"@type":"SearchAction","target":{"@type":"EntryPoint","urlTemplate":"https:\/\/www.info-algerie.com\/actualites\/?s={search_term_string}"},"query-input":{"@type":"PropertyValueSpecification","valueRequired":true,"valueName":"search_term_string"}}],"inLanguage":"fr-FR"},{"@type":"Organization","@id":"https:\/\/www.info-algerie.com\/actualites\/#organization","name":"info algerie","url":"https:\/\/www.info-algerie.com\/actualites\/","logo":{"@type":"ImageObject","inLanguage":"fr-FR","@id":"https:\/\/www.info-algerie.com\/actualites\/#\/schema\/logo\/image\/","url":"https:\/\/www.info-algerie.com\/actualites\/wp-content\/uploads\/2022\/07\/logo-ia-120.png","contentUrl":"https:\/\/www.info-algerie.com\/actualites\/wp-content\/uploads\/2022\/07\/logo-ia-120.png","width":120,"height":43,"caption":"info algerie"},"image":{"@id":"https:\/\/www.info-algerie.com\/actualites\/#\/schema\/logo\/image\/"},"sameAs":["https:\/\/www.facebook.com\/infoalgerieactu","https:\/\/x.com\/infoalgerie1"]},{"@type":"Person","@id":"https:\/\/www.info-algerie.com\/actualites\/#\/schema\/person\/847aaec44920825b843a08f30ec6aa1e","name":"La r\u00e9daction","image":{"@type":"ImageObject","inLanguage":"fr-FR","@id":"https:\/\/secure.gravatar.com\/avatar\/769db425c6f465158149f1ffd6cf61ce7a8a879d11dfbef8288af36dfddd418c?s=96&d=mm&r=g","url":"https:\/\/secure.gravatar.com\/avatar\/769db425c6f465158149f1ffd6cf61ce7a8a879d11dfbef8288af36dfddd418c?s=96&d=mm&r=g","contentUrl":"https:\/\/secure.gravatar.com\/avatar\/769db425c6f465158149f1ffd6cf61ce7a8a879d11dfbef8288af36dfddd418c?s=96&d=mm&r=g","caption":"La r\u00e9daction"},"sameAs":["http:\/\/www.lkeria.com\/"],"url":"https:\/\/www.info-algerie.com\/actualites\/author\/chakib32\/"}]}},"_links":{"self":[{"href":"https:\/\/www.info-algerie.com\/actualites\/wp-json\/wp\/v2\/posts\/687","targetHints":{"allow":["GET"]}}],"collection":[{"href":"https:\/\/www.info-algerie.com\/actualites\/wp-json\/wp\/v2\/posts"}],"about":[{"href":"https:\/\/www.info-algerie.com\/actualites\/wp-json\/wp\/v2\/types\/post"}],"author":[{"embeddable":true,"href":"https:\/\/www.info-algerie.com\/actualites\/wp-json\/wp\/v2\/users\/6"}],"replies":[{"embeddable":true,"href":"https:\/\/www.info-algerie.com\/actualites\/wp-json\/wp\/v2\/comments?post=687"}],"version-history":[{"count":2,"href":"https:\/\/www.info-algerie.com\/actualites\/wp-json\/wp\/v2\/posts\/687\/revisions"}],"predecessor-version":[{"id":698,"href":"https:\/\/www.info-algerie.com\/actualites\/wp-json\/wp\/v2\/posts\/687\/revisions\/698"}],"wp:featuredmedia":[{"embeddable":true,"href":"https:\/\/www.info-algerie.com\/actualites\/wp-json\/wp\/v2\/media\/697"}],"wp:attachment":[{"href":"https:\/\/www.info-algerie.com\/actualites\/wp-json\/wp\/v2\/media?parent=687"}],"wp:term":[{"taxonomy":"category","embeddable":true,"href":"https:\/\/www.info-algerie.com\/actualites\/wp-json\/wp\/v2\/categories?post=687"},{"taxonomy":"post_tag","embeddable":true,"href":"https:\/\/www.info-algerie.com\/actualites\/wp-json\/wp\/v2\/tags?post=687"}],"curies":[{"name":"wp","href":"https:\/\/api.w.org\/{rel}","templated":true}]}}