{"id":749,"date":"2015-09-12T13:51:04","date_gmt":"2015-09-12T12:51:04","guid":{"rendered":"http:\/\/www.info-algerie.com\/actualites\/chute-dune-grue-a-la-mecque-huit-hadjis-algeriens-hospitalises-mae\/"},"modified":"2015-09-12T17:25:56","modified_gmt":"2015-09-12T16:25:56","slug":"chute-dune-grue-a-la-mecque-huit-hadjis-algeriens-hospitalises-mae","status":"publish","type":"post","link":"https:\/\/www.info-algerie.com\/actualites\/chute-dune-grue-a-la-mecque-huit-hadjis-algeriens-hospitalises-mae\/","title":{"rendered":"chute d&rsquo;une grue \u00e0 la Mecque: huit hadjis alg\u00e9riens hospitalis\u00e9s (MAE)"},"content":{"rendered":"<h2 class=\"K2FeedImage\">\u00a0Chute d&rsquo;une grue \u00e0 La Mecque<\/h2>\n<div class=\"K2FeedIntroText\">\n<p style=\"text-align: justify;\"><a href=\"https:\/\/www.info-algerie.com\/actualites\/wp-content\/uploads\/2015\/09\/Chute-dune-grue-\u00e0-La-Mecque-.jpg\"><img loading=\"lazy\" decoding=\"async\" class=\" wp-image-757 alignleft\" src=\"https:\/\/www.info-algerie.com\/actualites\/wp-content\/uploads\/2015\/09\/Chute-dune-grue-\u00e0-La-Mecque--300x170.jpg\" alt=\"Chute d'une grue \u00e0 La Mecque\" width=\"238\" height=\"135\" srcset=\"https:\/\/www.info-algerie.com\/actualites\/wp-content\/uploads\/2015\/09\/Chute-dune-grue-\u00e0-La-Mecque--300x170.jpg 300w, https:\/\/www.info-algerie.com\/actualites\/wp-content\/uploads\/2015\/09\/Chute-dune-grue-\u00e0-La-Mecque-.jpg 600w\" sizes=\"auto, (max-width: 238px) 100vw, 238px\" \/><\/a>Le nombre des hadjis alg\u00e9riens bless\u00e9s hospitalis\u00e9s, suite \u00e0 la chute d&rsquo;une grue \u00e0 La Mecque vendredi, s&rsquo;\u00e9l\u00e8ve \u00e0 huit (8), a indiqu\u00e9 samedi le porte-parole du minist\u00e8re des Affaires \u00e9trang\u00e8res.<\/p>\n<p style=\"text-align: justify;\">\u00ab\u00a0Le nombre des bless\u00e9s alg\u00e9riens encore hospitalis\u00e9s s&rsquo;\u00e9l\u00e8ve \u00e0 huit personnes\u00a0\u00bb, a pr\u00e9cis\u00e9 Abdelaziz Benali Cherif, dans une d\u00e9claration \u00e0 l&rsquo;APS.<\/p>\n<p style=\"text-align: justify;\">Il s&rsquo;agit de: Loucif Makhlouf (Oum El Bouaghi), Rahmani Abderahmane et Djaghal Hocine Mohamed (Touggourt), Rahmani Abdelkader (Ain Defla), Abid Fethi (Blida), Belkhir Hamadi (Batna), Bouzid Youcef (Oran), et Mahdi Fatma Zohra (Tizi Ouzou).<\/p>\n<p style=\"text-align: justify;\">\u00ab\u00a0La liste des bless\u00e9s a \u00e9t\u00e9 consolid\u00e9e en coordination avec les autorit\u00e9s saoudiennes comp\u00e9tentes suite \u00e0 la visite dans tous les h\u00f4pitaux de la r\u00e9gion des repr\u00e9sentants des services consulaires et des membres de la mission m\u00e9dicale alg\u00e9rienne\u00a0\u00bb, a-t-il ajout\u00e9.<\/p>\n<\/div>\n<p>Source: <a href=\"http:\/\/www.aps.dz\/algerie\/28426-chute-d-une-grue-%C3%A0-la-mecque-huit-hadjis-alg%C3%A9riens-hospitalis%C3%A9s-mae\" target=\"_blank\">Chute d&rsquo;une grue \u00e0 La Mecque: huit hadjis alg\u00e9riens hospitalis\u00e9s (MAE)<\/a><\/p>\n<!--CusAds0-->\n<div style=\"font-size: 0px; height: 0px; line-height: 0px; margin: 0; padding: 0; clear: both;\"><\/div>","protected":false},"excerpt":{"rendered":"<p>\u00a0Chute d&rsquo;une grue \u00e0 La Mecque Le nombre des hadjis alg\u00e9riens bless\u00e9s hospitalis\u00e9s, suite \u00e0 la chute d&rsquo;une grue \u00e0 La Mecque vendredi, s&rsquo;\u00e9l\u00e8ve \u00e0 huit (8), a indiqu\u00e9 samedi le porte-parole du minist\u00e8re des Affaires \u00e9trang\u00e8res. \u00ab\u00a0Le nombre des bless\u00e9s alg\u00e9riens encore hospitalis\u00e9s s&rsquo;\u00e9l\u00e8ve \u00e0 huit personnes\u00a0\u00bb, a pr\u00e9cis\u00e9 Abdelaziz Benali Cherif, dans une<\/p>\n","protected":false},"author":6,"featured_media":757,"comment_status":"open","ping_status":"open","sticky":false,"template":"","format":"standard","meta":{"footnotes":""},"categories":[22],"tags":[],"class_list":["post-749","post","type-post","status-publish","format-standard","has-post-thumbnail","hentry","category-infos"],"yoast_head":"<!-- This site is optimized with the Yoast SEO plugin v27.5 - https:\/\/yoast.com\/product\/yoast-seo-wordpress\/ -->\n<title>chute d&#039;une grue \u00e0 la Mecque : 8 alg\u00e9riens hospitalis\u00e9s<\/title>\n<meta name=\"description\" content=\"chute d&#039;une grue \u00e0 la Mecque: huit hadjis alg\u00e9riens hospitalis\u00e9s a indiqu\u00e9 samedi le porte-parole du minist\u00e8re des Affaires \u00e9trang\u00e8res\" \/>\n<meta name=\"robots\" content=\"index, follow, max-snippet:-1, max-image-preview:large, max-video-preview:-1\" \/>\n<link rel=\"canonical\" href=\"https:\/\/www.info-algerie.com\/actualites\/chute-dune-grue-a-la-mecque-huit-hadjis-algeriens-hospitalises-mae\/\" \/>\n<meta property=\"og:locale\" content=\"fr_FR\" \/>\n<meta property=\"og:type\" content=\"article\" \/>\n<meta property=\"og:title\" content=\"chute d&#039;une grue \u00e0 la Mecque : 8 alg\u00e9riens hospitalis\u00e9s\" \/>\n<meta property=\"og:description\" content=\"chute d&#039;une grue \u00e0 la Mecque: huit hadjis alg\u00e9riens hospitalis\u00e9s a indiqu\u00e9 samedi le porte-parole du minist\u00e8re des Affaires \u00e9trang\u00e8res\" \/>\n<meta property=\"og:url\" content=\"https:\/\/www.info-algerie.com\/actualites\/chute-dune-grue-a-la-mecque-huit-hadjis-algeriens-hospitalises-mae\/\" \/>\n<meta property=\"og:site_name\" content=\"info algerie\" \/>\n<meta property=\"article:publisher\" content=\"https:\/\/www.facebook.com\/infoalgerieactu\" \/>\n<meta property=\"article:published_time\" content=\"2015-09-12T12:51:04+00:00\" \/>\n<meta property=\"article:modified_time\" content=\"2015-09-12T16:25:56+00:00\" \/>\n<meta property=\"og:image\" content=\"https:\/\/www.info-algerie.com\/actualites\/wp-content\/uploads\/2015\/09\/Chute-dune-grue-\u00e0-La-Mecque-.jpg\" \/>\n\t<meta property=\"og:image:width\" content=\"600\" \/>\n\t<meta property=\"og:image:height\" content=\"339\" \/>\n\t<meta property=\"og:image:type\" content=\"image\/jpeg\" \/>\n<meta name=\"author\" content=\"La r\u00e9daction\" \/>\n<meta name=\"twitter:label1\" content=\"\u00c9crit par\" \/>\n\t<meta name=\"twitter:data1\" content=\"La r\u00e9daction\" \/>\n\t<meta name=\"twitter:label2\" content=\"Dur\u00e9e de lecture estim\u00e9e\" \/>\n\t<meta name=\"twitter:data2\" content=\"1 minute\" \/>\n<script type=\"application\/ld+json\" class=\"yoast-schema-graph\">{\"@context\":\"https:\\\/\\\/schema.org\",\"@graph\":[{\"@type\":\"Article\",\"@id\":\"https:\\\/\\\/www.info-algerie.com\\\/actualites\\\/chute-dune-grue-a-la-mecque-huit-hadjis-algeriens-hospitalises-mae\\\/#article\",\"isPartOf\":{\"@id\":\"https:\\\/\\\/www.info-algerie.com\\\/actualites\\\/chute-dune-grue-a-la-mecque-huit-hadjis-algeriens-hospitalises-mae\\\/\"},\"author\":{\"name\":\"La r\u00e9daction\",\"@id\":\"https:\\\/\\\/www.info-algerie.com\\\/actualites\\\/#\\\/schema\\\/person\\\/847aaec44920825b843a08f30ec6aa1e\"},\"headline\":\"chute d&rsquo;une grue \u00e0 la Mecque: huit hadjis alg\u00e9riens hospitalis\u00e9s (MAE)\",\"datePublished\":\"2015-09-12T12:51:04+00:00\",\"dateModified\":\"2015-09-12T16:25:56+00:00\",\"mainEntityOfPage\":{\"@id\":\"https:\\\/\\\/www.info-algerie.com\\\/actualites\\\/chute-dune-grue-a-la-mecque-huit-hadjis-algeriens-hospitalises-mae\\\/\"},\"wordCount\":178,\"commentCount\":0,\"publisher\":{\"@id\":\"https:\\\/\\\/www.info-algerie.com\\\/actualites\\\/#organization\"},\"image\":{\"@id\":\"https:\\\/\\\/www.info-algerie.com\\\/actualites\\\/chute-dune-grue-a-la-mecque-huit-hadjis-algeriens-hospitalises-mae\\\/#primaryimage\"},\"thumbnailUrl\":\"https:\\\/\\\/www.info-algerie.com\\\/actualites\\\/wp-content\\\/uploads\\\/2015\\\/09\\\/Chute-dune-grue-\u00e0-La-Mecque-.jpg\",\"articleSection\":[\"infos\"],\"inLanguage\":\"fr-FR\",\"potentialAction\":[{\"@type\":\"CommentAction\",\"name\":\"Comment\",\"target\":[\"https:\\\/\\\/www.info-algerie.com\\\/actualites\\\/chute-dune-grue-a-la-mecque-huit-hadjis-algeriens-hospitalises-mae\\\/#respond\"]}]},{\"@type\":\"WebPage\",\"@id\":\"https:\\\/\\\/www.info-algerie.com\\\/actualites\\\/chute-dune-grue-a-la-mecque-huit-hadjis-algeriens-hospitalises-mae\\\/\",\"url\":\"https:\\\/\\\/www.info-algerie.com\\\/actualites\\\/chute-dune-grue-a-la-mecque-huit-hadjis-algeriens-hospitalises-mae\\\/\",\"name\":\"chute d'une grue \u00e0 la Mecque : 8 alg\u00e9riens hospitalis\u00e9s\",\"isPartOf\":{\"@id\":\"https:\\\/\\\/www.info-algerie.com\\\/actualites\\\/#website\"},\"primaryImageOfPage\":{\"@id\":\"https:\\\/\\\/www.info-algerie.com\\\/actualites\\\/chute-dune-grue-a-la-mecque-huit-hadjis-algeriens-hospitalises-mae\\\/#primaryimage\"},\"image\":{\"@id\":\"https:\\\/\\\/www.info-algerie.com\\\/actualites\\\/chute-dune-grue-a-la-mecque-huit-hadjis-algeriens-hospitalises-mae\\\/#primaryimage\"},\"thumbnailUrl\":\"https:\\\/\\\/www.info-algerie.com\\\/actualites\\\/wp-content\\\/uploads\\\/2015\\\/09\\\/Chute-dune-grue-\u00e0-La-Mecque-.jpg\",\"datePublished\":\"2015-09-12T12:51:04+00:00\",\"dateModified\":\"2015-09-12T16:25:56+00:00\",\"description\":\"chute d'une grue \u00e0 la Mecque: huit hadjis alg\u00e9riens hospitalis\u00e9s a indiqu\u00e9 samedi le porte-parole du minist\u00e8re des Affaires \u00e9trang\u00e8res\",\"breadcrumb\":{\"@id\":\"https:\\\/\\\/www.info-algerie.com\\\/actualites\\\/chute-dune-grue-a-la-mecque-huit-hadjis-algeriens-hospitalises-mae\\\/#breadcrumb\"},\"inLanguage\":\"fr-FR\",\"potentialAction\":[{\"@type\":\"ReadAction\",\"target\":[\"https:\\\/\\\/www.info-algerie.com\\\/actualites\\\/chute-dune-grue-a-la-mecque-huit-hadjis-algeriens-hospitalises-mae\\\/\"]}]},{\"@type\":\"ImageObject\",\"inLanguage\":\"fr-FR\",\"@id\":\"https:\\\/\\\/www.info-algerie.com\\\/actualites\\\/chute-dune-grue-a-la-mecque-huit-hadjis-algeriens-hospitalises-mae\\\/#primaryimage\",\"url\":\"https:\\\/\\\/www.info-algerie.com\\\/actualites\\\/wp-content\\\/uploads\\\/2015\\\/09\\\/Chute-dune-grue-\u00e0-La-Mecque-.jpg\",\"contentUrl\":\"https:\\\/\\\/www.info-algerie.com\\\/actualites\\\/wp-content\\\/uploads\\\/2015\\\/09\\\/Chute-dune-grue-\u00e0-La-Mecque-.jpg\",\"width\":600,\"height\":339,\"caption\":\"Chute d'une grue \u00e0 La Mecque\"},{\"@type\":\"BreadcrumbList\",\"@id\":\"https:\\\/\\\/www.info-algerie.com\\\/actualites\\\/chute-dune-grue-a-la-mecque-huit-hadjis-algeriens-hospitalises-mae\\\/#breadcrumb\",\"itemListElement\":[{\"@type\":\"ListItem\",\"position\":1,\"name\":\"Accueil\",\"item\":\"https:\\\/\\\/www.info-algerie.com\\\/actualites\\\/\"},{\"@type\":\"ListItem\",\"position\":2,\"name\":\"chute d&rsquo;une grue \u00e0 la Mecque: huit hadjis alg\u00e9riens hospitalis\u00e9s (MAE)\"}]},{\"@type\":\"WebSite\",\"@id\":\"https:\\\/\\\/www.info-algerie.com\\\/actualites\\\/#website\",\"url\":\"https:\\\/\\\/www.info-algerie.com\\\/actualites\\\/\",\"name\":\"info algerie\",\"description\":\"Toutes les actualit\u00e9s\",\"publisher\":{\"@id\":\"https:\\\/\\\/www.info-algerie.com\\\/actualites\\\/#organization\"},\"potentialAction\":[{\"@type\":\"SearchAction\",\"target\":{\"@type\":\"EntryPoint\",\"urlTemplate\":\"https:\\\/\\\/www.info-algerie.com\\\/actualites\\\/?s={search_term_string}\"},\"query-input\":{\"@type\":\"PropertyValueSpecification\",\"valueRequired\":true,\"valueName\":\"search_term_string\"}}],\"inLanguage\":\"fr-FR\"},{\"@type\":\"Organization\",\"@id\":\"https:\\\/\\\/www.info-algerie.com\\\/actualites\\\/#organization\",\"name\":\"info algerie\",\"url\":\"https:\\\/\\\/www.info-algerie.com\\\/actualites\\\/\",\"logo\":{\"@type\":\"ImageObject\",\"inLanguage\":\"fr-FR\",\"@id\":\"https:\\\/\\\/www.info-algerie.com\\\/actualites\\\/#\\\/schema\\\/logo\\\/image\\\/\",\"url\":\"https:\\\/\\\/www.info-algerie.com\\\/actualites\\\/wp-content\\\/uploads\\\/2022\\\/07\\\/logo-ia-120.png\",\"contentUrl\":\"https:\\\/\\\/www.info-algerie.com\\\/actualites\\\/wp-content\\\/uploads\\\/2022\\\/07\\\/logo-ia-120.png\",\"width\":120,\"height\":43,\"caption\":\"info algerie\"},\"image\":{\"@id\":\"https:\\\/\\\/www.info-algerie.com\\\/actualites\\\/#\\\/schema\\\/logo\\\/image\\\/\"},\"sameAs\":[\"https:\\\/\\\/www.facebook.com\\\/infoalgerieactu\",\"https:\\\/\\\/x.com\\\/infoalgerie1\"]},{\"@type\":\"Person\",\"@id\":\"https:\\\/\\\/www.info-algerie.com\\\/actualites\\\/#\\\/schema\\\/person\\\/847aaec44920825b843a08f30ec6aa1e\",\"name\":\"La r\u00e9daction\",\"image\":{\"@type\":\"ImageObject\",\"inLanguage\":\"fr-FR\",\"@id\":\"https:\\\/\\\/secure.gravatar.com\\\/avatar\\\/769db425c6f465158149f1ffd6cf61ce7a8a879d11dfbef8288af36dfddd418c?s=96&d=mm&r=g\",\"url\":\"https:\\\/\\\/secure.gravatar.com\\\/avatar\\\/769db425c6f465158149f1ffd6cf61ce7a8a879d11dfbef8288af36dfddd418c?s=96&d=mm&r=g\",\"contentUrl\":\"https:\\\/\\\/secure.gravatar.com\\\/avatar\\\/769db425c6f465158149f1ffd6cf61ce7a8a879d11dfbef8288af36dfddd418c?s=96&d=mm&r=g\",\"caption\":\"La r\u00e9daction\"},\"sameAs\":[\"http:\\\/\\\/www.lkeria.com\\\/\"],\"url\":\"https:\\\/\\\/www.info-algerie.com\\\/actualites\\\/author\\\/chakib32\\\/\"}]}<\/script>\n<!-- \/ Yoast SEO plugin. -->","yoast_head_json":{"title":"chute d'une grue \u00e0 la Mecque : 8 alg\u00e9riens hospitalis\u00e9s","description":"chute d'une grue \u00e0 la Mecque: huit hadjis alg\u00e9riens hospitalis\u00e9s a indiqu\u00e9 samedi le porte-parole du minist\u00e8re des Affaires \u00e9trang\u00e8res","robots":{"index":"index","follow":"follow","max-snippet":"max-snippet:-1","max-image-preview":"max-image-preview:large","max-video-preview":"max-video-preview:-1"},"canonical":"https:\/\/www.info-algerie.com\/actualites\/chute-dune-grue-a-la-mecque-huit-hadjis-algeriens-hospitalises-mae\/","og_locale":"fr_FR","og_type":"article","og_title":"chute d'une grue \u00e0 la Mecque : 8 alg\u00e9riens hospitalis\u00e9s","og_description":"chute d'une grue \u00e0 la Mecque: huit hadjis alg\u00e9riens hospitalis\u00e9s a indiqu\u00e9 samedi le porte-parole du minist\u00e8re des Affaires \u00e9trang\u00e8res","og_url":"https:\/\/www.info-algerie.com\/actualites\/chute-dune-grue-a-la-mecque-huit-hadjis-algeriens-hospitalises-mae\/","og_site_name":"info algerie","article_publisher":"https:\/\/www.facebook.com\/infoalgerieactu","article_published_time":"2015-09-12T12:51:04+00:00","article_modified_time":"2015-09-12T16:25:56+00:00","og_image":[{"width":600,"height":339,"url":"https:\/\/www.info-algerie.com\/actualites\/wp-content\/uploads\/2015\/09\/Chute-dune-grue-\u00e0-La-Mecque-.jpg","type":"image\/jpeg"}],"author":"La r\u00e9daction","twitter_misc":{"\u00c9crit par":"La r\u00e9daction","Dur\u00e9e de lecture estim\u00e9e":"1 minute"},"schema":{"@context":"https:\/\/schema.org","@graph":[{"@type":"Article","@id":"https:\/\/www.info-algerie.com\/actualites\/chute-dune-grue-a-la-mecque-huit-hadjis-algeriens-hospitalises-mae\/#article","isPartOf":{"@id":"https:\/\/www.info-algerie.com\/actualites\/chute-dune-grue-a-la-mecque-huit-hadjis-algeriens-hospitalises-mae\/"},"author":{"name":"La r\u00e9daction","@id":"https:\/\/www.info-algerie.com\/actualites\/#\/schema\/person\/847aaec44920825b843a08f30ec6aa1e"},"headline":"chute d&rsquo;une grue \u00e0 la Mecque: huit hadjis alg\u00e9riens hospitalis\u00e9s (MAE)","datePublished":"2015-09-12T12:51:04+00:00","dateModified":"2015-09-12T16:25:56+00:00","mainEntityOfPage":{"@id":"https:\/\/www.info-algerie.com\/actualites\/chute-dune-grue-a-la-mecque-huit-hadjis-algeriens-hospitalises-mae\/"},"wordCount":178,"commentCount":0,"publisher":{"@id":"https:\/\/www.info-algerie.com\/actualites\/#organization"},"image":{"@id":"https:\/\/www.info-algerie.com\/actualites\/chute-dune-grue-a-la-mecque-huit-hadjis-algeriens-hospitalises-mae\/#primaryimage"},"thumbnailUrl":"https:\/\/www.info-algerie.com\/actualites\/wp-content\/uploads\/2015\/09\/Chute-dune-grue-\u00e0-La-Mecque-.jpg","articleSection":["infos"],"inLanguage":"fr-FR","potentialAction":[{"@type":"CommentAction","name":"Comment","target":["https:\/\/www.info-algerie.com\/actualites\/chute-dune-grue-a-la-mecque-huit-hadjis-algeriens-hospitalises-mae\/#respond"]}]},{"@type":"WebPage","@id":"https:\/\/www.info-algerie.com\/actualites\/chute-dune-grue-a-la-mecque-huit-hadjis-algeriens-hospitalises-mae\/","url":"https:\/\/www.info-algerie.com\/actualites\/chute-dune-grue-a-la-mecque-huit-hadjis-algeriens-hospitalises-mae\/","name":"chute d'une grue \u00e0 la Mecque : 8 alg\u00e9riens hospitalis\u00e9s","isPartOf":{"@id":"https:\/\/www.info-algerie.com\/actualites\/#website"},"primaryImageOfPage":{"@id":"https:\/\/www.info-algerie.com\/actualites\/chute-dune-grue-a-la-mecque-huit-hadjis-algeriens-hospitalises-mae\/#primaryimage"},"image":{"@id":"https:\/\/www.info-algerie.com\/actualites\/chute-dune-grue-a-la-mecque-huit-hadjis-algeriens-hospitalises-mae\/#primaryimage"},"thumbnailUrl":"https:\/\/www.info-algerie.com\/actualites\/wp-content\/uploads\/2015\/09\/Chute-dune-grue-\u00e0-La-Mecque-.jpg","datePublished":"2015-09-12T12:51:04+00:00","dateModified":"2015-09-12T16:25:56+00:00","description":"chute d'une grue \u00e0 la Mecque: huit hadjis alg\u00e9riens hospitalis\u00e9s a indiqu\u00e9 samedi le porte-parole du minist\u00e8re des Affaires \u00e9trang\u00e8res","breadcrumb":{"@id":"https:\/\/www.info-algerie.com\/actualites\/chute-dune-grue-a-la-mecque-huit-hadjis-algeriens-hospitalises-mae\/#breadcrumb"},"inLanguage":"fr-FR","potentialAction":[{"@type":"ReadAction","target":["https:\/\/www.info-algerie.com\/actualites\/chute-dune-grue-a-la-mecque-huit-hadjis-algeriens-hospitalises-mae\/"]}]},{"@type":"ImageObject","inLanguage":"fr-FR","@id":"https:\/\/www.info-algerie.com\/actualites\/chute-dune-grue-a-la-mecque-huit-hadjis-algeriens-hospitalises-mae\/#primaryimage","url":"https:\/\/www.info-algerie.com\/actualites\/wp-content\/uploads\/2015\/09\/Chute-dune-grue-\u00e0-La-Mecque-.jpg","contentUrl":"https:\/\/www.info-algerie.com\/actualites\/wp-content\/uploads\/2015\/09\/Chute-dune-grue-\u00e0-La-Mecque-.jpg","width":600,"height":339,"caption":"Chute d'une grue \u00e0 La Mecque"},{"@type":"BreadcrumbList","@id":"https:\/\/www.info-algerie.com\/actualites\/chute-dune-grue-a-la-mecque-huit-hadjis-algeriens-hospitalises-mae\/#breadcrumb","itemListElement":[{"@type":"ListItem","position":1,"name":"Accueil","item":"https:\/\/www.info-algerie.com\/actualites\/"},{"@type":"ListItem","position":2,"name":"chute d&rsquo;une grue \u00e0 la Mecque: huit hadjis alg\u00e9riens hospitalis\u00e9s (MAE)"}]},{"@type":"WebSite","@id":"https:\/\/www.info-algerie.com\/actualites\/#website","url":"https:\/\/www.info-algerie.com\/actualites\/","name":"info algerie","description":"Toutes les actualit\u00e9s","publisher":{"@id":"https:\/\/www.info-algerie.com\/actualites\/#organization"},"potentialAction":[{"@type":"SearchAction","target":{"@type":"EntryPoint","urlTemplate":"https:\/\/www.info-algerie.com\/actualites\/?s={search_term_string}"},"query-input":{"@type":"PropertyValueSpecification","valueRequired":true,"valueName":"search_term_string"}}],"inLanguage":"fr-FR"},{"@type":"Organization","@id":"https:\/\/www.info-algerie.com\/actualites\/#organization","name":"info algerie","url":"https:\/\/www.info-algerie.com\/actualites\/","logo":{"@type":"ImageObject","inLanguage":"fr-FR","@id":"https:\/\/www.info-algerie.com\/actualites\/#\/schema\/logo\/image\/","url":"https:\/\/www.info-algerie.com\/actualites\/wp-content\/uploads\/2022\/07\/logo-ia-120.png","contentUrl":"https:\/\/www.info-algerie.com\/actualites\/wp-content\/uploads\/2022\/07\/logo-ia-120.png","width":120,"height":43,"caption":"info algerie"},"image":{"@id":"https:\/\/www.info-algerie.com\/actualites\/#\/schema\/logo\/image\/"},"sameAs":["https:\/\/www.facebook.com\/infoalgerieactu","https:\/\/x.com\/infoalgerie1"]},{"@type":"Person","@id":"https:\/\/www.info-algerie.com\/actualites\/#\/schema\/person\/847aaec44920825b843a08f30ec6aa1e","name":"La r\u00e9daction","image":{"@type":"ImageObject","inLanguage":"fr-FR","@id":"https:\/\/secure.gravatar.com\/avatar\/769db425c6f465158149f1ffd6cf61ce7a8a879d11dfbef8288af36dfddd418c?s=96&d=mm&r=g","url":"https:\/\/secure.gravatar.com\/avatar\/769db425c6f465158149f1ffd6cf61ce7a8a879d11dfbef8288af36dfddd418c?s=96&d=mm&r=g","contentUrl":"https:\/\/secure.gravatar.com\/avatar\/769db425c6f465158149f1ffd6cf61ce7a8a879d11dfbef8288af36dfddd418c?s=96&d=mm&r=g","caption":"La r\u00e9daction"},"sameAs":["http:\/\/www.lkeria.com\/"],"url":"https:\/\/www.info-algerie.com\/actualites\/author\/chakib32\/"}]}},"_links":{"self":[{"href":"https:\/\/www.info-algerie.com\/actualites\/wp-json\/wp\/v2\/posts\/749","targetHints":{"allow":["GET"]}}],"collection":[{"href":"https:\/\/www.info-algerie.com\/actualites\/wp-json\/wp\/v2\/posts"}],"about":[{"href":"https:\/\/www.info-algerie.com\/actualites\/wp-json\/wp\/v2\/types\/post"}],"author":[{"embeddable":true,"href":"https:\/\/www.info-algerie.com\/actualites\/wp-json\/wp\/v2\/users\/6"}],"replies":[{"embeddable":true,"href":"https:\/\/www.info-algerie.com\/actualites\/wp-json\/wp\/v2\/comments?post=749"}],"version-history":[{"count":4,"href":"https:\/\/www.info-algerie.com\/actualites\/wp-json\/wp\/v2\/posts\/749\/revisions"}],"predecessor-version":[{"id":760,"href":"https:\/\/www.info-algerie.com\/actualites\/wp-json\/wp\/v2\/posts\/749\/revisions\/760"}],"wp:featuredmedia":[{"embeddable":true,"href":"https:\/\/www.info-algerie.com\/actualites\/wp-json\/wp\/v2\/media\/757"}],"wp:attachment":[{"href":"https:\/\/www.info-algerie.com\/actualites\/wp-json\/wp\/v2\/media?parent=749"}],"wp:term":[{"taxonomy":"category","embeddable":true,"href":"https:\/\/www.info-algerie.com\/actualites\/wp-json\/wp\/v2\/categories?post=749"},{"taxonomy":"post_tag","embeddable":true,"href":"https:\/\/www.info-algerie.com\/actualites\/wp-json\/wp\/v2\/tags?post=749"}],"curies":[{"name":"wp","href":"https:\/\/api.w.org\/{rel}","templated":true}]}}