{"id":787,"date":"2015-09-13T00:00:00","date_gmt":"2015-09-12T23:00:00","guid":{"rendered":"http:\/\/www.info-algerie.com\/actualites\/la-volte-face-de-letat-aura-t-elle-lieu-lorsque-lalgerie-etait-solvable\/"},"modified":"2022-02-11T10:25:20","modified_gmt":"2022-02-11T09:25:20","slug":"la-volte-face-de-letat-aura-t-elle-lieu-lorsque-lalgerie-etait-solvable","status":"publish","type":"post","link":"https:\/\/www.info-algerie.com\/actualites\/la-volte-face-de-letat-aura-t-elle-lieu-lorsque-lalgerie-etait-solvable\/","title":{"rendered":"la volte face de l&rsquo;Etat aura-t&rsquo;elle lieu : lorsque l&rsquo;Alg\u00e9rie \u00e9tait solvable"},"content":{"rendered":"<p class=\"article_abstract\" style=\"text-align: justify;\">Comme le hasard fait l&rsquo;histoire, s&rsquo;il est permis de paraphraser Bela\u00efd Abdeslam, il est pour le moins curieux que notre pays se voit inviter par G\u00e9rard Larcher \u00e0 revoir sa partition, s&rsquo;agissant de la r\u00e8gle du 49\/51%.<\/p>\n<p style=\"text-align: justify;\">Dans son pr\u00e9c\u00e9dent \u00e9ditorial, L&rsquo;Expression n&rsquo;avait pas manqu\u00e9 de souligner que certains courants ne sont pas loin de penser, lorsqu&rsquo;ils ne proposent pas, que la sortie de la crise financi\u00e8re passe irr\u00e9versiblement par une entente r\u00e9gionale comme facteur de stabilisation.<\/p>\n<p style=\"text-align: justify;\">Comme le hasard fait l&rsquo;histoire, s&rsquo;il est permis de paraphraser Bela\u00efd Abdeslam, il est pour le moins curieux que notre pays se voit inviter par G\u00e9rard Larcher \u00e0 revoir sa partition, s&rsquo;agissant de la r\u00e8gle du 49\/51%.<\/p>\n<p style=\"text-align: justify;\">Pour le pr\u00e9sident du S\u00e9nat fran\u00e7ais, cette volte-face tant souhait\u00e9e de l&rsquo;Etat alg\u00e9rien permettrait sans aucun doute possible de booster l&rsquo;investissement \u00e9tranger en Alg\u00e9rie. Pourtant, contrairement aux Am\u00e9ricains, les entreprises de ce pays de l&rsquo;Hexagone s&rsquo;\u00e9taient fort bien accommod\u00e9es de cette m\u00eame r\u00e8gle.<\/p>\n<p style=\"text-align: justify;\">A un moment bien s\u00fbr o\u00f9 l&rsquo;Alg\u00e9rie \u00e9tait bien assise \u00e9conomiquement et devenait subrepticement solvable et fr\u00e9quentable. Il est vrai que la donne a chang\u00e9 aujourd&rsquo;hui \u00e0 l&rsquo;instigation de la crise financi\u00e8re, ce qui semble une aubaine pour ceux qui veulent nous assujettir et certains patrons du terroir enclins plus que jamais \u00e0 ressusciter la bourgeoisie compradore. Cette m\u00eame classe qui s&rsquo;est grassement enrichie par l&rsquo;import-import et la corruption g\u00e9n\u00e9r\u00e9e par la passation des march\u00e9s publics.<\/p>\n<p style=\"text-align: justify;\">Une classe qui, tel un paravent merveilleux, fait illusion pour mieux emp\u00eacher l&rsquo;\u00e9mergence de capitalistes nationaux en compl\u00e8te rupture avec l&rsquo;id\u00e9ologie semi-f\u00e9odale, capables surtout de relever le d\u00e9fi de la sortie de crise sur des bases nationalistes et progressistes.<\/p>\n<p style=\"text-align: justify;\">L&rsquo;auteur Messaoud Benyoucef, que le chemin de l&rsquo;exil a malheureusement \u00e9loign\u00e9 de son pays, a raison de soutenir que l&rsquo;Alg\u00e9rie a besoin d&rsquo;une r\u00e9forme intellectuelle et morale. Pour cet universitaire, c&rsquo;est m\u00eame une condition sine qua non, voire vitale pour l&rsquo;Alg\u00e9rie, l&rsquo;unit\u00e9 nationale et son peuple.<\/p>\n<p style=\"text-align: justify;\">De son point de vue, il arrivera toujours le moment o\u00f9 les choses se d\u00e9cantent et o\u00f9 se produit le d\u00e9voilement, \u00abcet instant idoine o\u00f9 la v\u00e9rit\u00e9 de la graine \u00e9clate dans la fleur, o\u00f9 les masques tombent, o\u00f9 les int\u00e9r\u00eats born\u00e9s et \u00e9go\u00efstes d\u00e9logent les pr\u00e9tentions universalisantes et morales\u00bb o\u00f9 \u00able n\u00e9gociant \u00e0 t\u00eate de lard succ\u00e8de \u00e0 C\u00e9sar\u00bb, comme dit Marx.<\/p>\n<p style=\"text-align: justify;\">\u00c0 cet instant tombent \u00e9galement les illusions et les mythes; \u00e0 cet instant s&rsquo;\u00e9vanouit le fantasme de l&rsquo;unit\u00e9 nationale.\u00bb C&rsquo;est pour cette raison que le pouvoir en place ne semble point dispos\u00e9 \u00e0 proc\u00e9der \u00e0 cette r\u00e9forme qui, comme celle de l&rsquo;\u00e9cole, semble faire peur.<\/p>\n<p style=\"text-align: justify;\">Il se trouvera toujours des clercs pour soutenir qu&rsquo; \u00abune remise en cause de cette dimension est \u00e0 m\u00eame de porter atteinte \u00e0 notre pass\u00e9 et \u00e0 battre en br\u00e8che les legs ancestraux. Dans une int\u00e9ressante contribution publi\u00e9e durant les ann\u00e9es 1970 par R\u00e9volution africaine, alors hebdomadaire du FLN, Abdelmadjid Meziane soutenait non sans pertinence que nos soci\u00e9t\u00e9s n&rsquo;ont nullement int\u00e9r\u00eat \u00e0 se laisser prendre par de trop fr\u00e9quents p\u00e8lerinages aux sources: \u00abLes cultures qui s&rsquo;\u00e9puisent \u00e0 creuser le pass\u00e9, les id\u00e9ologies qui se construisent artificiellement sur les bases mentales des g\u00e9n\u00e9rations ancestrales ne pourront qu&rsquo;appauvrir la personnalit\u00e9 pr\u00e9sente (&#8230;).<\/p>\n<p style=\"text-align: justify;\">Qu&rsquo;on ait envie de s&rsquo;arr\u00eater pour choisir, qu&rsquo;on ne veuille pas sacrifier les bons vieux mat\u00e9riaux pour la reconstruction des personnalit\u00e9s nationales, voil\u00e0 qui para\u00eet bien l\u00e9gitime. Mais que l&rsquo;on n&rsquo;ait d&rsquo;admiration que pour l&rsquo;h\u00e9ritage ancestral, et voil\u00e0 que l&rsquo;on sombre dans la paralysie mentale.\u00bb<\/p>\n<p style=\"text-align: justify;\">Continuant sur sa lanc\u00e9e, il soutiendra que la pluralit\u00e9 des cultures dans les soci\u00e9t\u00e9s contemporaines n&rsquo;est plus consid\u00e9r\u00e9e comme un effritement de la personnalit\u00e9 nationale: \u00abUn nivellement culturel qui tendrait \u00e0 nous imposer par les moyens d&rsquo;information, par l&rsquo;\u00e9cole, par le contr\u00f4le et la mobilisation des cerveaux, un syst\u00e8me culturel particuli\u00e8rement unifi\u00e9, parfaitement coh\u00e9rent, est consid\u00e9r\u00e9 comme une utopie (&#8230;).\u00bb<\/p>\n<p style=\"text-align: justify;\">En d&rsquo;autres termes, une soci\u00e9t\u00e9 ne peut acc\u00e9der \u00e0 un niveau sup\u00e9rieur de civilisation que si elle devient assimilatrice, c&rsquo;est-\u00e0-dire que sa personnalit\u00e9 de base, au lieu de s&rsquo;enfermer dans ses positions de r\u00e9sistance, doit affronter les influences \u00e9trang\u00e8res et savoir les adapter \u00e0 son propre mode d&rsquo;existence.<\/p>\n<p style=\"text-align: justify;\">D&rsquo;aucuns, fait remarquer l&rsquo;universitaire, consid\u00e9raient cependant cette ouverture sur l&rsquo;universalit\u00e9 comme un signe de d\u00e9personnalisation: \u00abCe sont les d\u00e9fenseurs de l&rsquo;orthodoxie. R\u00e9sister id\u00e9ologiquement sans accepter ni confrontation ni \u00e9change, c&rsquo;est accepter de r\u00e9duire de plus en plus sa personnalit\u00e9 et risquer par l\u00e0-m\u00eame de la faire dispara\u00eetre un jour.\u00bb<\/p>\n<p style=\"text-align: justify;\">L&rsquo;unification des rangs tant souhait\u00e9e par Abdelaziz Bouteflika doit n\u00e9cessairement passer par la remise en cause de la cat\u00e9chisation et la mise au pas de ces commis de l&rsquo;id\u00e9ologie dominante qui r\u00e9duisent les esprits vigoureux au silence dans le but de conforter cette bourgeoisie compradore connue pour ses liaisons \u00e9troites avec les int\u00e9r\u00eats des forces h\u00e9g\u00e9moniques internationales.<\/p>\n<p style=\"text-align: justify;\">La sortie de crise est \u00e0 ce seul prix. Elle ne peut se faire que par la volont\u00e9 et la mobilisation de toutes les forces vives du pays o\u00f9 les travailleurs, les paysans, l&rsquo;\u00e9lite nationale, l&rsquo;arm\u00e9e, et les repr\u00e9sentants du capitalisme national seront appel\u00e9s \u00e0 jouer un r\u00f4le d\u00e9terminant pour le d\u00e9veloppement harmonieux du pays sur des bases nationales et progressistes.<\/p>\n<p>Source: <a href=\"http:\/\/www.lexpressiondz.com\/actualite\/225099-lorsque-l-algerie-etait-solvable.html\" target=\"_blank\" rel=\"noopener\">LA VOLTE-FACE DE L&rsquo;ETAT AURA-T-ELLE LIEU? : Lorsque l&rsquo;Alg\u00e9rie \u00e9tait solvable<\/a><\/p>\n<!--CusAds0-->\n<div style=\"font-size: 0px; height: 0px; line-height: 0px; margin: 0; padding: 0; clear: both;\"><\/div>","protected":false},"excerpt":{"rendered":"<p>Comme le hasard fait l&rsquo;histoire, s&rsquo;il est permis de paraphraser Bela\u00efd Abdeslam, il est pour le moins curieux que notre pays se voit inviter par G\u00e9rard Larcher \u00e0 revoir sa partition, s&rsquo;agissant de la r\u00e8gle du 49\/51%. Dans son pr\u00e9c\u00e9dent \u00e9ditorial, L&rsquo;Expression n&rsquo;avait pas manqu\u00e9 de souligner que certains courants ne sont pas loin de<\/p>\n","protected":false},"author":6,"featured_media":26873,"comment_status":"open","ping_status":"open","sticky":false,"template":"","format":"standard","meta":{"footnotes":""},"categories":[5,22],"tags":[27,181],"class_list":["post-787","post","type-post","status-publish","format-standard","has-post-thumbnail","hentry","category-economie","category-infos","tag-algerie","tag-solvable"],"yoast_head":"<!-- This site is optimized with the Yoast SEO plugin v27.5 - https:\/\/yoast.com\/product\/yoast-seo-wordpress\/ -->\n<title>la volte face de l&#039;Etat aura-t&#039;elle lieu : lorsque l&#039;Alg\u00e9rie \u00e9tait<\/title>\n<meta name=\"description\" content=\"la volte face de l&#039;Etat aura-t&#039;elle lieu : lorsque l&#039;Alg\u00e9rie \u00e9tait solvable\" \/>\n<meta name=\"robots\" content=\"index, follow, max-snippet:-1, max-image-preview:large, max-video-preview:-1\" \/>\n<link rel=\"canonical\" href=\"https:\/\/www.info-algerie.com\/actualites\/la-volte-face-de-letat-aura-t-elle-lieu-lorsque-lalgerie-etait-solvable\/\" \/>\n<meta property=\"og:locale\" content=\"fr_FR\" \/>\n<meta property=\"og:type\" content=\"article\" \/>\n<meta property=\"og:title\" content=\"la volte face de l&#039;Etat aura-t&#039;elle lieu : lorsque l&#039;Alg\u00e9rie \u00e9tait\" \/>\n<meta property=\"og:description\" content=\"la volte face de l&#039;Etat aura-t&#039;elle lieu : lorsque l&#039;Alg\u00e9rie \u00e9tait solvable\" \/>\n<meta property=\"og:url\" content=\"https:\/\/www.info-algerie.com\/actualites\/la-volte-face-de-letat-aura-t-elle-lieu-lorsque-lalgerie-etait-solvable\/\" \/>\n<meta property=\"og:site_name\" content=\"info algerie\" \/>\n<meta property=\"article:publisher\" content=\"https:\/\/www.facebook.com\/infoalgerieactu\" \/>\n<meta property=\"article:published_time\" content=\"2015-09-12T23:00:00+00:00\" \/>\n<meta property=\"article:modified_time\" content=\"2022-02-11T09:25:20+00:00\" \/>\n<meta property=\"og:image\" content=\"https:\/\/www.info-algerie.com\/actualites\/wp-content\/uploads\/2015\/09\/lorsque-l\u2019Alg\u00e9rie-\u00e9tait-solvable.jpg\" \/>\n\t<meta property=\"og:image:width\" content=\"620\" \/>\n\t<meta property=\"og:image:height\" content=\"412\" \/>\n\t<meta property=\"og:image:type\" content=\"image\/jpeg\" \/>\n<meta name=\"author\" content=\"La r\u00e9daction\" \/>\n<meta name=\"twitter:label1\" content=\"\u00c9crit par\" \/>\n\t<meta name=\"twitter:data1\" content=\"La r\u00e9daction\" \/>\n\t<meta name=\"twitter:label2\" content=\"Dur\u00e9e de lecture estim\u00e9e\" \/>\n\t<meta name=\"twitter:data2\" content=\"5 minutes\" \/>\n<script type=\"application\/ld+json\" class=\"yoast-schema-graph\">{\"@context\":\"https:\\\/\\\/schema.org\",\"@graph\":[{\"@type\":\"Article\",\"@id\":\"https:\\\/\\\/www.info-algerie.com\\\/actualites\\\/la-volte-face-de-letat-aura-t-elle-lieu-lorsque-lalgerie-etait-solvable\\\/#article\",\"isPartOf\":{\"@id\":\"https:\\\/\\\/www.info-algerie.com\\\/actualites\\\/la-volte-face-de-letat-aura-t-elle-lieu-lorsque-lalgerie-etait-solvable\\\/\"},\"author\":{\"name\":\"La r\u00e9daction\",\"@id\":\"https:\\\/\\\/www.info-algerie.com\\\/actualites\\\/#\\\/schema\\\/person\\\/847aaec44920825b843a08f30ec6aa1e\"},\"headline\":\"la volte face de l&rsquo;Etat aura-t&rsquo;elle lieu : lorsque l&rsquo;Alg\u00e9rie \u00e9tait solvable\",\"datePublished\":\"2015-09-12T23:00:00+00:00\",\"dateModified\":\"2022-02-11T09:25:20+00:00\",\"mainEntityOfPage\":{\"@id\":\"https:\\\/\\\/www.info-algerie.com\\\/actualites\\\/la-volte-face-de-letat-aura-t-elle-lieu-lorsque-lalgerie-etait-solvable\\\/\"},\"wordCount\":1024,\"commentCount\":0,\"publisher\":{\"@id\":\"https:\\\/\\\/www.info-algerie.com\\\/actualites\\\/#organization\"},\"image\":{\"@id\":\"https:\\\/\\\/www.info-algerie.com\\\/actualites\\\/la-volte-face-de-letat-aura-t-elle-lieu-lorsque-lalgerie-etait-solvable\\\/#primaryimage\"},\"thumbnailUrl\":\"https:\\\/\\\/www.info-algerie.com\\\/actualites\\\/wp-content\\\/uploads\\\/2015\\\/09\\\/lorsque-l\u2019Alg\u00e9rie-\u00e9tait-solvable.jpg\",\"keywords\":[\"alg\u00e9rie\",\"solvable\"],\"articleSection\":[\"\u00e9conomie\",\"infos\"],\"inLanguage\":\"fr-FR\",\"potentialAction\":[{\"@type\":\"CommentAction\",\"name\":\"Comment\",\"target\":[\"https:\\\/\\\/www.info-algerie.com\\\/actualites\\\/la-volte-face-de-letat-aura-t-elle-lieu-lorsque-lalgerie-etait-solvable\\\/#respond\"]}]},{\"@type\":\"WebPage\",\"@id\":\"https:\\\/\\\/www.info-algerie.com\\\/actualites\\\/la-volte-face-de-letat-aura-t-elle-lieu-lorsque-lalgerie-etait-solvable\\\/\",\"url\":\"https:\\\/\\\/www.info-algerie.com\\\/actualites\\\/la-volte-face-de-letat-aura-t-elle-lieu-lorsque-lalgerie-etait-solvable\\\/\",\"name\":\"la volte face de l'Etat aura-t'elle lieu : lorsque l'Alg\u00e9rie \u00e9tait\",\"isPartOf\":{\"@id\":\"https:\\\/\\\/www.info-algerie.com\\\/actualites\\\/#website\"},\"primaryImageOfPage\":{\"@id\":\"https:\\\/\\\/www.info-algerie.com\\\/actualites\\\/la-volte-face-de-letat-aura-t-elle-lieu-lorsque-lalgerie-etait-solvable\\\/#primaryimage\"},\"image\":{\"@id\":\"https:\\\/\\\/www.info-algerie.com\\\/actualites\\\/la-volte-face-de-letat-aura-t-elle-lieu-lorsque-lalgerie-etait-solvable\\\/#primaryimage\"},\"thumbnailUrl\":\"https:\\\/\\\/www.info-algerie.com\\\/actualites\\\/wp-content\\\/uploads\\\/2015\\\/09\\\/lorsque-l\u2019Alg\u00e9rie-\u00e9tait-solvable.jpg\",\"datePublished\":\"2015-09-12T23:00:00+00:00\",\"dateModified\":\"2022-02-11T09:25:20+00:00\",\"description\":\"la volte face de l'Etat aura-t'elle lieu : lorsque l'Alg\u00e9rie \u00e9tait solvable\",\"breadcrumb\":{\"@id\":\"https:\\\/\\\/www.info-algerie.com\\\/actualites\\\/la-volte-face-de-letat-aura-t-elle-lieu-lorsque-lalgerie-etait-solvable\\\/#breadcrumb\"},\"inLanguage\":\"fr-FR\",\"potentialAction\":[{\"@type\":\"ReadAction\",\"target\":[\"https:\\\/\\\/www.info-algerie.com\\\/actualites\\\/la-volte-face-de-letat-aura-t-elle-lieu-lorsque-lalgerie-etait-solvable\\\/\"]}]},{\"@type\":\"ImageObject\",\"inLanguage\":\"fr-FR\",\"@id\":\"https:\\\/\\\/www.info-algerie.com\\\/actualites\\\/la-volte-face-de-letat-aura-t-elle-lieu-lorsque-lalgerie-etait-solvable\\\/#primaryimage\",\"url\":\"https:\\\/\\\/www.info-algerie.com\\\/actualites\\\/wp-content\\\/uploads\\\/2015\\\/09\\\/lorsque-l\u2019Alg\u00e9rie-\u00e9tait-solvable.jpg\",\"contentUrl\":\"https:\\\/\\\/www.info-algerie.com\\\/actualites\\\/wp-content\\\/uploads\\\/2015\\\/09\\\/lorsque-l\u2019Alg\u00e9rie-\u00e9tait-solvable.jpg\",\"width\":620,\"height\":412,\"caption\":\"Alg\u00e9rie solvable\"},{\"@type\":\"BreadcrumbList\",\"@id\":\"https:\\\/\\\/www.info-algerie.com\\\/actualites\\\/la-volte-face-de-letat-aura-t-elle-lieu-lorsque-lalgerie-etait-solvable\\\/#breadcrumb\",\"itemListElement\":[{\"@type\":\"ListItem\",\"position\":1,\"name\":\"Accueil\",\"item\":\"https:\\\/\\\/www.info-algerie.com\\\/actualites\\\/\"},{\"@type\":\"ListItem\",\"position\":2,\"name\":\"la volte face de l&rsquo;Etat aura-t&rsquo;elle lieu : lorsque l&rsquo;Alg\u00e9rie \u00e9tait solvable\"}]},{\"@type\":\"WebSite\",\"@id\":\"https:\\\/\\\/www.info-algerie.com\\\/actualites\\\/#website\",\"url\":\"https:\\\/\\\/www.info-algerie.com\\\/actualites\\\/\",\"name\":\"info algerie\",\"description\":\"Toutes les actualit\u00e9s\",\"publisher\":{\"@id\":\"https:\\\/\\\/www.info-algerie.com\\\/actualites\\\/#organization\"},\"potentialAction\":[{\"@type\":\"SearchAction\",\"target\":{\"@type\":\"EntryPoint\",\"urlTemplate\":\"https:\\\/\\\/www.info-algerie.com\\\/actualites\\\/?s={search_term_string}\"},\"query-input\":{\"@type\":\"PropertyValueSpecification\",\"valueRequired\":true,\"valueName\":\"search_term_string\"}}],\"inLanguage\":\"fr-FR\"},{\"@type\":\"Organization\",\"@id\":\"https:\\\/\\\/www.info-algerie.com\\\/actualites\\\/#organization\",\"name\":\"info algerie\",\"url\":\"https:\\\/\\\/www.info-algerie.com\\\/actualites\\\/\",\"logo\":{\"@type\":\"ImageObject\",\"inLanguage\":\"fr-FR\",\"@id\":\"https:\\\/\\\/www.info-algerie.com\\\/actualites\\\/#\\\/schema\\\/logo\\\/image\\\/\",\"url\":\"https:\\\/\\\/www.info-algerie.com\\\/actualites\\\/wp-content\\\/uploads\\\/2022\\\/07\\\/logo-ia-120.png\",\"contentUrl\":\"https:\\\/\\\/www.info-algerie.com\\\/actualites\\\/wp-content\\\/uploads\\\/2022\\\/07\\\/logo-ia-120.png\",\"width\":120,\"height\":43,\"caption\":\"info algerie\"},\"image\":{\"@id\":\"https:\\\/\\\/www.info-algerie.com\\\/actualites\\\/#\\\/schema\\\/logo\\\/image\\\/\"},\"sameAs\":[\"https:\\\/\\\/www.facebook.com\\\/infoalgerieactu\",\"https:\\\/\\\/x.com\\\/infoalgerie1\"]},{\"@type\":\"Person\",\"@id\":\"https:\\\/\\\/www.info-algerie.com\\\/actualites\\\/#\\\/schema\\\/person\\\/847aaec44920825b843a08f30ec6aa1e\",\"name\":\"La r\u00e9daction\",\"image\":{\"@type\":\"ImageObject\",\"inLanguage\":\"fr-FR\",\"@id\":\"https:\\\/\\\/secure.gravatar.com\\\/avatar\\\/769db425c6f465158149f1ffd6cf61ce7a8a879d11dfbef8288af36dfddd418c?s=96&d=mm&r=g\",\"url\":\"https:\\\/\\\/secure.gravatar.com\\\/avatar\\\/769db425c6f465158149f1ffd6cf61ce7a8a879d11dfbef8288af36dfddd418c?s=96&d=mm&r=g\",\"contentUrl\":\"https:\\\/\\\/secure.gravatar.com\\\/avatar\\\/769db425c6f465158149f1ffd6cf61ce7a8a879d11dfbef8288af36dfddd418c?s=96&d=mm&r=g\",\"caption\":\"La r\u00e9daction\"},\"sameAs\":[\"http:\\\/\\\/www.lkeria.com\\\/\"],\"url\":\"https:\\\/\\\/www.info-algerie.com\\\/actualites\\\/author\\\/chakib32\\\/\"}]}<\/script>\n<!-- \/ Yoast SEO plugin. -->","yoast_head_json":{"title":"la volte face de l'Etat aura-t'elle lieu : lorsque l'Alg\u00e9rie \u00e9tait","description":"la volte face de l'Etat aura-t'elle lieu : lorsque l'Alg\u00e9rie \u00e9tait solvable","robots":{"index":"index","follow":"follow","max-snippet":"max-snippet:-1","max-image-preview":"max-image-preview:large","max-video-preview":"max-video-preview:-1"},"canonical":"https:\/\/www.info-algerie.com\/actualites\/la-volte-face-de-letat-aura-t-elle-lieu-lorsque-lalgerie-etait-solvable\/","og_locale":"fr_FR","og_type":"article","og_title":"la volte face de l'Etat aura-t'elle lieu : lorsque l'Alg\u00e9rie \u00e9tait","og_description":"la volte face de l'Etat aura-t'elle lieu : lorsque l'Alg\u00e9rie \u00e9tait solvable","og_url":"https:\/\/www.info-algerie.com\/actualites\/la-volte-face-de-letat-aura-t-elle-lieu-lorsque-lalgerie-etait-solvable\/","og_site_name":"info algerie","article_publisher":"https:\/\/www.facebook.com\/infoalgerieactu","article_published_time":"2015-09-12T23:00:00+00:00","article_modified_time":"2022-02-11T09:25:20+00:00","og_image":[{"width":620,"height":412,"url":"https:\/\/www.info-algerie.com\/actualites\/wp-content\/uploads\/2015\/09\/lorsque-l\u2019Alg\u00e9rie-\u00e9tait-solvable.jpg","type":"image\/jpeg"}],"author":"La r\u00e9daction","twitter_misc":{"\u00c9crit par":"La r\u00e9daction","Dur\u00e9e de lecture estim\u00e9e":"5 minutes"},"schema":{"@context":"https:\/\/schema.org","@graph":[{"@type":"Article","@id":"https:\/\/www.info-algerie.com\/actualites\/la-volte-face-de-letat-aura-t-elle-lieu-lorsque-lalgerie-etait-solvable\/#article","isPartOf":{"@id":"https:\/\/www.info-algerie.com\/actualites\/la-volte-face-de-letat-aura-t-elle-lieu-lorsque-lalgerie-etait-solvable\/"},"author":{"name":"La r\u00e9daction","@id":"https:\/\/www.info-algerie.com\/actualites\/#\/schema\/person\/847aaec44920825b843a08f30ec6aa1e"},"headline":"la volte face de l&rsquo;Etat aura-t&rsquo;elle lieu : lorsque l&rsquo;Alg\u00e9rie \u00e9tait solvable","datePublished":"2015-09-12T23:00:00+00:00","dateModified":"2022-02-11T09:25:20+00:00","mainEntityOfPage":{"@id":"https:\/\/www.info-algerie.com\/actualites\/la-volte-face-de-letat-aura-t-elle-lieu-lorsque-lalgerie-etait-solvable\/"},"wordCount":1024,"commentCount":0,"publisher":{"@id":"https:\/\/www.info-algerie.com\/actualites\/#organization"},"image":{"@id":"https:\/\/www.info-algerie.com\/actualites\/la-volte-face-de-letat-aura-t-elle-lieu-lorsque-lalgerie-etait-solvable\/#primaryimage"},"thumbnailUrl":"https:\/\/www.info-algerie.com\/actualites\/wp-content\/uploads\/2015\/09\/lorsque-l\u2019Alg\u00e9rie-\u00e9tait-solvable.jpg","keywords":["alg\u00e9rie","solvable"],"articleSection":["\u00e9conomie","infos"],"inLanguage":"fr-FR","potentialAction":[{"@type":"CommentAction","name":"Comment","target":["https:\/\/www.info-algerie.com\/actualites\/la-volte-face-de-letat-aura-t-elle-lieu-lorsque-lalgerie-etait-solvable\/#respond"]}]},{"@type":"WebPage","@id":"https:\/\/www.info-algerie.com\/actualites\/la-volte-face-de-letat-aura-t-elle-lieu-lorsque-lalgerie-etait-solvable\/","url":"https:\/\/www.info-algerie.com\/actualites\/la-volte-face-de-letat-aura-t-elle-lieu-lorsque-lalgerie-etait-solvable\/","name":"la volte face de l'Etat aura-t'elle lieu : lorsque l'Alg\u00e9rie \u00e9tait","isPartOf":{"@id":"https:\/\/www.info-algerie.com\/actualites\/#website"},"primaryImageOfPage":{"@id":"https:\/\/www.info-algerie.com\/actualites\/la-volte-face-de-letat-aura-t-elle-lieu-lorsque-lalgerie-etait-solvable\/#primaryimage"},"image":{"@id":"https:\/\/www.info-algerie.com\/actualites\/la-volte-face-de-letat-aura-t-elle-lieu-lorsque-lalgerie-etait-solvable\/#primaryimage"},"thumbnailUrl":"https:\/\/www.info-algerie.com\/actualites\/wp-content\/uploads\/2015\/09\/lorsque-l\u2019Alg\u00e9rie-\u00e9tait-solvable.jpg","datePublished":"2015-09-12T23:00:00+00:00","dateModified":"2022-02-11T09:25:20+00:00","description":"la volte face de l'Etat aura-t'elle lieu : lorsque l'Alg\u00e9rie \u00e9tait solvable","breadcrumb":{"@id":"https:\/\/www.info-algerie.com\/actualites\/la-volte-face-de-letat-aura-t-elle-lieu-lorsque-lalgerie-etait-solvable\/#breadcrumb"},"inLanguage":"fr-FR","potentialAction":[{"@type":"ReadAction","target":["https:\/\/www.info-algerie.com\/actualites\/la-volte-face-de-letat-aura-t-elle-lieu-lorsque-lalgerie-etait-solvable\/"]}]},{"@type":"ImageObject","inLanguage":"fr-FR","@id":"https:\/\/www.info-algerie.com\/actualites\/la-volte-face-de-letat-aura-t-elle-lieu-lorsque-lalgerie-etait-solvable\/#primaryimage","url":"https:\/\/www.info-algerie.com\/actualites\/wp-content\/uploads\/2015\/09\/lorsque-l\u2019Alg\u00e9rie-\u00e9tait-solvable.jpg","contentUrl":"https:\/\/www.info-algerie.com\/actualites\/wp-content\/uploads\/2015\/09\/lorsque-l\u2019Alg\u00e9rie-\u00e9tait-solvable.jpg","width":620,"height":412,"caption":"Alg\u00e9rie solvable"},{"@type":"BreadcrumbList","@id":"https:\/\/www.info-algerie.com\/actualites\/la-volte-face-de-letat-aura-t-elle-lieu-lorsque-lalgerie-etait-solvable\/#breadcrumb","itemListElement":[{"@type":"ListItem","position":1,"name":"Accueil","item":"https:\/\/www.info-algerie.com\/actualites\/"},{"@type":"ListItem","position":2,"name":"la volte face de l&rsquo;Etat aura-t&rsquo;elle lieu : lorsque l&rsquo;Alg\u00e9rie \u00e9tait solvable"}]},{"@type":"WebSite","@id":"https:\/\/www.info-algerie.com\/actualites\/#website","url":"https:\/\/www.info-algerie.com\/actualites\/","name":"info algerie","description":"Toutes les actualit\u00e9s","publisher":{"@id":"https:\/\/www.info-algerie.com\/actualites\/#organization"},"potentialAction":[{"@type":"SearchAction","target":{"@type":"EntryPoint","urlTemplate":"https:\/\/www.info-algerie.com\/actualites\/?s={search_term_string}"},"query-input":{"@type":"PropertyValueSpecification","valueRequired":true,"valueName":"search_term_string"}}],"inLanguage":"fr-FR"},{"@type":"Organization","@id":"https:\/\/www.info-algerie.com\/actualites\/#organization","name":"info algerie","url":"https:\/\/www.info-algerie.com\/actualites\/","logo":{"@type":"ImageObject","inLanguage":"fr-FR","@id":"https:\/\/www.info-algerie.com\/actualites\/#\/schema\/logo\/image\/","url":"https:\/\/www.info-algerie.com\/actualites\/wp-content\/uploads\/2022\/07\/logo-ia-120.png","contentUrl":"https:\/\/www.info-algerie.com\/actualites\/wp-content\/uploads\/2022\/07\/logo-ia-120.png","width":120,"height":43,"caption":"info algerie"},"image":{"@id":"https:\/\/www.info-algerie.com\/actualites\/#\/schema\/logo\/image\/"},"sameAs":["https:\/\/www.facebook.com\/infoalgerieactu","https:\/\/x.com\/infoalgerie1"]},{"@type":"Person","@id":"https:\/\/www.info-algerie.com\/actualites\/#\/schema\/person\/847aaec44920825b843a08f30ec6aa1e","name":"La r\u00e9daction","image":{"@type":"ImageObject","inLanguage":"fr-FR","@id":"https:\/\/secure.gravatar.com\/avatar\/769db425c6f465158149f1ffd6cf61ce7a8a879d11dfbef8288af36dfddd418c?s=96&d=mm&r=g","url":"https:\/\/secure.gravatar.com\/avatar\/769db425c6f465158149f1ffd6cf61ce7a8a879d11dfbef8288af36dfddd418c?s=96&d=mm&r=g","contentUrl":"https:\/\/secure.gravatar.com\/avatar\/769db425c6f465158149f1ffd6cf61ce7a8a879d11dfbef8288af36dfddd418c?s=96&d=mm&r=g","caption":"La r\u00e9daction"},"sameAs":["http:\/\/www.lkeria.com\/"],"url":"https:\/\/www.info-algerie.com\/actualites\/author\/chakib32\/"}]}},"_links":{"self":[{"href":"https:\/\/www.info-algerie.com\/actualites\/wp-json\/wp\/v2\/posts\/787","targetHints":{"allow":["GET"]}}],"collection":[{"href":"https:\/\/www.info-algerie.com\/actualites\/wp-json\/wp\/v2\/posts"}],"about":[{"href":"https:\/\/www.info-algerie.com\/actualites\/wp-json\/wp\/v2\/types\/post"}],"author":[{"embeddable":true,"href":"https:\/\/www.info-algerie.com\/actualites\/wp-json\/wp\/v2\/users\/6"}],"replies":[{"embeddable":true,"href":"https:\/\/www.info-algerie.com\/actualites\/wp-json\/wp\/v2\/comments?post=787"}],"version-history":[{"count":3,"href":"https:\/\/www.info-algerie.com\/actualites\/wp-json\/wp\/v2\/posts\/787\/revisions"}],"predecessor-version":[{"id":26875,"href":"https:\/\/www.info-algerie.com\/actualites\/wp-json\/wp\/v2\/posts\/787\/revisions\/26875"}],"wp:featuredmedia":[{"embeddable":true,"href":"https:\/\/www.info-algerie.com\/actualites\/wp-json\/wp\/v2\/media\/26873"}],"wp:attachment":[{"href":"https:\/\/www.info-algerie.com\/actualites\/wp-json\/wp\/v2\/media?parent=787"}],"wp:term":[{"taxonomy":"category","embeddable":true,"href":"https:\/\/www.info-algerie.com\/actualites\/wp-json\/wp\/v2\/categories?post=787"},{"taxonomy":"post_tag","embeddable":true,"href":"https:\/\/www.info-algerie.com\/actualites\/wp-json\/wp\/v2\/tags?post=787"}],"curies":[{"name":"wp","href":"https:\/\/api.w.org\/{rel}","templated":true}]}}