{"id":7885,"date":"2016-08-06T16:27:09","date_gmt":"2016-08-06T15:27:09","guid":{"rendered":"http:\/\/www.info-algerie.com\/actualites\/tizi-ouzou-le-wali-rappelle-la-determination-de-letat-a-lutter-contre-le-phenomene-denlevement-des-enfants\/"},"modified":"2016-08-06T16:27:09","modified_gmt":"2016-08-06T15:27:09","slug":"tizi-ouzou-le-wali-rappelle-la-determination-de-letat-a-lutter-contre-le-phenomene-denlevement-des-enfants","status":"publish","type":"post","link":"https:\/\/www.info-algerie.com\/actualites\/tizi-ouzou-le-wali-rappelle-la-determination-de-letat-a-lutter-contre-le-phenomene-denlevement-des-enfants\/","title":{"rendered":"Tizi Ouzou : le wali rappelle la d\u00e9termination de l&#039;Etat \u00e0 lutter contre le ph\u00e9nom\u00e8ne d\u2019enl\u00e8vement des enfants"},"content":{"rendered":"<div class=\"K2FeedImage\"><img decoding=\"async\" src=\"https:\/\/www.info-algerie.com\/actualites\/wp-content\/uploads\/2016\/08\/f0862295c6621a8083f730d117b40e2c_S.jpg\" alt=\"Tizi Ouzou : le wali rappelle la d&#xE9;termination de l'Etat &#xE0; lutter contre le ph&#xE9;nom&#xE8;ne d&#x2019;enl&#xE8;vement des enfants\" \/><\/div>\n<div class=\"K2FeedIntroText\"> TIZI OUZOU &#8211; L\u2019Etat est d\u00e9termin\u00e9 \u00e0 lutter avec tous les moyens contre le ph\u00e9nom\u00e8ne d\u2019enl\u00e8vement des enfants et frappera avec une main de fer toute personne qui tentera \u00e0 l\u2019avenir de porter atteinte \u00e0 cette frange de la soci\u00e9t\u00e9, a d\u00e9clar\u00e9 samedi le wali de Tizi Ouzou, Brahim Merad.\u2026<\/div>\n<p>&#013;<br \/>\nSource: <a href=\"http:\/\/www.aps.dz\/algerie\/45404-tizi-ouzou-le-wali-rappelle-la-d%C3%A9termination-de-l-etat-%C3%A0-lutter-contre-le-ph%C3%A9nom%C3%A8ne-d%E2%80%99enl%C3%A8vement-des-enfants\" target=\"_blank\">Tizi Ouzou : le wali rappelle la d\u00e9termination de l&rsquo;Etat \u00e0 lutter contre le ph\u00e9nom\u00e8ne d\u2019enl\u00e8vement des enfants<\/a><\/p>\n<!--CusAds0-->\n<div style=\"font-size: 0px; height: 0px; line-height: 0px; margin: 0; padding: 0; clear: both;\"><\/div>","protected":false},"excerpt":{"rendered":"<p>TIZI OUZOU &#8211; L\u2019Etat est d\u00e9termin\u00e9 \u00e0 lutter avec tous les moyens contre le ph\u00e9nom\u00e8ne d\u2019enl\u00e8vement des enfants et frappera avec une main de fer toute personne qui tentera \u00e0 l\u2019avenir de porter atteinte \u00e0 cette frange de la soci\u00e9t\u00e9, a d\u00e9clar\u00e9 samedi le wali de Tizi Ouzou, Brahim Merad.\u2026 &#013; Source: Tizi Ouzou :<\/p>\n","protected":false},"author":6,"featured_media":7886,"comment_status":"open","ping_status":"open","sticky":false,"template":"","format":"standard","meta":{"footnotes":""},"categories":[22],"tags":[93],"class_list":["post-7885","post","type-post","status-publish","format-standard","has-post-thumbnail","hentry","category-infos","tag-onu"],"yoast_head":"<!-- This site is optimized with the Yoast SEO plugin v27.4 - https:\/\/yoast.com\/product\/yoast-seo-wordpress\/ -->\n<title>Tizi Ouzou : le wali rappelle la d\u00e9termination de l&#039;Etat \u00e0 lutter contre le ph\u00e9nom\u00e8ne d\u2019enl\u00e8vement des enfants - info algerie<\/title>\n<meta name=\"robots\" content=\"index, follow, max-snippet:-1, max-image-preview:large, max-video-preview:-1\" \/>\n<link rel=\"canonical\" href=\"https:\/\/www.info-algerie.com\/actualites\/tizi-ouzou-le-wali-rappelle-la-determination-de-letat-a-lutter-contre-le-phenomene-denlevement-des-enfants\/\" \/>\n<meta property=\"og:locale\" content=\"fr_FR\" \/>\n<meta property=\"og:type\" content=\"article\" \/>\n<meta property=\"og:title\" content=\"Tizi Ouzou : le wali rappelle la d\u00e9termination de l&#039;Etat \u00e0 lutter contre le ph\u00e9nom\u00e8ne d\u2019enl\u00e8vement des enfants - info algerie\" \/>\n<meta property=\"og:description\" content=\"TIZI OUZOU &#8211; L\u2019Etat est d\u00e9termin\u00e9 \u00e0 lutter avec tous les moyens contre le ph\u00e9nom\u00e8ne d\u2019enl\u00e8vement des enfants et frappera avec une main de fer toute personne qui tentera \u00e0 l\u2019avenir de porter atteinte \u00e0 cette frange de la soci\u00e9t\u00e9, a d\u00e9clar\u00e9 samedi le wali de Tizi Ouzou, Brahim Merad.\u2026 &#013; Source: Tizi Ouzou :\" \/>\n<meta property=\"og:url\" content=\"https:\/\/www.info-algerie.com\/actualites\/tizi-ouzou-le-wali-rappelle-la-determination-de-letat-a-lutter-contre-le-phenomene-denlevement-des-enfants\/\" \/>\n<meta property=\"og:site_name\" content=\"info algerie\" \/>\n<meta property=\"article:publisher\" content=\"https:\/\/www.facebook.com\/infoalgerieactu\" \/>\n<meta property=\"article:published_time\" content=\"2016-08-06T15:27:09+00:00\" \/>\n<meta property=\"og:image\" content=\"https:\/\/www.info-algerie.com\/actualites\/wp-content\/uploads\/2016\/08\/f0862295c6621a8083f730d117b40e2c_S-1.jpg\" \/>\n\t<meta property=\"og:image:width\" content=\"150\" \/>\n\t<meta property=\"og:image:height\" content=\"85\" \/>\n\t<meta property=\"og:image:type\" content=\"image\/jpeg\" \/>\n<meta name=\"author\" content=\"La r\u00e9daction\" \/>\n<meta name=\"twitter:label1\" content=\"\u00c9crit par\" \/>\n\t<meta name=\"twitter:data1\" content=\"La r\u00e9daction\" \/>\n<script type=\"application\/ld+json\" class=\"yoast-schema-graph\">{\"@context\":\"https:\\\/\\\/schema.org\",\"@graph\":[{\"@type\":\"Article\",\"@id\":\"https:\\\/\\\/www.info-algerie.com\\\/actualites\\\/tizi-ouzou-le-wali-rappelle-la-determination-de-letat-a-lutter-contre-le-phenomene-denlevement-des-enfants\\\/#article\",\"isPartOf\":{\"@id\":\"https:\\\/\\\/www.info-algerie.com\\\/actualites\\\/tizi-ouzou-le-wali-rappelle-la-determination-de-letat-a-lutter-contre-le-phenomene-denlevement-des-enfants\\\/\"},\"author\":{\"name\":\"La r\u00e9daction\",\"@id\":\"https:\\\/\\\/www.info-algerie.com\\\/actualites\\\/#\\\/schema\\\/person\\\/847aaec44920825b843a08f30ec6aa1e\"},\"headline\":\"Tizi Ouzou : le wali rappelle la d\u00e9termination de l&#039;Etat \u00e0 lutter contre le ph\u00e9nom\u00e8ne d\u2019enl\u00e8vement des enfants\",\"datePublished\":\"2016-08-06T15:27:09+00:00\",\"mainEntityOfPage\":{\"@id\":\"https:\\\/\\\/www.info-algerie.com\\\/actualites\\\/tizi-ouzou-le-wali-rappelle-la-determination-de-letat-a-lutter-contre-le-phenomene-denlevement-des-enfants\\\/\"},\"wordCount\":101,\"commentCount\":0,\"publisher\":{\"@id\":\"https:\\\/\\\/www.info-algerie.com\\\/actualites\\\/#organization\"},\"image\":{\"@id\":\"https:\\\/\\\/www.info-algerie.com\\\/actualites\\\/tizi-ouzou-le-wali-rappelle-la-determination-de-letat-a-lutter-contre-le-phenomene-denlevement-des-enfants\\\/#primaryimage\"},\"thumbnailUrl\":\"https:\\\/\\\/www.info-algerie.com\\\/actualites\\\/wp-content\\\/uploads\\\/2016\\\/08\\\/f0862295c6621a8083f730d117b40e2c_S-1.jpg\",\"keywords\":[\"ONU\"],\"articleSection\":[\"infos\"],\"inLanguage\":\"fr-FR\",\"potentialAction\":[{\"@type\":\"CommentAction\",\"name\":\"Comment\",\"target\":[\"https:\\\/\\\/www.info-algerie.com\\\/actualites\\\/tizi-ouzou-le-wali-rappelle-la-determination-de-letat-a-lutter-contre-le-phenomene-denlevement-des-enfants\\\/#respond\"]}]},{\"@type\":\"WebPage\",\"@id\":\"https:\\\/\\\/www.info-algerie.com\\\/actualites\\\/tizi-ouzou-le-wali-rappelle-la-determination-de-letat-a-lutter-contre-le-phenomene-denlevement-des-enfants\\\/\",\"url\":\"https:\\\/\\\/www.info-algerie.com\\\/actualites\\\/tizi-ouzou-le-wali-rappelle-la-determination-de-letat-a-lutter-contre-le-phenomene-denlevement-des-enfants\\\/\",\"name\":\"Tizi Ouzou : le wali rappelle la d\u00e9termination de l&#039;Etat \u00e0 lutter contre le ph\u00e9nom\u00e8ne d\u2019enl\u00e8vement des enfants - info algerie\",\"isPartOf\":{\"@id\":\"https:\\\/\\\/www.info-algerie.com\\\/actualites\\\/#website\"},\"primaryImageOfPage\":{\"@id\":\"https:\\\/\\\/www.info-algerie.com\\\/actualites\\\/tizi-ouzou-le-wali-rappelle-la-determination-de-letat-a-lutter-contre-le-phenomene-denlevement-des-enfants\\\/#primaryimage\"},\"image\":{\"@id\":\"https:\\\/\\\/www.info-algerie.com\\\/actualites\\\/tizi-ouzou-le-wali-rappelle-la-determination-de-letat-a-lutter-contre-le-phenomene-denlevement-des-enfants\\\/#primaryimage\"},\"thumbnailUrl\":\"https:\\\/\\\/www.info-algerie.com\\\/actualites\\\/wp-content\\\/uploads\\\/2016\\\/08\\\/f0862295c6621a8083f730d117b40e2c_S-1.jpg\",\"datePublished\":\"2016-08-06T15:27:09+00:00\",\"breadcrumb\":{\"@id\":\"https:\\\/\\\/www.info-algerie.com\\\/actualites\\\/tizi-ouzou-le-wali-rappelle-la-determination-de-letat-a-lutter-contre-le-phenomene-denlevement-des-enfants\\\/#breadcrumb\"},\"inLanguage\":\"fr-FR\",\"potentialAction\":[{\"@type\":\"ReadAction\",\"target\":[\"https:\\\/\\\/www.info-algerie.com\\\/actualites\\\/tizi-ouzou-le-wali-rappelle-la-determination-de-letat-a-lutter-contre-le-phenomene-denlevement-des-enfants\\\/\"]}]},{\"@type\":\"ImageObject\",\"inLanguage\":\"fr-FR\",\"@id\":\"https:\\\/\\\/www.info-algerie.com\\\/actualites\\\/tizi-ouzou-le-wali-rappelle-la-determination-de-letat-a-lutter-contre-le-phenomene-denlevement-des-enfants\\\/#primaryimage\",\"url\":\"https:\\\/\\\/www.info-algerie.com\\\/actualites\\\/wp-content\\\/uploads\\\/2016\\\/08\\\/f0862295c6621a8083f730d117b40e2c_S-1.jpg\",\"contentUrl\":\"https:\\\/\\\/www.info-algerie.com\\\/actualites\\\/wp-content\\\/uploads\\\/2016\\\/08\\\/f0862295c6621a8083f730d117b40e2c_S-1.jpg\",\"width\":150,\"height\":85},{\"@type\":\"BreadcrumbList\",\"@id\":\"https:\\\/\\\/www.info-algerie.com\\\/actualites\\\/tizi-ouzou-le-wali-rappelle-la-determination-de-letat-a-lutter-contre-le-phenomene-denlevement-des-enfants\\\/#breadcrumb\",\"itemListElement\":[{\"@type\":\"ListItem\",\"position\":1,\"name\":\"Accueil\",\"item\":\"https:\\\/\\\/www.info-algerie.com\\\/actualites\\\/\"},{\"@type\":\"ListItem\",\"position\":2,\"name\":\"Tizi Ouzou : le wali rappelle la d\u00e9termination de l&#039;Etat \u00e0 lutter contre le ph\u00e9nom\u00e8ne d\u2019enl\u00e8vement des enfants\"}]},{\"@type\":\"WebSite\",\"@id\":\"https:\\\/\\\/www.info-algerie.com\\\/actualites\\\/#website\",\"url\":\"https:\\\/\\\/www.info-algerie.com\\\/actualites\\\/\",\"name\":\"info algerie\",\"description\":\"Toutes les actualit\u00e9s\",\"publisher\":{\"@id\":\"https:\\\/\\\/www.info-algerie.com\\\/actualites\\\/#organization\"},\"potentialAction\":[{\"@type\":\"SearchAction\",\"target\":{\"@type\":\"EntryPoint\",\"urlTemplate\":\"https:\\\/\\\/www.info-algerie.com\\\/actualites\\\/?s={search_term_string}\"},\"query-input\":{\"@type\":\"PropertyValueSpecification\",\"valueRequired\":true,\"valueName\":\"search_term_string\"}}],\"inLanguage\":\"fr-FR\"},{\"@type\":\"Organization\",\"@id\":\"https:\\\/\\\/www.info-algerie.com\\\/actualites\\\/#organization\",\"name\":\"info algerie\",\"url\":\"https:\\\/\\\/www.info-algerie.com\\\/actualites\\\/\",\"logo\":{\"@type\":\"ImageObject\",\"inLanguage\":\"fr-FR\",\"@id\":\"https:\\\/\\\/www.info-algerie.com\\\/actualites\\\/#\\\/schema\\\/logo\\\/image\\\/\",\"url\":\"https:\\\/\\\/www.info-algerie.com\\\/actualites\\\/wp-content\\\/uploads\\\/2022\\\/07\\\/logo-ia-120.png\",\"contentUrl\":\"https:\\\/\\\/www.info-algerie.com\\\/actualites\\\/wp-content\\\/uploads\\\/2022\\\/07\\\/logo-ia-120.png\",\"width\":120,\"height\":43,\"caption\":\"info algerie\"},\"image\":{\"@id\":\"https:\\\/\\\/www.info-algerie.com\\\/actualites\\\/#\\\/schema\\\/logo\\\/image\\\/\"},\"sameAs\":[\"https:\\\/\\\/www.facebook.com\\\/infoalgerieactu\",\"https:\\\/\\\/x.com\\\/infoalgerie1\"]},{\"@type\":\"Person\",\"@id\":\"https:\\\/\\\/www.info-algerie.com\\\/actualites\\\/#\\\/schema\\\/person\\\/847aaec44920825b843a08f30ec6aa1e\",\"name\":\"La r\u00e9daction\",\"image\":{\"@type\":\"ImageObject\",\"inLanguage\":\"fr-FR\",\"@id\":\"https:\\\/\\\/secure.gravatar.com\\\/avatar\\\/769db425c6f465158149f1ffd6cf61ce7a8a879d11dfbef8288af36dfddd418c?s=96&d=mm&r=g\",\"url\":\"https:\\\/\\\/secure.gravatar.com\\\/avatar\\\/769db425c6f465158149f1ffd6cf61ce7a8a879d11dfbef8288af36dfddd418c?s=96&d=mm&r=g\",\"contentUrl\":\"https:\\\/\\\/secure.gravatar.com\\\/avatar\\\/769db425c6f465158149f1ffd6cf61ce7a8a879d11dfbef8288af36dfddd418c?s=96&d=mm&r=g\",\"caption\":\"La r\u00e9daction\"},\"sameAs\":[\"http:\\\/\\\/www.lkeria.com\\\/\"],\"url\":\"https:\\\/\\\/www.info-algerie.com\\\/actualites\\\/author\\\/chakib32\\\/\"}]}<\/script>\n<!-- \/ Yoast SEO plugin. -->","yoast_head_json":{"title":"Tizi Ouzou : le wali rappelle la d\u00e9termination de l&#039;Etat \u00e0 lutter contre le ph\u00e9nom\u00e8ne d\u2019enl\u00e8vement des enfants - info algerie","robots":{"index":"index","follow":"follow","max-snippet":"max-snippet:-1","max-image-preview":"max-image-preview:large","max-video-preview":"max-video-preview:-1"},"canonical":"https:\/\/www.info-algerie.com\/actualites\/tizi-ouzou-le-wali-rappelle-la-determination-de-letat-a-lutter-contre-le-phenomene-denlevement-des-enfants\/","og_locale":"fr_FR","og_type":"article","og_title":"Tizi Ouzou : le wali rappelle la d\u00e9termination de l&#039;Etat \u00e0 lutter contre le ph\u00e9nom\u00e8ne d\u2019enl\u00e8vement des enfants - info algerie","og_description":"TIZI OUZOU &#8211; L\u2019Etat est d\u00e9termin\u00e9 \u00e0 lutter avec tous les moyens contre le ph\u00e9nom\u00e8ne d\u2019enl\u00e8vement des enfants et frappera avec une main de fer toute personne qui tentera \u00e0 l\u2019avenir de porter atteinte \u00e0 cette frange de la soci\u00e9t\u00e9, a d\u00e9clar\u00e9 samedi le wali de Tizi Ouzou, Brahim Merad.\u2026 &#013; Source: Tizi Ouzou :","og_url":"https:\/\/www.info-algerie.com\/actualites\/tizi-ouzou-le-wali-rappelle-la-determination-de-letat-a-lutter-contre-le-phenomene-denlevement-des-enfants\/","og_site_name":"info algerie","article_publisher":"https:\/\/www.facebook.com\/infoalgerieactu","article_published_time":"2016-08-06T15:27:09+00:00","og_image":[{"width":150,"height":85,"url":"https:\/\/www.info-algerie.com\/actualites\/wp-content\/uploads\/2016\/08\/f0862295c6621a8083f730d117b40e2c_S-1.jpg","type":"image\/jpeg"}],"author":"La r\u00e9daction","twitter_misc":{"\u00c9crit par":"La r\u00e9daction"},"schema":{"@context":"https:\/\/schema.org","@graph":[{"@type":"Article","@id":"https:\/\/www.info-algerie.com\/actualites\/tizi-ouzou-le-wali-rappelle-la-determination-de-letat-a-lutter-contre-le-phenomene-denlevement-des-enfants\/#article","isPartOf":{"@id":"https:\/\/www.info-algerie.com\/actualites\/tizi-ouzou-le-wali-rappelle-la-determination-de-letat-a-lutter-contre-le-phenomene-denlevement-des-enfants\/"},"author":{"name":"La r\u00e9daction","@id":"https:\/\/www.info-algerie.com\/actualites\/#\/schema\/person\/847aaec44920825b843a08f30ec6aa1e"},"headline":"Tizi Ouzou : le wali rappelle la d\u00e9termination de l&#039;Etat \u00e0 lutter contre le ph\u00e9nom\u00e8ne d\u2019enl\u00e8vement des enfants","datePublished":"2016-08-06T15:27:09+00:00","mainEntityOfPage":{"@id":"https:\/\/www.info-algerie.com\/actualites\/tizi-ouzou-le-wali-rappelle-la-determination-de-letat-a-lutter-contre-le-phenomene-denlevement-des-enfants\/"},"wordCount":101,"commentCount":0,"publisher":{"@id":"https:\/\/www.info-algerie.com\/actualites\/#organization"},"image":{"@id":"https:\/\/www.info-algerie.com\/actualites\/tizi-ouzou-le-wali-rappelle-la-determination-de-letat-a-lutter-contre-le-phenomene-denlevement-des-enfants\/#primaryimage"},"thumbnailUrl":"https:\/\/www.info-algerie.com\/actualites\/wp-content\/uploads\/2016\/08\/f0862295c6621a8083f730d117b40e2c_S-1.jpg","keywords":["ONU"],"articleSection":["infos"],"inLanguage":"fr-FR","potentialAction":[{"@type":"CommentAction","name":"Comment","target":["https:\/\/www.info-algerie.com\/actualites\/tizi-ouzou-le-wali-rappelle-la-determination-de-letat-a-lutter-contre-le-phenomene-denlevement-des-enfants\/#respond"]}]},{"@type":"WebPage","@id":"https:\/\/www.info-algerie.com\/actualites\/tizi-ouzou-le-wali-rappelle-la-determination-de-letat-a-lutter-contre-le-phenomene-denlevement-des-enfants\/","url":"https:\/\/www.info-algerie.com\/actualites\/tizi-ouzou-le-wali-rappelle-la-determination-de-letat-a-lutter-contre-le-phenomene-denlevement-des-enfants\/","name":"Tizi Ouzou : le wali rappelle la d\u00e9termination de l&#039;Etat \u00e0 lutter contre le ph\u00e9nom\u00e8ne d\u2019enl\u00e8vement des enfants - info algerie","isPartOf":{"@id":"https:\/\/www.info-algerie.com\/actualites\/#website"},"primaryImageOfPage":{"@id":"https:\/\/www.info-algerie.com\/actualites\/tizi-ouzou-le-wali-rappelle-la-determination-de-letat-a-lutter-contre-le-phenomene-denlevement-des-enfants\/#primaryimage"},"image":{"@id":"https:\/\/www.info-algerie.com\/actualites\/tizi-ouzou-le-wali-rappelle-la-determination-de-letat-a-lutter-contre-le-phenomene-denlevement-des-enfants\/#primaryimage"},"thumbnailUrl":"https:\/\/www.info-algerie.com\/actualites\/wp-content\/uploads\/2016\/08\/f0862295c6621a8083f730d117b40e2c_S-1.jpg","datePublished":"2016-08-06T15:27:09+00:00","breadcrumb":{"@id":"https:\/\/www.info-algerie.com\/actualites\/tizi-ouzou-le-wali-rappelle-la-determination-de-letat-a-lutter-contre-le-phenomene-denlevement-des-enfants\/#breadcrumb"},"inLanguage":"fr-FR","potentialAction":[{"@type":"ReadAction","target":["https:\/\/www.info-algerie.com\/actualites\/tizi-ouzou-le-wali-rappelle-la-determination-de-letat-a-lutter-contre-le-phenomene-denlevement-des-enfants\/"]}]},{"@type":"ImageObject","inLanguage":"fr-FR","@id":"https:\/\/www.info-algerie.com\/actualites\/tizi-ouzou-le-wali-rappelle-la-determination-de-letat-a-lutter-contre-le-phenomene-denlevement-des-enfants\/#primaryimage","url":"https:\/\/www.info-algerie.com\/actualites\/wp-content\/uploads\/2016\/08\/f0862295c6621a8083f730d117b40e2c_S-1.jpg","contentUrl":"https:\/\/www.info-algerie.com\/actualites\/wp-content\/uploads\/2016\/08\/f0862295c6621a8083f730d117b40e2c_S-1.jpg","width":150,"height":85},{"@type":"BreadcrumbList","@id":"https:\/\/www.info-algerie.com\/actualites\/tizi-ouzou-le-wali-rappelle-la-determination-de-letat-a-lutter-contre-le-phenomene-denlevement-des-enfants\/#breadcrumb","itemListElement":[{"@type":"ListItem","position":1,"name":"Accueil","item":"https:\/\/www.info-algerie.com\/actualites\/"},{"@type":"ListItem","position":2,"name":"Tizi Ouzou : le wali rappelle la d\u00e9termination de l&#039;Etat \u00e0 lutter contre le ph\u00e9nom\u00e8ne d\u2019enl\u00e8vement des enfants"}]},{"@type":"WebSite","@id":"https:\/\/www.info-algerie.com\/actualites\/#website","url":"https:\/\/www.info-algerie.com\/actualites\/","name":"info algerie","description":"Toutes les actualit\u00e9s","publisher":{"@id":"https:\/\/www.info-algerie.com\/actualites\/#organization"},"potentialAction":[{"@type":"SearchAction","target":{"@type":"EntryPoint","urlTemplate":"https:\/\/www.info-algerie.com\/actualites\/?s={search_term_string}"},"query-input":{"@type":"PropertyValueSpecification","valueRequired":true,"valueName":"search_term_string"}}],"inLanguage":"fr-FR"},{"@type":"Organization","@id":"https:\/\/www.info-algerie.com\/actualites\/#organization","name":"info algerie","url":"https:\/\/www.info-algerie.com\/actualites\/","logo":{"@type":"ImageObject","inLanguage":"fr-FR","@id":"https:\/\/www.info-algerie.com\/actualites\/#\/schema\/logo\/image\/","url":"https:\/\/www.info-algerie.com\/actualites\/wp-content\/uploads\/2022\/07\/logo-ia-120.png","contentUrl":"https:\/\/www.info-algerie.com\/actualites\/wp-content\/uploads\/2022\/07\/logo-ia-120.png","width":120,"height":43,"caption":"info algerie"},"image":{"@id":"https:\/\/www.info-algerie.com\/actualites\/#\/schema\/logo\/image\/"},"sameAs":["https:\/\/www.facebook.com\/infoalgerieactu","https:\/\/x.com\/infoalgerie1"]},{"@type":"Person","@id":"https:\/\/www.info-algerie.com\/actualites\/#\/schema\/person\/847aaec44920825b843a08f30ec6aa1e","name":"La r\u00e9daction","image":{"@type":"ImageObject","inLanguage":"fr-FR","@id":"https:\/\/secure.gravatar.com\/avatar\/769db425c6f465158149f1ffd6cf61ce7a8a879d11dfbef8288af36dfddd418c?s=96&d=mm&r=g","url":"https:\/\/secure.gravatar.com\/avatar\/769db425c6f465158149f1ffd6cf61ce7a8a879d11dfbef8288af36dfddd418c?s=96&d=mm&r=g","contentUrl":"https:\/\/secure.gravatar.com\/avatar\/769db425c6f465158149f1ffd6cf61ce7a8a879d11dfbef8288af36dfddd418c?s=96&d=mm&r=g","caption":"La r\u00e9daction"},"sameAs":["http:\/\/www.lkeria.com\/"],"url":"https:\/\/www.info-algerie.com\/actualites\/author\/chakib32\/"}]}},"_links":{"self":[{"href":"https:\/\/www.info-algerie.com\/actualites\/wp-json\/wp\/v2\/posts\/7885","targetHints":{"allow":["GET"]}}],"collection":[{"href":"https:\/\/www.info-algerie.com\/actualites\/wp-json\/wp\/v2\/posts"}],"about":[{"href":"https:\/\/www.info-algerie.com\/actualites\/wp-json\/wp\/v2\/types\/post"}],"author":[{"embeddable":true,"href":"https:\/\/www.info-algerie.com\/actualites\/wp-json\/wp\/v2\/users\/6"}],"replies":[{"embeddable":true,"href":"https:\/\/www.info-algerie.com\/actualites\/wp-json\/wp\/v2\/comments?post=7885"}],"version-history":[{"count":0,"href":"https:\/\/www.info-algerie.com\/actualites\/wp-json\/wp\/v2\/posts\/7885\/revisions"}],"wp:featuredmedia":[{"embeddable":true,"href":"https:\/\/www.info-algerie.com\/actualites\/wp-json\/wp\/v2\/media\/7886"}],"wp:attachment":[{"href":"https:\/\/www.info-algerie.com\/actualites\/wp-json\/wp\/v2\/media?parent=7885"}],"wp:term":[{"taxonomy":"category","embeddable":true,"href":"https:\/\/www.info-algerie.com\/actualites\/wp-json\/wp\/v2\/categories?post=7885"},{"taxonomy":"post_tag","embeddable":true,"href":"https:\/\/www.info-algerie.com\/actualites\/wp-json\/wp\/v2\/tags?post=7885"}],"curies":[{"name":"wp","href":"https:\/\/api.w.org\/{rel}","templated":true}]}}