{"id":789,"date":"2015-09-13T00:00:00","date_gmt":"2015-09-12T23:00:00","guid":{"rendered":"http:\/\/www.info-algerie.com\/actualites\/le-ministre-de-la-sante-a-constantine-on-ira-de-lavant-avec-ou-sans-vous\/"},"modified":"2015-09-13T09:33:13","modified_gmt":"2015-09-13T08:33:13","slug":"le-ministre-de-la-sante-a-constantine-on-ira-de-lavant-avec-ou-sans-vous","status":"publish","type":"post","link":"https:\/\/www.info-algerie.com\/actualites\/le-ministre-de-la-sante-a-constantine-on-ira-de-lavant-avec-ou-sans-vous\/","title":{"rendered":"le ministre de la sant\u00e9 \u00e0 Constantine : On ira de l&rsquo;avant avec ou sans vous"},"content":{"rendered":"<p class=\"article_abstract\" style=\"text-align: justify;\"><a href=\"https:\/\/www.info-algerie.com\/actualites\/wp-content\/uploads\/2015\/09\/le-ministre-de-la-sant\u00e9-\u00e0-Constantine.jpg\"><img loading=\"lazy\" decoding=\"async\" class=\" wp-image-793 alignleft\" src=\"https:\/\/www.info-algerie.com\/actualites\/wp-content\/uploads\/2015\/09\/le-ministre-de-la-sant\u00e9-\u00e0-Constantine-300x198.jpg\" alt=\"le ministre de la sant\u00e9 \u00e0 Constantine\" width=\"158\" height=\"104\" srcset=\"https:\/\/www.info-algerie.com\/actualites\/wp-content\/uploads\/2015\/09\/le-ministre-de-la-sant\u00e9-\u00e0-Constantine-300x198.jpg 300w, https:\/\/www.info-algerie.com\/actualites\/wp-content\/uploads\/2015\/09\/le-ministre-de-la-sant\u00e9-\u00e0-Constantine-331x219.jpg 331w, https:\/\/www.info-algerie.com\/actualites\/wp-content\/uploads\/2015\/09\/le-ministre-de-la-sant\u00e9-\u00e0-Constantine.jpg 400w\" sizes=\"auto, (max-width: 158px) 100vw, 158px\" \/><\/a>\u00abdeux probl\u00e8mes majeurs freinent le processus de la r\u00e9forme hospitali\u00e8re, \u00e0 savoir la gestion et l&rsquo;organisation.\u00bb<\/p>\n<p style=\"text-align: justify;\">C&rsquo;est en pr\u00e9sence du ministre de la Sant\u00e9 Abdelmalek Boudiaf, qu&rsquo;a eu lieu hier la rencontre r\u00e9gionale d&rsquo;\u00e9valuation du processus de la r\u00e9forme hospitali\u00e8re, laquelle a \u00e9t\u00e9 organis\u00e9e au niveau du si\u00e8ge de la wilaya sis cit\u00e9 Daksi avec la participation de neuf wilayas.<\/p>\n<p style=\"text-align: justify;\">Apr\u00e8s l&rsquo;intervention du chef de l&rsquo;ex\u00e9cutif Hacen Oudah, qui ne manquera pas de relever quelques points important relatifs \u00e0 la sant\u00e9 publique, appelant \u00e0 plus d&rsquo;humanit\u00e9, c&rsquo;est le ministre de la Sant\u00e9 qui prendra la parole pour souligner que \u00abdeux probl\u00e8mes majeurs freinent le processus de la r\u00e9forme hospitali\u00e8re, \u00e0 savoir la gestion et l&rsquo;organisation\u00bb.<\/p>\n<p style=\"text-align: justify;\">Dans son intervention, le ministre connaissant bien cette ville, revient sur l&rsquo;importance de cette rencontre qui va selon lui permettre de sortir avec des d\u00e9cisions d&rsquo;\u00e9valuation de la situation au niveau des h\u00f4pitaux.<\/p>\n<p style=\"text-align: justify;\">Il s&rsquo;est agi notamment de l&rsquo;\u00e9valuation des mesures prises par le d\u00e9partement, suite \u00e0 la fermeture de la maternit\u00e9 du CHU de Constantine apr\u00e8s le reportage diffus\u00e9 par l&rsquo;Entv, ayant traduit la r\u00e9alit\u00e9 du secteur.<\/p>\n<p style=\"text-align: justify;\">Rejoignant le wali de Constantine dans sa perception des choses, le ministre a insist\u00e9 sur le facteur humain qui a-t-il indiqu\u00e9, \u00abm\u00eame si les moyens manquent, le facteur humain rel\u00e8ve de la volont\u00e9, de la conscience et du savoir-faire\u00bb.<\/p>\n<p style=\"text-align: justify;\">Le ministre tout en faisant des remarques, a \u00e9galement fait allusion \u00e0 la formation et \u00e0 l&rsquo;encadrement qui ne r\u00e9pondent plus aux m\u00e9canismes m\u00e9dicaux.<\/p>\n<p style=\"text-align: justify;\">Concernant le secteur priv\u00e9, le ministre, avan\u00e7ant le chiffre de 34.000 installations entre clinique priv\u00e9e et cabinet m\u00e9dical. Pour le ministre, ceci devrait \u00eatre une valeur ajout\u00e9e et \u00able priv\u00e9 doit \u00eatre compl\u00e9mentaire du public\u00bb, insiste-t-il.<\/p>\n<p style=\"text-align: justify;\">Abordant le syst\u00e8me de la r\u00e9forme, le ministre est d\u00e9cid\u00e9 \u00e0 aller de l&rsquo;avant, martelant:\u00abJe suis d\u00e9cid\u00e9 \u00e0 faire aboutir cette r\u00e9forme, je souhaite accomplir cette mission avec vous et je le ferai avec ou sans vous.\u00bb<\/p>\n<p style=\"text-align: justify;\">Le ministre parlera d&rsquo;un syst\u00e8me de performance, de perfection et de modernit\u00e9. \u00abJe ne demande pas la lune, je ne demande pas de faveur, mais que chacun fasse son travail\u00bb, a-t-il ajout\u00e9, rappelant \u00abque la loi sera appliqu\u00e9e en cas de d\u00e9passement, si on y met tous de la bonne volont\u00e9, cette r\u00e9forme ne demandera pas plus de six mois\u00bb.<\/p>\n<p style=\"text-align: justify;\">Pour l&rsquo;ex- wali de Constantine, il est temps de cesser de s&rsquo;attarder sur de faux probl\u00e8mes li\u00e9s juste \u00e0 l&rsquo;humeur humaine, de rattraper le manque, r\u00e9tablir l&rsquo;ordre et rendre au citoyen et au patient leur dignit\u00e9 surtout.<\/p>\n<p style=\"text-align: justify;\">Profitant de cette rencontre qui durera jusqu&rsquo;\u00e0 aujourd&rsquo;hui, le ministre a sollicit\u00e9 l&rsquo;aide de la presse nationale, soit \u00e0 d\u00e9masquer les lacunes, ou \u00e0 dire la v\u00e9rit\u00e9 quand il sera question d&rsquo;un pas en avant.<\/p>\n<p style=\"text-align: justify;\">Au cours de la premi\u00e8re journ\u00e9e, plusieurs cadres ont eu \u00e0 transmettre des communications, toutes relatives \u00e0 la r\u00e9forme hospitali\u00e8re, on citera entre autres, \u00abProcessus de r\u00e9formes et syst\u00e8me de sant\u00e9\u00bb, par le docteur Mekkaoui, \u00abAxes prioritaires des r\u00e9formes: bilan et perspectives\u00bb, par le professeur El Hadj et \u00abEvaluation des programmes de pr\u00e9vention\u00bb, par le professeur Mesbah.<\/p>\n<p style=\"text-align: justify;\">A noter que le ministre est intervenu dans le cadre de cette rencontre pour s&rsquo;exprimer \u00e9galement sur les services des urgences souvent en souffrance et en manque de moyens, indiquant qu&rsquo;il existait 893 lits au niveau des r\u00e9animations, mais estime aussi qu&rsquo;il est indispensable de permettre \u00e0 chaque wilaya d&rsquo;\u00eatre dot\u00e9e de salles de chimioth\u00e9rapie pour les canc\u00e9reux.<\/p>\n<p style=\"text-align: justify;\">Tout en admettant le manque, parfois l&rsquo;absence de moyens, le ministre confie que le Sud constitue aussi l&rsquo;une de ses priorit\u00e9s.<\/p>\n<p>Source: <a href=\"http:\/\/www.lexpressiondz.com\/actualite\/225136-on-ira-de-l-avant-avec-ou-sans-vous.html\" target=\"_blank\">LE MINISTRE DE LA SANT\u00c9 \u00c0 CONSTANTINE : \u00ab\u00a0On ira de l&rsquo;avant avec ou sans vous\u00a0\u00bb<\/a><\/p>\n<!--CusAds0-->\n<div style=\"font-size: 0px; height: 0px; line-height: 0px; margin: 0; padding: 0; clear: both;\"><\/div>","protected":false},"excerpt":{"rendered":"<p>\u00abdeux probl\u00e8mes majeurs freinent le processus de la r\u00e9forme hospitali\u00e8re, \u00e0 savoir la gestion et l&rsquo;organisation.\u00bb C&rsquo;est en pr\u00e9sence du ministre de la Sant\u00e9 Abdelmalek Boudiaf, qu&rsquo;a eu lieu hier la rencontre r\u00e9gionale d&rsquo;\u00e9valuation du processus de la r\u00e9forme hospitali\u00e8re, laquelle a \u00e9t\u00e9 organis\u00e9e au niveau du si\u00e8ge de la wilaya sis cit\u00e9 Daksi avec<\/p>\n","protected":false},"author":6,"featured_media":793,"comment_status":"open","ping_status":"open","sticky":false,"template":"","format":"standard","meta":{"footnotes":""},"categories":[22],"tags":[27,93,96],"class_list":["post-789","post","type-post","status-publish","format-standard","has-post-thumbnail","hentry","category-infos","tag-algerie","tag-onu","tag-sante"],"yoast_head":"<!-- This site is optimized with the Yoast SEO plugin v27.5 - https:\/\/yoast.com\/product\/yoast-seo-wordpress\/ -->\n<title>le ministre de la sant\u00e9 \u00e0 Constantine : On ira de l&#039;avant avec ou sans vous<\/title>\n<meta name=\"description\" content=\"le ministre de la sant\u00e9 \u00e0 Constantine : On ira de l&#039;avant avec ou sans vous\" \/>\n<meta name=\"robots\" content=\"index, follow, max-snippet:-1, max-image-preview:large, max-video-preview:-1\" \/>\n<link rel=\"canonical\" href=\"https:\/\/www.info-algerie.com\/actualites\/le-ministre-de-la-sante-a-constantine-on-ira-de-lavant-avec-ou-sans-vous\/\" \/>\n<meta property=\"og:locale\" content=\"fr_FR\" \/>\n<meta property=\"og:type\" content=\"article\" \/>\n<meta property=\"og:title\" content=\"le ministre de la sant\u00e9 \u00e0 Constantine : On ira de l&#039;avant avec ou sans vous\" \/>\n<meta property=\"og:description\" content=\"le ministre de la sant\u00e9 \u00e0 Constantine : On ira de l&#039;avant avec ou sans vous\" \/>\n<meta property=\"og:url\" content=\"https:\/\/www.info-algerie.com\/actualites\/le-ministre-de-la-sante-a-constantine-on-ira-de-lavant-avec-ou-sans-vous\/\" \/>\n<meta property=\"og:site_name\" content=\"info algerie\" \/>\n<meta property=\"article:publisher\" content=\"https:\/\/www.facebook.com\/infoalgerieactu\" \/>\n<meta property=\"article:published_time\" content=\"2015-09-12T23:00:00+00:00\" \/>\n<meta property=\"article:modified_time\" content=\"2015-09-13T08:33:13+00:00\" \/>\n<meta property=\"og:image\" content=\"https:\/\/www.info-algerie.com\/actualites\/wp-content\/uploads\/2015\/09\/le-ministre-de-la-sant\u00e9-\u00e0-Constantine.jpg\" \/>\n\t<meta property=\"og:image:width\" content=\"400\" \/>\n\t<meta property=\"og:image:height\" content=\"264\" \/>\n\t<meta property=\"og:image:type\" content=\"image\/jpeg\" \/>\n<meta name=\"author\" content=\"La r\u00e9daction\" \/>\n<meta name=\"twitter:label1\" content=\"\u00c9crit par\" \/>\n\t<meta name=\"twitter:data1\" content=\"La r\u00e9daction\" \/>\n\t<meta name=\"twitter:label2\" content=\"Dur\u00e9e de lecture estim\u00e9e\" \/>\n\t<meta name=\"twitter:data2\" content=\"3 minutes\" \/>\n<script type=\"application\/ld+json\" class=\"yoast-schema-graph\">{\"@context\":\"https:\\\/\\\/schema.org\",\"@graph\":[{\"@type\":\"Article\",\"@id\":\"https:\\\/\\\/www.info-algerie.com\\\/actualites\\\/le-ministre-de-la-sante-a-constantine-on-ira-de-lavant-avec-ou-sans-vous\\\/#article\",\"isPartOf\":{\"@id\":\"https:\\\/\\\/www.info-algerie.com\\\/actualites\\\/le-ministre-de-la-sante-a-constantine-on-ira-de-lavant-avec-ou-sans-vous\\\/\"},\"author\":{\"name\":\"La r\u00e9daction\",\"@id\":\"https:\\\/\\\/www.info-algerie.com\\\/actualites\\\/#\\\/schema\\\/person\\\/847aaec44920825b843a08f30ec6aa1e\"},\"headline\":\"le ministre de la sant\u00e9 \u00e0 Constantine : On ira de l&rsquo;avant avec ou sans vous\",\"datePublished\":\"2015-09-12T23:00:00+00:00\",\"dateModified\":\"2015-09-13T08:33:13+00:00\",\"mainEntityOfPage\":{\"@id\":\"https:\\\/\\\/www.info-algerie.com\\\/actualites\\\/le-ministre-de-la-sante-a-constantine-on-ira-de-lavant-avec-ou-sans-vous\\\/\"},\"wordCount\":688,\"commentCount\":0,\"publisher\":{\"@id\":\"https:\\\/\\\/www.info-algerie.com\\\/actualites\\\/#organization\"},\"image\":{\"@id\":\"https:\\\/\\\/www.info-algerie.com\\\/actualites\\\/le-ministre-de-la-sante-a-constantine-on-ira-de-lavant-avec-ou-sans-vous\\\/#primaryimage\"},\"thumbnailUrl\":\"https:\\\/\\\/www.info-algerie.com\\\/actualites\\\/wp-content\\\/uploads\\\/2015\\\/09\\\/le-ministre-de-la-sant\u00e9-\u00e0-Constantine.jpg\",\"keywords\":[\"alg\u00e9rie\",\"ONU\",\"sant\u00e9\"],\"articleSection\":[\"infos\"],\"inLanguage\":\"fr-FR\",\"potentialAction\":[{\"@type\":\"CommentAction\",\"name\":\"Comment\",\"target\":[\"https:\\\/\\\/www.info-algerie.com\\\/actualites\\\/le-ministre-de-la-sante-a-constantine-on-ira-de-lavant-avec-ou-sans-vous\\\/#respond\"]}]},{\"@type\":\"WebPage\",\"@id\":\"https:\\\/\\\/www.info-algerie.com\\\/actualites\\\/le-ministre-de-la-sante-a-constantine-on-ira-de-lavant-avec-ou-sans-vous\\\/\",\"url\":\"https:\\\/\\\/www.info-algerie.com\\\/actualites\\\/le-ministre-de-la-sante-a-constantine-on-ira-de-lavant-avec-ou-sans-vous\\\/\",\"name\":\"le ministre de la sant\u00e9 \u00e0 Constantine : On ira de l'avant avec ou sans vous\",\"isPartOf\":{\"@id\":\"https:\\\/\\\/www.info-algerie.com\\\/actualites\\\/#website\"},\"primaryImageOfPage\":{\"@id\":\"https:\\\/\\\/www.info-algerie.com\\\/actualites\\\/le-ministre-de-la-sante-a-constantine-on-ira-de-lavant-avec-ou-sans-vous\\\/#primaryimage\"},\"image\":{\"@id\":\"https:\\\/\\\/www.info-algerie.com\\\/actualites\\\/le-ministre-de-la-sante-a-constantine-on-ira-de-lavant-avec-ou-sans-vous\\\/#primaryimage\"},\"thumbnailUrl\":\"https:\\\/\\\/www.info-algerie.com\\\/actualites\\\/wp-content\\\/uploads\\\/2015\\\/09\\\/le-ministre-de-la-sant\u00e9-\u00e0-Constantine.jpg\",\"datePublished\":\"2015-09-12T23:00:00+00:00\",\"dateModified\":\"2015-09-13T08:33:13+00:00\",\"description\":\"le ministre de la sant\u00e9 \u00e0 Constantine : On ira de l'avant avec ou sans vous\",\"breadcrumb\":{\"@id\":\"https:\\\/\\\/www.info-algerie.com\\\/actualites\\\/le-ministre-de-la-sante-a-constantine-on-ira-de-lavant-avec-ou-sans-vous\\\/#breadcrumb\"},\"inLanguage\":\"fr-FR\",\"potentialAction\":[{\"@type\":\"ReadAction\",\"target\":[\"https:\\\/\\\/www.info-algerie.com\\\/actualites\\\/le-ministre-de-la-sante-a-constantine-on-ira-de-lavant-avec-ou-sans-vous\\\/\"]}]},{\"@type\":\"ImageObject\",\"inLanguage\":\"fr-FR\",\"@id\":\"https:\\\/\\\/www.info-algerie.com\\\/actualites\\\/le-ministre-de-la-sante-a-constantine-on-ira-de-lavant-avec-ou-sans-vous\\\/#primaryimage\",\"url\":\"https:\\\/\\\/www.info-algerie.com\\\/actualites\\\/wp-content\\\/uploads\\\/2015\\\/09\\\/le-ministre-de-la-sant\u00e9-\u00e0-Constantine.jpg\",\"contentUrl\":\"https:\\\/\\\/www.info-algerie.com\\\/actualites\\\/wp-content\\\/uploads\\\/2015\\\/09\\\/le-ministre-de-la-sant\u00e9-\u00e0-Constantine.jpg\",\"width\":400,\"height\":264,\"caption\":\"le ministre de la sant\u00e9 \u00e0 Constantine\"},{\"@type\":\"BreadcrumbList\",\"@id\":\"https:\\\/\\\/www.info-algerie.com\\\/actualites\\\/le-ministre-de-la-sante-a-constantine-on-ira-de-lavant-avec-ou-sans-vous\\\/#breadcrumb\",\"itemListElement\":[{\"@type\":\"ListItem\",\"position\":1,\"name\":\"Accueil\",\"item\":\"https:\\\/\\\/www.info-algerie.com\\\/actualites\\\/\"},{\"@type\":\"ListItem\",\"position\":2,\"name\":\"le ministre de la sant\u00e9 \u00e0 Constantine : On ira de l&rsquo;avant avec ou sans vous\"}]},{\"@type\":\"WebSite\",\"@id\":\"https:\\\/\\\/www.info-algerie.com\\\/actualites\\\/#website\",\"url\":\"https:\\\/\\\/www.info-algerie.com\\\/actualites\\\/\",\"name\":\"info algerie\",\"description\":\"Toutes les actualit\u00e9s\",\"publisher\":{\"@id\":\"https:\\\/\\\/www.info-algerie.com\\\/actualites\\\/#organization\"},\"potentialAction\":[{\"@type\":\"SearchAction\",\"target\":{\"@type\":\"EntryPoint\",\"urlTemplate\":\"https:\\\/\\\/www.info-algerie.com\\\/actualites\\\/?s={search_term_string}\"},\"query-input\":{\"@type\":\"PropertyValueSpecification\",\"valueRequired\":true,\"valueName\":\"search_term_string\"}}],\"inLanguage\":\"fr-FR\"},{\"@type\":\"Organization\",\"@id\":\"https:\\\/\\\/www.info-algerie.com\\\/actualites\\\/#organization\",\"name\":\"info algerie\",\"url\":\"https:\\\/\\\/www.info-algerie.com\\\/actualites\\\/\",\"logo\":{\"@type\":\"ImageObject\",\"inLanguage\":\"fr-FR\",\"@id\":\"https:\\\/\\\/www.info-algerie.com\\\/actualites\\\/#\\\/schema\\\/logo\\\/image\\\/\",\"url\":\"https:\\\/\\\/www.info-algerie.com\\\/actualites\\\/wp-content\\\/uploads\\\/2022\\\/07\\\/logo-ia-120.png\",\"contentUrl\":\"https:\\\/\\\/www.info-algerie.com\\\/actualites\\\/wp-content\\\/uploads\\\/2022\\\/07\\\/logo-ia-120.png\",\"width\":120,\"height\":43,\"caption\":\"info algerie\"},\"image\":{\"@id\":\"https:\\\/\\\/www.info-algerie.com\\\/actualites\\\/#\\\/schema\\\/logo\\\/image\\\/\"},\"sameAs\":[\"https:\\\/\\\/www.facebook.com\\\/infoalgerieactu\",\"https:\\\/\\\/x.com\\\/infoalgerie1\"]},{\"@type\":\"Person\",\"@id\":\"https:\\\/\\\/www.info-algerie.com\\\/actualites\\\/#\\\/schema\\\/person\\\/847aaec44920825b843a08f30ec6aa1e\",\"name\":\"La r\u00e9daction\",\"image\":{\"@type\":\"ImageObject\",\"inLanguage\":\"fr-FR\",\"@id\":\"https:\\\/\\\/secure.gravatar.com\\\/avatar\\\/769db425c6f465158149f1ffd6cf61ce7a8a879d11dfbef8288af36dfddd418c?s=96&d=mm&r=g\",\"url\":\"https:\\\/\\\/secure.gravatar.com\\\/avatar\\\/769db425c6f465158149f1ffd6cf61ce7a8a879d11dfbef8288af36dfddd418c?s=96&d=mm&r=g\",\"contentUrl\":\"https:\\\/\\\/secure.gravatar.com\\\/avatar\\\/769db425c6f465158149f1ffd6cf61ce7a8a879d11dfbef8288af36dfddd418c?s=96&d=mm&r=g\",\"caption\":\"La r\u00e9daction\"},\"sameAs\":[\"http:\\\/\\\/www.lkeria.com\\\/\"],\"url\":\"https:\\\/\\\/www.info-algerie.com\\\/actualites\\\/author\\\/chakib32\\\/\"}]}<\/script>\n<!-- \/ Yoast SEO plugin. -->","yoast_head_json":{"title":"le ministre de la sant\u00e9 \u00e0 Constantine : On ira de l'avant avec ou sans vous","description":"le ministre de la sant\u00e9 \u00e0 Constantine : On ira de l'avant avec ou sans vous","robots":{"index":"index","follow":"follow","max-snippet":"max-snippet:-1","max-image-preview":"max-image-preview:large","max-video-preview":"max-video-preview:-1"},"canonical":"https:\/\/www.info-algerie.com\/actualites\/le-ministre-de-la-sante-a-constantine-on-ira-de-lavant-avec-ou-sans-vous\/","og_locale":"fr_FR","og_type":"article","og_title":"le ministre de la sant\u00e9 \u00e0 Constantine : On ira de l'avant avec ou sans vous","og_description":"le ministre de la sant\u00e9 \u00e0 Constantine : On ira de l'avant avec ou sans vous","og_url":"https:\/\/www.info-algerie.com\/actualites\/le-ministre-de-la-sante-a-constantine-on-ira-de-lavant-avec-ou-sans-vous\/","og_site_name":"info algerie","article_publisher":"https:\/\/www.facebook.com\/infoalgerieactu","article_published_time":"2015-09-12T23:00:00+00:00","article_modified_time":"2015-09-13T08:33:13+00:00","og_image":[{"width":400,"height":264,"url":"https:\/\/www.info-algerie.com\/actualites\/wp-content\/uploads\/2015\/09\/le-ministre-de-la-sant\u00e9-\u00e0-Constantine.jpg","type":"image\/jpeg"}],"author":"La r\u00e9daction","twitter_misc":{"\u00c9crit par":"La r\u00e9daction","Dur\u00e9e de lecture estim\u00e9e":"3 minutes"},"schema":{"@context":"https:\/\/schema.org","@graph":[{"@type":"Article","@id":"https:\/\/www.info-algerie.com\/actualites\/le-ministre-de-la-sante-a-constantine-on-ira-de-lavant-avec-ou-sans-vous\/#article","isPartOf":{"@id":"https:\/\/www.info-algerie.com\/actualites\/le-ministre-de-la-sante-a-constantine-on-ira-de-lavant-avec-ou-sans-vous\/"},"author":{"name":"La r\u00e9daction","@id":"https:\/\/www.info-algerie.com\/actualites\/#\/schema\/person\/847aaec44920825b843a08f30ec6aa1e"},"headline":"le ministre de la sant\u00e9 \u00e0 Constantine : On ira de l&rsquo;avant avec ou sans vous","datePublished":"2015-09-12T23:00:00+00:00","dateModified":"2015-09-13T08:33:13+00:00","mainEntityOfPage":{"@id":"https:\/\/www.info-algerie.com\/actualites\/le-ministre-de-la-sante-a-constantine-on-ira-de-lavant-avec-ou-sans-vous\/"},"wordCount":688,"commentCount":0,"publisher":{"@id":"https:\/\/www.info-algerie.com\/actualites\/#organization"},"image":{"@id":"https:\/\/www.info-algerie.com\/actualites\/le-ministre-de-la-sante-a-constantine-on-ira-de-lavant-avec-ou-sans-vous\/#primaryimage"},"thumbnailUrl":"https:\/\/www.info-algerie.com\/actualites\/wp-content\/uploads\/2015\/09\/le-ministre-de-la-sant\u00e9-\u00e0-Constantine.jpg","keywords":["alg\u00e9rie","ONU","sant\u00e9"],"articleSection":["infos"],"inLanguage":"fr-FR","potentialAction":[{"@type":"CommentAction","name":"Comment","target":["https:\/\/www.info-algerie.com\/actualites\/le-ministre-de-la-sante-a-constantine-on-ira-de-lavant-avec-ou-sans-vous\/#respond"]}]},{"@type":"WebPage","@id":"https:\/\/www.info-algerie.com\/actualites\/le-ministre-de-la-sante-a-constantine-on-ira-de-lavant-avec-ou-sans-vous\/","url":"https:\/\/www.info-algerie.com\/actualites\/le-ministre-de-la-sante-a-constantine-on-ira-de-lavant-avec-ou-sans-vous\/","name":"le ministre de la sant\u00e9 \u00e0 Constantine : On ira de l'avant avec ou sans vous","isPartOf":{"@id":"https:\/\/www.info-algerie.com\/actualites\/#website"},"primaryImageOfPage":{"@id":"https:\/\/www.info-algerie.com\/actualites\/le-ministre-de-la-sante-a-constantine-on-ira-de-lavant-avec-ou-sans-vous\/#primaryimage"},"image":{"@id":"https:\/\/www.info-algerie.com\/actualites\/le-ministre-de-la-sante-a-constantine-on-ira-de-lavant-avec-ou-sans-vous\/#primaryimage"},"thumbnailUrl":"https:\/\/www.info-algerie.com\/actualites\/wp-content\/uploads\/2015\/09\/le-ministre-de-la-sant\u00e9-\u00e0-Constantine.jpg","datePublished":"2015-09-12T23:00:00+00:00","dateModified":"2015-09-13T08:33:13+00:00","description":"le ministre de la sant\u00e9 \u00e0 Constantine : On ira de l'avant avec ou sans vous","breadcrumb":{"@id":"https:\/\/www.info-algerie.com\/actualites\/le-ministre-de-la-sante-a-constantine-on-ira-de-lavant-avec-ou-sans-vous\/#breadcrumb"},"inLanguage":"fr-FR","potentialAction":[{"@type":"ReadAction","target":["https:\/\/www.info-algerie.com\/actualites\/le-ministre-de-la-sante-a-constantine-on-ira-de-lavant-avec-ou-sans-vous\/"]}]},{"@type":"ImageObject","inLanguage":"fr-FR","@id":"https:\/\/www.info-algerie.com\/actualites\/le-ministre-de-la-sante-a-constantine-on-ira-de-lavant-avec-ou-sans-vous\/#primaryimage","url":"https:\/\/www.info-algerie.com\/actualites\/wp-content\/uploads\/2015\/09\/le-ministre-de-la-sant\u00e9-\u00e0-Constantine.jpg","contentUrl":"https:\/\/www.info-algerie.com\/actualites\/wp-content\/uploads\/2015\/09\/le-ministre-de-la-sant\u00e9-\u00e0-Constantine.jpg","width":400,"height":264,"caption":"le ministre de la sant\u00e9 \u00e0 Constantine"},{"@type":"BreadcrumbList","@id":"https:\/\/www.info-algerie.com\/actualites\/le-ministre-de-la-sante-a-constantine-on-ira-de-lavant-avec-ou-sans-vous\/#breadcrumb","itemListElement":[{"@type":"ListItem","position":1,"name":"Accueil","item":"https:\/\/www.info-algerie.com\/actualites\/"},{"@type":"ListItem","position":2,"name":"le ministre de la sant\u00e9 \u00e0 Constantine : On ira de l&rsquo;avant avec ou sans vous"}]},{"@type":"WebSite","@id":"https:\/\/www.info-algerie.com\/actualites\/#website","url":"https:\/\/www.info-algerie.com\/actualites\/","name":"info algerie","description":"Toutes les actualit\u00e9s","publisher":{"@id":"https:\/\/www.info-algerie.com\/actualites\/#organization"},"potentialAction":[{"@type":"SearchAction","target":{"@type":"EntryPoint","urlTemplate":"https:\/\/www.info-algerie.com\/actualites\/?s={search_term_string}"},"query-input":{"@type":"PropertyValueSpecification","valueRequired":true,"valueName":"search_term_string"}}],"inLanguage":"fr-FR"},{"@type":"Organization","@id":"https:\/\/www.info-algerie.com\/actualites\/#organization","name":"info algerie","url":"https:\/\/www.info-algerie.com\/actualites\/","logo":{"@type":"ImageObject","inLanguage":"fr-FR","@id":"https:\/\/www.info-algerie.com\/actualites\/#\/schema\/logo\/image\/","url":"https:\/\/www.info-algerie.com\/actualites\/wp-content\/uploads\/2022\/07\/logo-ia-120.png","contentUrl":"https:\/\/www.info-algerie.com\/actualites\/wp-content\/uploads\/2022\/07\/logo-ia-120.png","width":120,"height":43,"caption":"info algerie"},"image":{"@id":"https:\/\/www.info-algerie.com\/actualites\/#\/schema\/logo\/image\/"},"sameAs":["https:\/\/www.facebook.com\/infoalgerieactu","https:\/\/x.com\/infoalgerie1"]},{"@type":"Person","@id":"https:\/\/www.info-algerie.com\/actualites\/#\/schema\/person\/847aaec44920825b843a08f30ec6aa1e","name":"La r\u00e9daction","image":{"@type":"ImageObject","inLanguage":"fr-FR","@id":"https:\/\/secure.gravatar.com\/avatar\/769db425c6f465158149f1ffd6cf61ce7a8a879d11dfbef8288af36dfddd418c?s=96&d=mm&r=g","url":"https:\/\/secure.gravatar.com\/avatar\/769db425c6f465158149f1ffd6cf61ce7a8a879d11dfbef8288af36dfddd418c?s=96&d=mm&r=g","contentUrl":"https:\/\/secure.gravatar.com\/avatar\/769db425c6f465158149f1ffd6cf61ce7a8a879d11dfbef8288af36dfddd418c?s=96&d=mm&r=g","caption":"La r\u00e9daction"},"sameAs":["http:\/\/www.lkeria.com\/"],"url":"https:\/\/www.info-algerie.com\/actualites\/author\/chakib32\/"}]}},"_links":{"self":[{"href":"https:\/\/www.info-algerie.com\/actualites\/wp-json\/wp\/v2\/posts\/789","targetHints":{"allow":["GET"]}}],"collection":[{"href":"https:\/\/www.info-algerie.com\/actualites\/wp-json\/wp\/v2\/posts"}],"about":[{"href":"https:\/\/www.info-algerie.com\/actualites\/wp-json\/wp\/v2\/types\/post"}],"author":[{"embeddable":true,"href":"https:\/\/www.info-algerie.com\/actualites\/wp-json\/wp\/v2\/users\/6"}],"replies":[{"embeddable":true,"href":"https:\/\/www.info-algerie.com\/actualites\/wp-json\/wp\/v2\/comments?post=789"}],"version-history":[{"count":2,"href":"https:\/\/www.info-algerie.com\/actualites\/wp-json\/wp\/v2\/posts\/789\/revisions"}],"predecessor-version":[{"id":794,"href":"https:\/\/www.info-algerie.com\/actualites\/wp-json\/wp\/v2\/posts\/789\/revisions\/794"}],"wp:featuredmedia":[{"embeddable":true,"href":"https:\/\/www.info-algerie.com\/actualites\/wp-json\/wp\/v2\/media\/793"}],"wp:attachment":[{"href":"https:\/\/www.info-algerie.com\/actualites\/wp-json\/wp\/v2\/media?parent=789"}],"wp:term":[{"taxonomy":"category","embeddable":true,"href":"https:\/\/www.info-algerie.com\/actualites\/wp-json\/wp\/v2\/categories?post=789"},{"taxonomy":"post_tag","embeddable":true,"href":"https:\/\/www.info-algerie.com\/actualites\/wp-json\/wp\/v2\/tags?post=789"}],"curies":[{"name":"wp","href":"https:\/\/api.w.org\/{rel}","templated":true}]}}