{"id":7927,"date":"2016-08-08T18:37:41","date_gmt":"2016-08-08T17:37:41","guid":{"rendered":"http:\/\/www.info-algerie.com\/actualites\/trois-narcotrafiquants-apprehendes-et-pres-de-700-kg-de-kif-traite-saisis-a-tlemcen\/"},"modified":"2016-08-08T18:37:41","modified_gmt":"2016-08-08T17:37:41","slug":"trois-narcotrafiquants-apprehendes-et-pres-de-700-kg-de-kif-traite-saisis-a-tlemcen","status":"publish","type":"post","link":"https:\/\/www.info-algerie.com\/actualites\/trois-narcotrafiquants-apprehendes-et-pres-de-700-kg-de-kif-traite-saisis-a-tlemcen\/","title":{"rendered":"Trois narcotrafiquants appr\u00e9hend\u00e9s et pr\u00e9s de 700 Kg de kif trait\u00e9 saisis \u00e0 Tlemcen"},"content":{"rendered":"<div class=\"K2FeedImage\"><img decoding=\"async\" src=\"https:\/\/www.info-algerie.com\/actualites\/wp-content\/uploads\/2016\/08\/c5110712c1dbfd809b00c32f2710fbb6_S.jpg\" alt=\"Trois narcotrafiquants appr&#xE9;hend&#xE9;s et pr&#xE9;s de 700 Kg de kif trait&#xE9; saisis &#xE0; Tlemcen\" \/><\/div>\n<div class=\"K2FeedIntroText\"> ALGER- Trois (03) narcotrafiquants ont \u00e9t\u00e9 appr\u00e9hend\u00e9s dimanche \u00e0 Maghnia et Remchi (Tlemcen) par des \u00e9l\u00e9ments de la Gendarmerie Nationale, qui ont saisi pr\u00e8s de 700 Kg de kif trait\u00e9 et un v\u00e9hicule touristique, indique lundi un communiqu\u00e9 du minist\u00e8re de la D\u00e9fense nationale \u00ab\u00a0Dans le cadre de la lutte\u2026<\/div>\n<p>&#013;<br \/>\nSource: <a href=\"http:\/\/www.aps.dz\/algerie\/45455-trois-narcotrafiquants-appr%C3%A9hend%C3%A9s-et-pr%C3%A9s-de-700-kg-de-kif-trait%C3%A9-saisis-%C3%A0-tlemcen\" target=\"_blank\">Trois narcotrafiquants appr\u00e9hend\u00e9s et pr\u00e9s de 700 Kg de kif trait\u00e9 saisis \u00e0 Tlemcen<\/a><\/p>\n<!--CusAds0-->\n<div style=\"font-size: 0px; height: 0px; line-height: 0px; margin: 0; padding: 0; clear: both;\"><\/div>","protected":false},"excerpt":{"rendered":"<p>ALGER- Trois (03) narcotrafiquants ont \u00e9t\u00e9 appr\u00e9hend\u00e9s dimanche \u00e0 Maghnia et Remchi (Tlemcen) par des \u00e9l\u00e9ments de la Gendarmerie Nationale, qui ont saisi pr\u00e8s de 700 Kg de kif trait\u00e9 et un v\u00e9hicule touristique, indique lundi un communiqu\u00e9 du minist\u00e8re de la D\u00e9fense nationale \u00ab\u00a0Dans le cadre de la lutte\u2026 &#013; Source: Trois narcotrafiquants appr\u00e9hend\u00e9s<\/p>\n","protected":false},"author":6,"featured_media":7928,"comment_status":"open","ping_status":"open","sticky":false,"template":"","format":"standard","meta":{"footnotes":""},"categories":[22],"tags":[93],"class_list":["post-7927","post","type-post","status-publish","format-standard","has-post-thumbnail","hentry","category-infos","tag-onu"],"yoast_head":"<!-- This site is optimized with the Yoast SEO plugin v27.5 - https:\/\/yoast.com\/product\/yoast-seo-wordpress\/ -->\n<title>Trois narcotrafiquants appr\u00e9hend\u00e9s et pr\u00e9s de 700 Kg de kif trait\u00e9 saisis \u00e0 Tlemcen - info algerie<\/title>\n<meta name=\"robots\" content=\"index, follow, max-snippet:-1, max-image-preview:large, max-video-preview:-1\" \/>\n<link rel=\"canonical\" href=\"https:\/\/www.info-algerie.com\/actualites\/trois-narcotrafiquants-apprehendes-et-pres-de-700-kg-de-kif-traite-saisis-a-tlemcen\/\" \/>\n<meta property=\"og:locale\" content=\"fr_FR\" \/>\n<meta property=\"og:type\" content=\"article\" \/>\n<meta property=\"og:title\" content=\"Trois narcotrafiquants appr\u00e9hend\u00e9s et pr\u00e9s de 700 Kg de kif trait\u00e9 saisis \u00e0 Tlemcen - info algerie\" \/>\n<meta property=\"og:description\" content=\"ALGER- Trois (03) narcotrafiquants ont \u00e9t\u00e9 appr\u00e9hend\u00e9s dimanche \u00e0 Maghnia et Remchi (Tlemcen) par des \u00e9l\u00e9ments de la Gendarmerie Nationale, qui ont saisi pr\u00e8s de 700 Kg de kif trait\u00e9 et un v\u00e9hicule touristique, indique lundi un communiqu\u00e9 du minist\u00e8re de la D\u00e9fense nationale \u00ab\u00a0Dans le cadre de la lutte\u2026 &#013; Source: Trois narcotrafiquants appr\u00e9hend\u00e9s\" \/>\n<meta property=\"og:url\" content=\"https:\/\/www.info-algerie.com\/actualites\/trois-narcotrafiquants-apprehendes-et-pres-de-700-kg-de-kif-traite-saisis-a-tlemcen\/\" \/>\n<meta property=\"og:site_name\" content=\"info algerie\" \/>\n<meta property=\"article:publisher\" content=\"https:\/\/www.facebook.com\/infoalgerieactu\" \/>\n<meta property=\"article:published_time\" content=\"2016-08-08T17:37:41+00:00\" \/>\n<meta property=\"og:image\" content=\"https:\/\/www.info-algerie.com\/actualites\/wp-content\/uploads\/2016\/08\/c5110712c1dbfd809b00c32f2710fbb6_S-1.jpg\" \/>\n\t<meta property=\"og:image:width\" content=\"150\" \/>\n\t<meta property=\"og:image:height\" content=\"85\" \/>\n\t<meta property=\"og:image:type\" content=\"image\/jpeg\" \/>\n<meta name=\"author\" content=\"La r\u00e9daction\" \/>\n<meta name=\"twitter:label1\" content=\"\u00c9crit par\" \/>\n\t<meta name=\"twitter:data1\" content=\"La r\u00e9daction\" \/>\n<script type=\"application\/ld+json\" class=\"yoast-schema-graph\">{\"@context\":\"https:\\\/\\\/schema.org\",\"@graph\":[{\"@type\":\"Article\",\"@id\":\"https:\\\/\\\/www.info-algerie.com\\\/actualites\\\/trois-narcotrafiquants-apprehendes-et-pres-de-700-kg-de-kif-traite-saisis-a-tlemcen\\\/#article\",\"isPartOf\":{\"@id\":\"https:\\\/\\\/www.info-algerie.com\\\/actualites\\\/trois-narcotrafiquants-apprehendes-et-pres-de-700-kg-de-kif-traite-saisis-a-tlemcen\\\/\"},\"author\":{\"name\":\"La r\u00e9daction\",\"@id\":\"https:\\\/\\\/www.info-algerie.com\\\/actualites\\\/#\\\/schema\\\/person\\\/847aaec44920825b843a08f30ec6aa1e\"},\"headline\":\"Trois narcotrafiquants appr\u00e9hend\u00e9s et pr\u00e9s de 700 Kg de kif trait\u00e9 saisis \u00e0 Tlemcen\",\"datePublished\":\"2016-08-08T17:37:41+00:00\",\"mainEntityOfPage\":{\"@id\":\"https:\\\/\\\/www.info-algerie.com\\\/actualites\\\/trois-narcotrafiquants-apprehendes-et-pres-de-700-kg-de-kif-traite-saisis-a-tlemcen\\\/\"},\"wordCount\":85,\"commentCount\":0,\"publisher\":{\"@id\":\"https:\\\/\\\/www.info-algerie.com\\\/actualites\\\/#organization\"},\"image\":{\"@id\":\"https:\\\/\\\/www.info-algerie.com\\\/actualites\\\/trois-narcotrafiquants-apprehendes-et-pres-de-700-kg-de-kif-traite-saisis-a-tlemcen\\\/#primaryimage\"},\"thumbnailUrl\":\"https:\\\/\\\/www.info-algerie.com\\\/actualites\\\/wp-content\\\/uploads\\\/2016\\\/08\\\/c5110712c1dbfd809b00c32f2710fbb6_S-1.jpg\",\"keywords\":[\"ONU\"],\"articleSection\":[\"infos\"],\"inLanguage\":\"fr-FR\",\"potentialAction\":[{\"@type\":\"CommentAction\",\"name\":\"Comment\",\"target\":[\"https:\\\/\\\/www.info-algerie.com\\\/actualites\\\/trois-narcotrafiquants-apprehendes-et-pres-de-700-kg-de-kif-traite-saisis-a-tlemcen\\\/#respond\"]}]},{\"@type\":\"WebPage\",\"@id\":\"https:\\\/\\\/www.info-algerie.com\\\/actualites\\\/trois-narcotrafiquants-apprehendes-et-pres-de-700-kg-de-kif-traite-saisis-a-tlemcen\\\/\",\"url\":\"https:\\\/\\\/www.info-algerie.com\\\/actualites\\\/trois-narcotrafiquants-apprehendes-et-pres-de-700-kg-de-kif-traite-saisis-a-tlemcen\\\/\",\"name\":\"Trois narcotrafiquants appr\u00e9hend\u00e9s et pr\u00e9s de 700 Kg de kif trait\u00e9 saisis \u00e0 Tlemcen - info algerie\",\"isPartOf\":{\"@id\":\"https:\\\/\\\/www.info-algerie.com\\\/actualites\\\/#website\"},\"primaryImageOfPage\":{\"@id\":\"https:\\\/\\\/www.info-algerie.com\\\/actualites\\\/trois-narcotrafiquants-apprehendes-et-pres-de-700-kg-de-kif-traite-saisis-a-tlemcen\\\/#primaryimage\"},\"image\":{\"@id\":\"https:\\\/\\\/www.info-algerie.com\\\/actualites\\\/trois-narcotrafiquants-apprehendes-et-pres-de-700-kg-de-kif-traite-saisis-a-tlemcen\\\/#primaryimage\"},\"thumbnailUrl\":\"https:\\\/\\\/www.info-algerie.com\\\/actualites\\\/wp-content\\\/uploads\\\/2016\\\/08\\\/c5110712c1dbfd809b00c32f2710fbb6_S-1.jpg\",\"datePublished\":\"2016-08-08T17:37:41+00:00\",\"breadcrumb\":{\"@id\":\"https:\\\/\\\/www.info-algerie.com\\\/actualites\\\/trois-narcotrafiquants-apprehendes-et-pres-de-700-kg-de-kif-traite-saisis-a-tlemcen\\\/#breadcrumb\"},\"inLanguage\":\"fr-FR\",\"potentialAction\":[{\"@type\":\"ReadAction\",\"target\":[\"https:\\\/\\\/www.info-algerie.com\\\/actualites\\\/trois-narcotrafiquants-apprehendes-et-pres-de-700-kg-de-kif-traite-saisis-a-tlemcen\\\/\"]}]},{\"@type\":\"ImageObject\",\"inLanguage\":\"fr-FR\",\"@id\":\"https:\\\/\\\/www.info-algerie.com\\\/actualites\\\/trois-narcotrafiquants-apprehendes-et-pres-de-700-kg-de-kif-traite-saisis-a-tlemcen\\\/#primaryimage\",\"url\":\"https:\\\/\\\/www.info-algerie.com\\\/actualites\\\/wp-content\\\/uploads\\\/2016\\\/08\\\/c5110712c1dbfd809b00c32f2710fbb6_S-1.jpg\",\"contentUrl\":\"https:\\\/\\\/www.info-algerie.com\\\/actualites\\\/wp-content\\\/uploads\\\/2016\\\/08\\\/c5110712c1dbfd809b00c32f2710fbb6_S-1.jpg\",\"width\":150,\"height\":85},{\"@type\":\"BreadcrumbList\",\"@id\":\"https:\\\/\\\/www.info-algerie.com\\\/actualites\\\/trois-narcotrafiquants-apprehendes-et-pres-de-700-kg-de-kif-traite-saisis-a-tlemcen\\\/#breadcrumb\",\"itemListElement\":[{\"@type\":\"ListItem\",\"position\":1,\"name\":\"Accueil\",\"item\":\"https:\\\/\\\/www.info-algerie.com\\\/actualites\\\/\"},{\"@type\":\"ListItem\",\"position\":2,\"name\":\"Trois narcotrafiquants appr\u00e9hend\u00e9s et pr\u00e9s de 700 Kg de kif trait\u00e9 saisis \u00e0 Tlemcen\"}]},{\"@type\":\"WebSite\",\"@id\":\"https:\\\/\\\/www.info-algerie.com\\\/actualites\\\/#website\",\"url\":\"https:\\\/\\\/www.info-algerie.com\\\/actualites\\\/\",\"name\":\"info algerie\",\"description\":\"Toutes les actualit\u00e9s\",\"publisher\":{\"@id\":\"https:\\\/\\\/www.info-algerie.com\\\/actualites\\\/#organization\"},\"potentialAction\":[{\"@type\":\"SearchAction\",\"target\":{\"@type\":\"EntryPoint\",\"urlTemplate\":\"https:\\\/\\\/www.info-algerie.com\\\/actualites\\\/?s={search_term_string}\"},\"query-input\":{\"@type\":\"PropertyValueSpecification\",\"valueRequired\":true,\"valueName\":\"search_term_string\"}}],\"inLanguage\":\"fr-FR\"},{\"@type\":\"Organization\",\"@id\":\"https:\\\/\\\/www.info-algerie.com\\\/actualites\\\/#organization\",\"name\":\"info algerie\",\"url\":\"https:\\\/\\\/www.info-algerie.com\\\/actualites\\\/\",\"logo\":{\"@type\":\"ImageObject\",\"inLanguage\":\"fr-FR\",\"@id\":\"https:\\\/\\\/www.info-algerie.com\\\/actualites\\\/#\\\/schema\\\/logo\\\/image\\\/\",\"url\":\"https:\\\/\\\/www.info-algerie.com\\\/actualites\\\/wp-content\\\/uploads\\\/2022\\\/07\\\/logo-ia-120.png\",\"contentUrl\":\"https:\\\/\\\/www.info-algerie.com\\\/actualites\\\/wp-content\\\/uploads\\\/2022\\\/07\\\/logo-ia-120.png\",\"width\":120,\"height\":43,\"caption\":\"info algerie\"},\"image\":{\"@id\":\"https:\\\/\\\/www.info-algerie.com\\\/actualites\\\/#\\\/schema\\\/logo\\\/image\\\/\"},\"sameAs\":[\"https:\\\/\\\/www.facebook.com\\\/infoalgerieactu\",\"https:\\\/\\\/x.com\\\/infoalgerie1\"]},{\"@type\":\"Person\",\"@id\":\"https:\\\/\\\/www.info-algerie.com\\\/actualites\\\/#\\\/schema\\\/person\\\/847aaec44920825b843a08f30ec6aa1e\",\"name\":\"La r\u00e9daction\",\"image\":{\"@type\":\"ImageObject\",\"inLanguage\":\"fr-FR\",\"@id\":\"https:\\\/\\\/secure.gravatar.com\\\/avatar\\\/769db425c6f465158149f1ffd6cf61ce7a8a879d11dfbef8288af36dfddd418c?s=96&d=mm&r=g\",\"url\":\"https:\\\/\\\/secure.gravatar.com\\\/avatar\\\/769db425c6f465158149f1ffd6cf61ce7a8a879d11dfbef8288af36dfddd418c?s=96&d=mm&r=g\",\"contentUrl\":\"https:\\\/\\\/secure.gravatar.com\\\/avatar\\\/769db425c6f465158149f1ffd6cf61ce7a8a879d11dfbef8288af36dfddd418c?s=96&d=mm&r=g\",\"caption\":\"La r\u00e9daction\"},\"sameAs\":[\"http:\\\/\\\/www.lkeria.com\\\/\"],\"url\":\"https:\\\/\\\/www.info-algerie.com\\\/actualites\\\/author\\\/chakib32\\\/\"}]}<\/script>\n<!-- \/ Yoast SEO plugin. -->","yoast_head_json":{"title":"Trois narcotrafiquants appr\u00e9hend\u00e9s et pr\u00e9s de 700 Kg de kif trait\u00e9 saisis \u00e0 Tlemcen - info algerie","robots":{"index":"index","follow":"follow","max-snippet":"max-snippet:-1","max-image-preview":"max-image-preview:large","max-video-preview":"max-video-preview:-1"},"canonical":"https:\/\/www.info-algerie.com\/actualites\/trois-narcotrafiquants-apprehendes-et-pres-de-700-kg-de-kif-traite-saisis-a-tlemcen\/","og_locale":"fr_FR","og_type":"article","og_title":"Trois narcotrafiquants appr\u00e9hend\u00e9s et pr\u00e9s de 700 Kg de kif trait\u00e9 saisis \u00e0 Tlemcen - info algerie","og_description":"ALGER- Trois (03) narcotrafiquants ont \u00e9t\u00e9 appr\u00e9hend\u00e9s dimanche \u00e0 Maghnia et Remchi (Tlemcen) par des \u00e9l\u00e9ments de la Gendarmerie Nationale, qui ont saisi pr\u00e8s de 700 Kg de kif trait\u00e9 et un v\u00e9hicule touristique, indique lundi un communiqu\u00e9 du minist\u00e8re de la D\u00e9fense nationale \u00ab\u00a0Dans le cadre de la lutte\u2026 &#013; Source: Trois narcotrafiquants appr\u00e9hend\u00e9s","og_url":"https:\/\/www.info-algerie.com\/actualites\/trois-narcotrafiquants-apprehendes-et-pres-de-700-kg-de-kif-traite-saisis-a-tlemcen\/","og_site_name":"info algerie","article_publisher":"https:\/\/www.facebook.com\/infoalgerieactu","article_published_time":"2016-08-08T17:37:41+00:00","og_image":[{"width":150,"height":85,"url":"https:\/\/www.info-algerie.com\/actualites\/wp-content\/uploads\/2016\/08\/c5110712c1dbfd809b00c32f2710fbb6_S-1.jpg","type":"image\/jpeg"}],"author":"La r\u00e9daction","twitter_misc":{"\u00c9crit par":"La r\u00e9daction"},"schema":{"@context":"https:\/\/schema.org","@graph":[{"@type":"Article","@id":"https:\/\/www.info-algerie.com\/actualites\/trois-narcotrafiquants-apprehendes-et-pres-de-700-kg-de-kif-traite-saisis-a-tlemcen\/#article","isPartOf":{"@id":"https:\/\/www.info-algerie.com\/actualites\/trois-narcotrafiquants-apprehendes-et-pres-de-700-kg-de-kif-traite-saisis-a-tlemcen\/"},"author":{"name":"La r\u00e9daction","@id":"https:\/\/www.info-algerie.com\/actualites\/#\/schema\/person\/847aaec44920825b843a08f30ec6aa1e"},"headline":"Trois narcotrafiquants appr\u00e9hend\u00e9s et pr\u00e9s de 700 Kg de kif trait\u00e9 saisis \u00e0 Tlemcen","datePublished":"2016-08-08T17:37:41+00:00","mainEntityOfPage":{"@id":"https:\/\/www.info-algerie.com\/actualites\/trois-narcotrafiquants-apprehendes-et-pres-de-700-kg-de-kif-traite-saisis-a-tlemcen\/"},"wordCount":85,"commentCount":0,"publisher":{"@id":"https:\/\/www.info-algerie.com\/actualites\/#organization"},"image":{"@id":"https:\/\/www.info-algerie.com\/actualites\/trois-narcotrafiquants-apprehendes-et-pres-de-700-kg-de-kif-traite-saisis-a-tlemcen\/#primaryimage"},"thumbnailUrl":"https:\/\/www.info-algerie.com\/actualites\/wp-content\/uploads\/2016\/08\/c5110712c1dbfd809b00c32f2710fbb6_S-1.jpg","keywords":["ONU"],"articleSection":["infos"],"inLanguage":"fr-FR","potentialAction":[{"@type":"CommentAction","name":"Comment","target":["https:\/\/www.info-algerie.com\/actualites\/trois-narcotrafiquants-apprehendes-et-pres-de-700-kg-de-kif-traite-saisis-a-tlemcen\/#respond"]}]},{"@type":"WebPage","@id":"https:\/\/www.info-algerie.com\/actualites\/trois-narcotrafiquants-apprehendes-et-pres-de-700-kg-de-kif-traite-saisis-a-tlemcen\/","url":"https:\/\/www.info-algerie.com\/actualites\/trois-narcotrafiquants-apprehendes-et-pres-de-700-kg-de-kif-traite-saisis-a-tlemcen\/","name":"Trois narcotrafiquants appr\u00e9hend\u00e9s et pr\u00e9s de 700 Kg de kif trait\u00e9 saisis \u00e0 Tlemcen - info algerie","isPartOf":{"@id":"https:\/\/www.info-algerie.com\/actualites\/#website"},"primaryImageOfPage":{"@id":"https:\/\/www.info-algerie.com\/actualites\/trois-narcotrafiquants-apprehendes-et-pres-de-700-kg-de-kif-traite-saisis-a-tlemcen\/#primaryimage"},"image":{"@id":"https:\/\/www.info-algerie.com\/actualites\/trois-narcotrafiquants-apprehendes-et-pres-de-700-kg-de-kif-traite-saisis-a-tlemcen\/#primaryimage"},"thumbnailUrl":"https:\/\/www.info-algerie.com\/actualites\/wp-content\/uploads\/2016\/08\/c5110712c1dbfd809b00c32f2710fbb6_S-1.jpg","datePublished":"2016-08-08T17:37:41+00:00","breadcrumb":{"@id":"https:\/\/www.info-algerie.com\/actualites\/trois-narcotrafiquants-apprehendes-et-pres-de-700-kg-de-kif-traite-saisis-a-tlemcen\/#breadcrumb"},"inLanguage":"fr-FR","potentialAction":[{"@type":"ReadAction","target":["https:\/\/www.info-algerie.com\/actualites\/trois-narcotrafiquants-apprehendes-et-pres-de-700-kg-de-kif-traite-saisis-a-tlemcen\/"]}]},{"@type":"ImageObject","inLanguage":"fr-FR","@id":"https:\/\/www.info-algerie.com\/actualites\/trois-narcotrafiquants-apprehendes-et-pres-de-700-kg-de-kif-traite-saisis-a-tlemcen\/#primaryimage","url":"https:\/\/www.info-algerie.com\/actualites\/wp-content\/uploads\/2016\/08\/c5110712c1dbfd809b00c32f2710fbb6_S-1.jpg","contentUrl":"https:\/\/www.info-algerie.com\/actualites\/wp-content\/uploads\/2016\/08\/c5110712c1dbfd809b00c32f2710fbb6_S-1.jpg","width":150,"height":85},{"@type":"BreadcrumbList","@id":"https:\/\/www.info-algerie.com\/actualites\/trois-narcotrafiquants-apprehendes-et-pres-de-700-kg-de-kif-traite-saisis-a-tlemcen\/#breadcrumb","itemListElement":[{"@type":"ListItem","position":1,"name":"Accueil","item":"https:\/\/www.info-algerie.com\/actualites\/"},{"@type":"ListItem","position":2,"name":"Trois narcotrafiquants appr\u00e9hend\u00e9s et pr\u00e9s de 700 Kg de kif trait\u00e9 saisis \u00e0 Tlemcen"}]},{"@type":"WebSite","@id":"https:\/\/www.info-algerie.com\/actualites\/#website","url":"https:\/\/www.info-algerie.com\/actualites\/","name":"info algerie","description":"Toutes les actualit\u00e9s","publisher":{"@id":"https:\/\/www.info-algerie.com\/actualites\/#organization"},"potentialAction":[{"@type":"SearchAction","target":{"@type":"EntryPoint","urlTemplate":"https:\/\/www.info-algerie.com\/actualites\/?s={search_term_string}"},"query-input":{"@type":"PropertyValueSpecification","valueRequired":true,"valueName":"search_term_string"}}],"inLanguage":"fr-FR"},{"@type":"Organization","@id":"https:\/\/www.info-algerie.com\/actualites\/#organization","name":"info algerie","url":"https:\/\/www.info-algerie.com\/actualites\/","logo":{"@type":"ImageObject","inLanguage":"fr-FR","@id":"https:\/\/www.info-algerie.com\/actualites\/#\/schema\/logo\/image\/","url":"https:\/\/www.info-algerie.com\/actualites\/wp-content\/uploads\/2022\/07\/logo-ia-120.png","contentUrl":"https:\/\/www.info-algerie.com\/actualites\/wp-content\/uploads\/2022\/07\/logo-ia-120.png","width":120,"height":43,"caption":"info algerie"},"image":{"@id":"https:\/\/www.info-algerie.com\/actualites\/#\/schema\/logo\/image\/"},"sameAs":["https:\/\/www.facebook.com\/infoalgerieactu","https:\/\/x.com\/infoalgerie1"]},{"@type":"Person","@id":"https:\/\/www.info-algerie.com\/actualites\/#\/schema\/person\/847aaec44920825b843a08f30ec6aa1e","name":"La r\u00e9daction","image":{"@type":"ImageObject","inLanguage":"fr-FR","@id":"https:\/\/secure.gravatar.com\/avatar\/769db425c6f465158149f1ffd6cf61ce7a8a879d11dfbef8288af36dfddd418c?s=96&d=mm&r=g","url":"https:\/\/secure.gravatar.com\/avatar\/769db425c6f465158149f1ffd6cf61ce7a8a879d11dfbef8288af36dfddd418c?s=96&d=mm&r=g","contentUrl":"https:\/\/secure.gravatar.com\/avatar\/769db425c6f465158149f1ffd6cf61ce7a8a879d11dfbef8288af36dfddd418c?s=96&d=mm&r=g","caption":"La r\u00e9daction"},"sameAs":["http:\/\/www.lkeria.com\/"],"url":"https:\/\/www.info-algerie.com\/actualites\/author\/chakib32\/"}]}},"_links":{"self":[{"href":"https:\/\/www.info-algerie.com\/actualites\/wp-json\/wp\/v2\/posts\/7927","targetHints":{"allow":["GET"]}}],"collection":[{"href":"https:\/\/www.info-algerie.com\/actualites\/wp-json\/wp\/v2\/posts"}],"about":[{"href":"https:\/\/www.info-algerie.com\/actualites\/wp-json\/wp\/v2\/types\/post"}],"author":[{"embeddable":true,"href":"https:\/\/www.info-algerie.com\/actualites\/wp-json\/wp\/v2\/users\/6"}],"replies":[{"embeddable":true,"href":"https:\/\/www.info-algerie.com\/actualites\/wp-json\/wp\/v2\/comments?post=7927"}],"version-history":[{"count":0,"href":"https:\/\/www.info-algerie.com\/actualites\/wp-json\/wp\/v2\/posts\/7927\/revisions"}],"wp:featuredmedia":[{"embeddable":true,"href":"https:\/\/www.info-algerie.com\/actualites\/wp-json\/wp\/v2\/media\/7928"}],"wp:attachment":[{"href":"https:\/\/www.info-algerie.com\/actualites\/wp-json\/wp\/v2\/media?parent=7927"}],"wp:term":[{"taxonomy":"category","embeddable":true,"href":"https:\/\/www.info-algerie.com\/actualites\/wp-json\/wp\/v2\/categories?post=7927"},{"taxonomy":"post_tag","embeddable":true,"href":"https:\/\/www.info-algerie.com\/actualites\/wp-json\/wp\/v2\/tags?post=7927"}],"curies":[{"name":"wp","href":"https:\/\/api.w.org\/{rel}","templated":true}]}}