{"id":831,"date":"2015-09-14T14:11:09","date_gmt":"2015-09-14T13:11:09","guid":{"rendered":"http:\/\/www.info-algerie.com\/actualites\/formation-professionnelle-la-rentree-2015-sera-marquee-par-le-developpement-des-centres-dexcellence\/"},"modified":"2015-09-14T14:11:09","modified_gmt":"2015-09-14T13:11:09","slug":"formation-professionnelle-la-rentree-2015-sera-marquee-par-le-developpement-des-centres-dexcellence","status":"publish","type":"post","link":"https:\/\/www.info-algerie.com\/actualites\/formation-professionnelle-la-rentree-2015-sera-marquee-par-le-developpement-des-centres-dexcellence\/","title":{"rendered":"Formation professionnelle : la rentr\u00e9e 2015 sera marqu\u00e9e par le &quot;d\u00e9veloppement des centres d&#039;excellence&quot;"},"content":{"rendered":"<div class=\"K2FeedImage\"><img decoding=\"async\" src=\"\" \/><\/div>\n<div class=\"K2FeedIntroText\"> ALGER &#8211; La rentr\u00e9e du secteur de la Formation professionnelle 2015, pr\u00e9vue le 27 septembre, sera marqu\u00e9e par \u00ab\u00a0le d\u00e9veloppement des centres d&rsquo;excellence\u00a0\u00bb en partenariat avec des op\u00e9rateurs \u00e9conomiques publics et priv\u00e9s, a indiqu\u00e9 lundi le ministre de la Formation et de l&rsquo;enseignement professionnels, M. Mohamed Mebarki. \u00ab\u00a0La prochaine rentr\u00e9e\u2026<\/div>\n<p>&#013;<br \/>\nSource: <a href=\"http:\/\/www.aps.dz\/algerie\/28543-formation-professionnelle-la-rentr%C3%A9e-2015-sera-marqu%C3%A9e-par-le-d%C3%A9veloppement-des-centres-d-excellence\" target=\"_blank\">Formation professionnelle : la rentr\u00e9e 2015 sera marqu\u00e9e par le \u00ab\u00a0d\u00e9veloppement des centres d&rsquo;excellence\u00a0\u00bb<\/a><\/p>\n<!--CusAds0-->\n<div style=\"font-size: 0px; height: 0px; line-height: 0px; margin: 0; padding: 0; clear: both;\"><\/div>","protected":false},"excerpt":{"rendered":"<p>ALGER &#8211; La rentr\u00e9e du secteur de la Formation professionnelle 2015, pr\u00e9vue le 27 septembre, sera marqu\u00e9e par \u00ab\u00a0le d\u00e9veloppement des centres d&rsquo;excellence\u00a0\u00bb en partenariat avec des op\u00e9rateurs \u00e9conomiques publics et priv\u00e9s, a indiqu\u00e9 lundi le ministre de la Formation et de l&rsquo;enseignement professionnels, M. Mohamed Mebarki. \u00ab\u00a0La prochaine rentr\u00e9e\u2026 &#013; Source: Formation professionnelle :<\/p>\n","protected":false},"author":6,"featured_media":0,"comment_status":"open","ping_status":"open","sticky":false,"template":"","format":"standard","meta":{"footnotes":""},"categories":[22],"tags":[93],"class_list":["post-831","post","type-post","status-publish","format-standard","hentry","category-infos","tag-onu"],"yoast_head":"<!-- This site is optimized with the Yoast SEO plugin v27.5 - https:\/\/yoast.com\/product\/yoast-seo-wordpress\/ -->\n<title>Formation professionnelle : la rentr\u00e9e 2015 sera marqu\u00e9e par le &quot;d\u00e9veloppement des centres d&#039;excellence&quot; - info algerie<\/title>\n<meta name=\"robots\" content=\"index, follow, max-snippet:-1, max-image-preview:large, max-video-preview:-1\" \/>\n<link rel=\"canonical\" href=\"https:\/\/www.info-algerie.com\/actualites\/formation-professionnelle-la-rentree-2015-sera-marquee-par-le-developpement-des-centres-dexcellence\/\" \/>\n<meta property=\"og:locale\" content=\"fr_FR\" \/>\n<meta property=\"og:type\" content=\"article\" \/>\n<meta property=\"og:title\" content=\"Formation professionnelle : la rentr\u00e9e 2015 sera marqu\u00e9e par le &quot;d\u00e9veloppement des centres d&#039;excellence&quot; - info algerie\" \/>\n<meta property=\"og:description\" content=\"ALGER &#8211; La rentr\u00e9e du secteur de la Formation professionnelle 2015, pr\u00e9vue le 27 septembre, sera marqu\u00e9e par \u00ab\u00a0le d\u00e9veloppement des centres d&rsquo;excellence\u00a0\u00bb en partenariat avec des op\u00e9rateurs \u00e9conomiques publics et priv\u00e9s, a indiqu\u00e9 lundi le ministre de la Formation et de l&rsquo;enseignement professionnels, M. Mohamed Mebarki. \u00ab\u00a0La prochaine rentr\u00e9e\u2026 &#013; Source: Formation professionnelle :\" \/>\n<meta property=\"og:url\" content=\"https:\/\/www.info-algerie.com\/actualites\/formation-professionnelle-la-rentree-2015-sera-marquee-par-le-developpement-des-centres-dexcellence\/\" \/>\n<meta property=\"og:site_name\" content=\"info algerie\" \/>\n<meta property=\"article:publisher\" content=\"https:\/\/www.facebook.com\/infoalgerieactu\" \/>\n<meta property=\"article:published_time\" content=\"2015-09-14T13:11:09+00:00\" \/>\n<meta name=\"author\" content=\"La r\u00e9daction\" \/>\n<meta name=\"twitter:label1\" content=\"\u00c9crit par\" \/>\n\t<meta name=\"twitter:data1\" content=\"La r\u00e9daction\" \/>\n<script type=\"application\/ld+json\" class=\"yoast-schema-graph\">{\"@context\":\"https:\\\/\\\/schema.org\",\"@graph\":[{\"@type\":\"Article\",\"@id\":\"https:\\\/\\\/www.info-algerie.com\\\/actualites\\\/formation-professionnelle-la-rentree-2015-sera-marquee-par-le-developpement-des-centres-dexcellence\\\/#article\",\"isPartOf\":{\"@id\":\"https:\\\/\\\/www.info-algerie.com\\\/actualites\\\/formation-professionnelle-la-rentree-2015-sera-marquee-par-le-developpement-des-centres-dexcellence\\\/\"},\"author\":{\"name\":\"La r\u00e9daction\",\"@id\":\"https:\\\/\\\/www.info-algerie.com\\\/actualites\\\/#\\\/schema\\\/person\\\/847aaec44920825b843a08f30ec6aa1e\"},\"headline\":\"Formation professionnelle : la rentr\u00e9e 2015 sera marqu\u00e9e par le &quot;d\u00e9veloppement des centres d&#039;excellence&quot;\",\"datePublished\":\"2015-09-14T13:11:09+00:00\",\"mainEntityOfPage\":{\"@id\":\"https:\\\/\\\/www.info-algerie.com\\\/actualites\\\/formation-professionnelle-la-rentree-2015-sera-marquee-par-le-developpement-des-centres-dexcellence\\\/\"},\"wordCount\":92,\"commentCount\":0,\"publisher\":{\"@id\":\"https:\\\/\\\/www.info-algerie.com\\\/actualites\\\/#organization\"},\"keywords\":[\"ONU\"],\"articleSection\":[\"infos\"],\"inLanguage\":\"fr-FR\",\"potentialAction\":[{\"@type\":\"CommentAction\",\"name\":\"Comment\",\"target\":[\"https:\\\/\\\/www.info-algerie.com\\\/actualites\\\/formation-professionnelle-la-rentree-2015-sera-marquee-par-le-developpement-des-centres-dexcellence\\\/#respond\"]}]},{\"@type\":\"WebPage\",\"@id\":\"https:\\\/\\\/www.info-algerie.com\\\/actualites\\\/formation-professionnelle-la-rentree-2015-sera-marquee-par-le-developpement-des-centres-dexcellence\\\/\",\"url\":\"https:\\\/\\\/www.info-algerie.com\\\/actualites\\\/formation-professionnelle-la-rentree-2015-sera-marquee-par-le-developpement-des-centres-dexcellence\\\/\",\"name\":\"Formation professionnelle : la rentr\u00e9e 2015 sera marqu\u00e9e par le &quot;d\u00e9veloppement des centres d&#039;excellence&quot; - info algerie\",\"isPartOf\":{\"@id\":\"https:\\\/\\\/www.info-algerie.com\\\/actualites\\\/#website\"},\"datePublished\":\"2015-09-14T13:11:09+00:00\",\"breadcrumb\":{\"@id\":\"https:\\\/\\\/www.info-algerie.com\\\/actualites\\\/formation-professionnelle-la-rentree-2015-sera-marquee-par-le-developpement-des-centres-dexcellence\\\/#breadcrumb\"},\"inLanguage\":\"fr-FR\",\"potentialAction\":[{\"@type\":\"ReadAction\",\"target\":[\"https:\\\/\\\/www.info-algerie.com\\\/actualites\\\/formation-professionnelle-la-rentree-2015-sera-marquee-par-le-developpement-des-centres-dexcellence\\\/\"]}]},{\"@type\":\"BreadcrumbList\",\"@id\":\"https:\\\/\\\/www.info-algerie.com\\\/actualites\\\/formation-professionnelle-la-rentree-2015-sera-marquee-par-le-developpement-des-centres-dexcellence\\\/#breadcrumb\",\"itemListElement\":[{\"@type\":\"ListItem\",\"position\":1,\"name\":\"Accueil\",\"item\":\"https:\\\/\\\/www.info-algerie.com\\\/actualites\\\/\"},{\"@type\":\"ListItem\",\"position\":2,\"name\":\"Formation professionnelle : la rentr\u00e9e 2015 sera marqu\u00e9e par le &quot;d\u00e9veloppement des centres d&#039;excellence&quot;\"}]},{\"@type\":\"WebSite\",\"@id\":\"https:\\\/\\\/www.info-algerie.com\\\/actualites\\\/#website\",\"url\":\"https:\\\/\\\/www.info-algerie.com\\\/actualites\\\/\",\"name\":\"info algerie\",\"description\":\"Toutes les actualit\u00e9s\",\"publisher\":{\"@id\":\"https:\\\/\\\/www.info-algerie.com\\\/actualites\\\/#organization\"},\"potentialAction\":[{\"@type\":\"SearchAction\",\"target\":{\"@type\":\"EntryPoint\",\"urlTemplate\":\"https:\\\/\\\/www.info-algerie.com\\\/actualites\\\/?s={search_term_string}\"},\"query-input\":{\"@type\":\"PropertyValueSpecification\",\"valueRequired\":true,\"valueName\":\"search_term_string\"}}],\"inLanguage\":\"fr-FR\"},{\"@type\":\"Organization\",\"@id\":\"https:\\\/\\\/www.info-algerie.com\\\/actualites\\\/#organization\",\"name\":\"info algerie\",\"url\":\"https:\\\/\\\/www.info-algerie.com\\\/actualites\\\/\",\"logo\":{\"@type\":\"ImageObject\",\"inLanguage\":\"fr-FR\",\"@id\":\"https:\\\/\\\/www.info-algerie.com\\\/actualites\\\/#\\\/schema\\\/logo\\\/image\\\/\",\"url\":\"https:\\\/\\\/www.info-algerie.com\\\/actualites\\\/wp-content\\\/uploads\\\/2022\\\/07\\\/logo-ia-120.png\",\"contentUrl\":\"https:\\\/\\\/www.info-algerie.com\\\/actualites\\\/wp-content\\\/uploads\\\/2022\\\/07\\\/logo-ia-120.png\",\"width\":120,\"height\":43,\"caption\":\"info algerie\"},\"image\":{\"@id\":\"https:\\\/\\\/www.info-algerie.com\\\/actualites\\\/#\\\/schema\\\/logo\\\/image\\\/\"},\"sameAs\":[\"https:\\\/\\\/www.facebook.com\\\/infoalgerieactu\",\"https:\\\/\\\/x.com\\\/infoalgerie1\"]},{\"@type\":\"Person\",\"@id\":\"https:\\\/\\\/www.info-algerie.com\\\/actualites\\\/#\\\/schema\\\/person\\\/847aaec44920825b843a08f30ec6aa1e\",\"name\":\"La r\u00e9daction\",\"image\":{\"@type\":\"ImageObject\",\"inLanguage\":\"fr-FR\",\"@id\":\"https:\\\/\\\/secure.gravatar.com\\\/avatar\\\/769db425c6f465158149f1ffd6cf61ce7a8a879d11dfbef8288af36dfddd418c?s=96&d=mm&r=g\",\"url\":\"https:\\\/\\\/secure.gravatar.com\\\/avatar\\\/769db425c6f465158149f1ffd6cf61ce7a8a879d11dfbef8288af36dfddd418c?s=96&d=mm&r=g\",\"contentUrl\":\"https:\\\/\\\/secure.gravatar.com\\\/avatar\\\/769db425c6f465158149f1ffd6cf61ce7a8a879d11dfbef8288af36dfddd418c?s=96&d=mm&r=g\",\"caption\":\"La r\u00e9daction\"},\"sameAs\":[\"http:\\\/\\\/www.lkeria.com\\\/\"],\"url\":\"https:\\\/\\\/www.info-algerie.com\\\/actualites\\\/author\\\/chakib32\\\/\"}]}<\/script>\n<!-- \/ Yoast SEO plugin. -->","yoast_head_json":{"title":"Formation professionnelle : la rentr\u00e9e 2015 sera marqu\u00e9e par le &quot;d\u00e9veloppement des centres d&#039;excellence&quot; - info algerie","robots":{"index":"index","follow":"follow","max-snippet":"max-snippet:-1","max-image-preview":"max-image-preview:large","max-video-preview":"max-video-preview:-1"},"canonical":"https:\/\/www.info-algerie.com\/actualites\/formation-professionnelle-la-rentree-2015-sera-marquee-par-le-developpement-des-centres-dexcellence\/","og_locale":"fr_FR","og_type":"article","og_title":"Formation professionnelle : la rentr\u00e9e 2015 sera marqu\u00e9e par le &quot;d\u00e9veloppement des centres d&#039;excellence&quot; - info algerie","og_description":"ALGER &#8211; La rentr\u00e9e du secteur de la Formation professionnelle 2015, pr\u00e9vue le 27 septembre, sera marqu\u00e9e par \u00ab\u00a0le d\u00e9veloppement des centres d&rsquo;excellence\u00a0\u00bb en partenariat avec des op\u00e9rateurs \u00e9conomiques publics et priv\u00e9s, a indiqu\u00e9 lundi le ministre de la Formation et de l&rsquo;enseignement professionnels, M. Mohamed Mebarki. \u00ab\u00a0La prochaine rentr\u00e9e\u2026 &#013; Source: Formation professionnelle :","og_url":"https:\/\/www.info-algerie.com\/actualites\/formation-professionnelle-la-rentree-2015-sera-marquee-par-le-developpement-des-centres-dexcellence\/","og_site_name":"info algerie","article_publisher":"https:\/\/www.facebook.com\/infoalgerieactu","article_published_time":"2015-09-14T13:11:09+00:00","author":"La r\u00e9daction","twitter_misc":{"\u00c9crit par":"La r\u00e9daction"},"schema":{"@context":"https:\/\/schema.org","@graph":[{"@type":"Article","@id":"https:\/\/www.info-algerie.com\/actualites\/formation-professionnelle-la-rentree-2015-sera-marquee-par-le-developpement-des-centres-dexcellence\/#article","isPartOf":{"@id":"https:\/\/www.info-algerie.com\/actualites\/formation-professionnelle-la-rentree-2015-sera-marquee-par-le-developpement-des-centres-dexcellence\/"},"author":{"name":"La r\u00e9daction","@id":"https:\/\/www.info-algerie.com\/actualites\/#\/schema\/person\/847aaec44920825b843a08f30ec6aa1e"},"headline":"Formation professionnelle : la rentr\u00e9e 2015 sera marqu\u00e9e par le &quot;d\u00e9veloppement des centres d&#039;excellence&quot;","datePublished":"2015-09-14T13:11:09+00:00","mainEntityOfPage":{"@id":"https:\/\/www.info-algerie.com\/actualites\/formation-professionnelle-la-rentree-2015-sera-marquee-par-le-developpement-des-centres-dexcellence\/"},"wordCount":92,"commentCount":0,"publisher":{"@id":"https:\/\/www.info-algerie.com\/actualites\/#organization"},"keywords":["ONU"],"articleSection":["infos"],"inLanguage":"fr-FR","potentialAction":[{"@type":"CommentAction","name":"Comment","target":["https:\/\/www.info-algerie.com\/actualites\/formation-professionnelle-la-rentree-2015-sera-marquee-par-le-developpement-des-centres-dexcellence\/#respond"]}]},{"@type":"WebPage","@id":"https:\/\/www.info-algerie.com\/actualites\/formation-professionnelle-la-rentree-2015-sera-marquee-par-le-developpement-des-centres-dexcellence\/","url":"https:\/\/www.info-algerie.com\/actualites\/formation-professionnelle-la-rentree-2015-sera-marquee-par-le-developpement-des-centres-dexcellence\/","name":"Formation professionnelle : la rentr\u00e9e 2015 sera marqu\u00e9e par le &quot;d\u00e9veloppement des centres d&#039;excellence&quot; - info algerie","isPartOf":{"@id":"https:\/\/www.info-algerie.com\/actualites\/#website"},"datePublished":"2015-09-14T13:11:09+00:00","breadcrumb":{"@id":"https:\/\/www.info-algerie.com\/actualites\/formation-professionnelle-la-rentree-2015-sera-marquee-par-le-developpement-des-centres-dexcellence\/#breadcrumb"},"inLanguage":"fr-FR","potentialAction":[{"@type":"ReadAction","target":["https:\/\/www.info-algerie.com\/actualites\/formation-professionnelle-la-rentree-2015-sera-marquee-par-le-developpement-des-centres-dexcellence\/"]}]},{"@type":"BreadcrumbList","@id":"https:\/\/www.info-algerie.com\/actualites\/formation-professionnelle-la-rentree-2015-sera-marquee-par-le-developpement-des-centres-dexcellence\/#breadcrumb","itemListElement":[{"@type":"ListItem","position":1,"name":"Accueil","item":"https:\/\/www.info-algerie.com\/actualites\/"},{"@type":"ListItem","position":2,"name":"Formation professionnelle : la rentr\u00e9e 2015 sera marqu\u00e9e par le &quot;d\u00e9veloppement des centres d&#039;excellence&quot;"}]},{"@type":"WebSite","@id":"https:\/\/www.info-algerie.com\/actualites\/#website","url":"https:\/\/www.info-algerie.com\/actualites\/","name":"info algerie","description":"Toutes les actualit\u00e9s","publisher":{"@id":"https:\/\/www.info-algerie.com\/actualites\/#organization"},"potentialAction":[{"@type":"SearchAction","target":{"@type":"EntryPoint","urlTemplate":"https:\/\/www.info-algerie.com\/actualites\/?s={search_term_string}"},"query-input":{"@type":"PropertyValueSpecification","valueRequired":true,"valueName":"search_term_string"}}],"inLanguage":"fr-FR"},{"@type":"Organization","@id":"https:\/\/www.info-algerie.com\/actualites\/#organization","name":"info algerie","url":"https:\/\/www.info-algerie.com\/actualites\/","logo":{"@type":"ImageObject","inLanguage":"fr-FR","@id":"https:\/\/www.info-algerie.com\/actualites\/#\/schema\/logo\/image\/","url":"https:\/\/www.info-algerie.com\/actualites\/wp-content\/uploads\/2022\/07\/logo-ia-120.png","contentUrl":"https:\/\/www.info-algerie.com\/actualites\/wp-content\/uploads\/2022\/07\/logo-ia-120.png","width":120,"height":43,"caption":"info algerie"},"image":{"@id":"https:\/\/www.info-algerie.com\/actualites\/#\/schema\/logo\/image\/"},"sameAs":["https:\/\/www.facebook.com\/infoalgerieactu","https:\/\/x.com\/infoalgerie1"]},{"@type":"Person","@id":"https:\/\/www.info-algerie.com\/actualites\/#\/schema\/person\/847aaec44920825b843a08f30ec6aa1e","name":"La r\u00e9daction","image":{"@type":"ImageObject","inLanguage":"fr-FR","@id":"https:\/\/secure.gravatar.com\/avatar\/769db425c6f465158149f1ffd6cf61ce7a8a879d11dfbef8288af36dfddd418c?s=96&d=mm&r=g","url":"https:\/\/secure.gravatar.com\/avatar\/769db425c6f465158149f1ffd6cf61ce7a8a879d11dfbef8288af36dfddd418c?s=96&d=mm&r=g","contentUrl":"https:\/\/secure.gravatar.com\/avatar\/769db425c6f465158149f1ffd6cf61ce7a8a879d11dfbef8288af36dfddd418c?s=96&d=mm&r=g","caption":"La r\u00e9daction"},"sameAs":["http:\/\/www.lkeria.com\/"],"url":"https:\/\/www.info-algerie.com\/actualites\/author\/chakib32\/"}]}},"_links":{"self":[{"href":"https:\/\/www.info-algerie.com\/actualites\/wp-json\/wp\/v2\/posts\/831","targetHints":{"allow":["GET"]}}],"collection":[{"href":"https:\/\/www.info-algerie.com\/actualites\/wp-json\/wp\/v2\/posts"}],"about":[{"href":"https:\/\/www.info-algerie.com\/actualites\/wp-json\/wp\/v2\/types\/post"}],"author":[{"embeddable":true,"href":"https:\/\/www.info-algerie.com\/actualites\/wp-json\/wp\/v2\/users\/6"}],"replies":[{"embeddable":true,"href":"https:\/\/www.info-algerie.com\/actualites\/wp-json\/wp\/v2\/comments?post=831"}],"version-history":[{"count":0,"href":"https:\/\/www.info-algerie.com\/actualites\/wp-json\/wp\/v2\/posts\/831\/revisions"}],"wp:attachment":[{"href":"https:\/\/www.info-algerie.com\/actualites\/wp-json\/wp\/v2\/media?parent=831"}],"wp:term":[{"taxonomy":"category","embeddable":true,"href":"https:\/\/www.info-algerie.com\/actualites\/wp-json\/wp\/v2\/categories?post=831"},{"taxonomy":"post_tag","embeddable":true,"href":"https:\/\/www.info-algerie.com\/actualites\/wp-json\/wp\/v2\/tags?post=831"}],"curies":[{"name":"wp","href":"https:\/\/api.w.org\/{rel}","templated":true}]}}