{"id":852,"date":"2015-09-15T16:39:04","date_gmt":"2015-09-15T15:39:04","guid":{"rendered":"http:\/\/www.info-algerie.com\/actualites\/algerie-espagne-signature-a-madrid-dun-traite-de-cooperation-en-matiere-parlementaire\/"},"modified":"2015-09-15T16:39:04","modified_gmt":"2015-09-15T15:39:04","slug":"algerie-espagne-signature-a-madrid-dun-traite-de-cooperation-en-matiere-parlementaire","status":"publish","type":"post","link":"https:\/\/www.info-algerie.com\/actualites\/algerie-espagne-signature-a-madrid-dun-traite-de-cooperation-en-matiere-parlementaire\/","title":{"rendered":"Alg\u00e9rie-Espagne : signature \u00e0 Madrid d&#039;un trait\u00e9 de coop\u00e9ration en mati\u00e8re parlementaire"},"content":{"rendered":"<div class=\"K2FeedImage\"><img decoding=\"async\" src=\"\" alt=\"Alg&#xE9;rie-Espagne : signature &#xE0; Madrid d'un trait&#xE9; de coop&#xE9;ration en mati&#xE8;re parlementaire\" \/><\/div>\n<div class=\"K2FeedIntroText\"> ALGER &#8211; Le pr\u00e9sident du Conseil de la nation, Abdelkader Bensalah, et le pr\u00e9sident du S\u00e9nat espagnol, Pio Garcia-Escudero, ont cosign\u00e9 mardi \u00e0 Madrid un trait\u00e9 de coop\u00e9ration en mati\u00e8re parlementaire. La c\u00e9r\u00e9monie de signature de ce trait\u00e9 \u00ab\u00a0qui se veut un cadre r\u00e9glementaire des relations entre les deux chambres\u00a0\u00bb\u2026<\/div>\n<p>&#013;<br \/>\nSource: <a href=\"http:\/\/www.aps.dz\/algerie\/28630-alg%C3%A9rie-espagne-signature-%C3%A0-madrid-d-un-trait%C3%A9-de-coop%C3%A9ration-en-mati%C3%A8re-parlementaire\" target=\"_blank\">Alg\u00e9rie-Espagne : signature \u00e0 Madrid d&rsquo;un trait\u00e9 de coop\u00e9ration en mati\u00e8re parlementaire<\/a><\/p>\n<!--CusAds0-->\n<div style=\"font-size: 0px; height: 0px; line-height: 0px; margin: 0; padding: 0; clear: both;\"><\/div>","protected":false},"excerpt":{"rendered":"<p>ALGER &#8211; Le pr\u00e9sident du Conseil de la nation, Abdelkader Bensalah, et le pr\u00e9sident du S\u00e9nat espagnol, Pio Garcia-Escudero, ont cosign\u00e9 mardi \u00e0 Madrid un trait\u00e9 de coop\u00e9ration en mati\u00e8re parlementaire. La c\u00e9r\u00e9monie de signature de ce trait\u00e9 \u00ab\u00a0qui se veut un cadre r\u00e9glementaire des relations entre les deux chambres\u00a0\u00bb\u2026 &#013; Source: Alg\u00e9rie-Espagne : signature<\/p>\n","protected":false},"author":6,"featured_media":0,"comment_status":"open","ping_status":"open","sticky":false,"template":"","format":"standard","meta":{"footnotes":""},"categories":[22],"tags":[93],"class_list":["post-852","post","type-post","status-publish","format-standard","hentry","category-infos","tag-onu"],"yoast_head":"<!-- This site is optimized with the Yoast SEO plugin v27.5 - https:\/\/yoast.com\/product\/yoast-seo-wordpress\/ -->\n<title>Alg\u00e9rie-Espagne : signature \u00e0 Madrid d&#039;un trait\u00e9 de coop\u00e9ration en mati\u00e8re parlementaire - info algerie<\/title>\n<meta name=\"robots\" content=\"index, follow, max-snippet:-1, max-image-preview:large, max-video-preview:-1\" \/>\n<link rel=\"canonical\" href=\"https:\/\/www.info-algerie.com\/actualites\/algerie-espagne-signature-a-madrid-dun-traite-de-cooperation-en-matiere-parlementaire\/\" \/>\n<meta property=\"og:locale\" content=\"fr_FR\" \/>\n<meta property=\"og:type\" content=\"article\" \/>\n<meta property=\"og:title\" content=\"Alg\u00e9rie-Espagne : signature \u00e0 Madrid d&#039;un trait\u00e9 de coop\u00e9ration en mati\u00e8re parlementaire - info algerie\" \/>\n<meta property=\"og:description\" content=\"ALGER &#8211; Le pr\u00e9sident du Conseil de la nation, Abdelkader Bensalah, et le pr\u00e9sident du S\u00e9nat espagnol, Pio Garcia-Escudero, ont cosign\u00e9 mardi \u00e0 Madrid un trait\u00e9 de coop\u00e9ration en mati\u00e8re parlementaire. La c\u00e9r\u00e9monie de signature de ce trait\u00e9 \u00ab\u00a0qui se veut un cadre r\u00e9glementaire des relations entre les deux chambres\u00a0\u00bb\u2026 &#013; Source: Alg\u00e9rie-Espagne : signature\" \/>\n<meta property=\"og:url\" content=\"https:\/\/www.info-algerie.com\/actualites\/algerie-espagne-signature-a-madrid-dun-traite-de-cooperation-en-matiere-parlementaire\/\" \/>\n<meta property=\"og:site_name\" content=\"info algerie\" \/>\n<meta property=\"article:publisher\" content=\"https:\/\/www.facebook.com\/infoalgerieactu\" \/>\n<meta property=\"article:published_time\" content=\"2015-09-15T15:39:04+00:00\" \/>\n<meta name=\"author\" content=\"La r\u00e9daction\" \/>\n<meta name=\"twitter:label1\" content=\"\u00c9crit par\" \/>\n\t<meta name=\"twitter:data1\" content=\"La r\u00e9daction\" \/>\n<script type=\"application\/ld+json\" class=\"yoast-schema-graph\">{\"@context\":\"https:\\\/\\\/schema.org\",\"@graph\":[{\"@type\":\"Article\",\"@id\":\"https:\\\/\\\/www.info-algerie.com\\\/actualites\\\/algerie-espagne-signature-a-madrid-dun-traite-de-cooperation-en-matiere-parlementaire\\\/#article\",\"isPartOf\":{\"@id\":\"https:\\\/\\\/www.info-algerie.com\\\/actualites\\\/algerie-espagne-signature-a-madrid-dun-traite-de-cooperation-en-matiere-parlementaire\\\/\"},\"author\":{\"name\":\"La r\u00e9daction\",\"@id\":\"https:\\\/\\\/www.info-algerie.com\\\/actualites\\\/#\\\/schema\\\/person\\\/847aaec44920825b843a08f30ec6aa1e\"},\"headline\":\"Alg\u00e9rie-Espagne : signature \u00e0 Madrid d&#039;un trait\u00e9 de coop\u00e9ration en mati\u00e8re parlementaire\",\"datePublished\":\"2015-09-15T15:39:04+00:00\",\"mainEntityOfPage\":{\"@id\":\"https:\\\/\\\/www.info-algerie.com\\\/actualites\\\/algerie-espagne-signature-a-madrid-dun-traite-de-cooperation-en-matiere-parlementaire\\\/\"},\"wordCount\":86,\"commentCount\":0,\"publisher\":{\"@id\":\"https:\\\/\\\/www.info-algerie.com\\\/actualites\\\/#organization\"},\"keywords\":[\"ONU\"],\"articleSection\":[\"infos\"],\"inLanguage\":\"fr-FR\",\"potentialAction\":[{\"@type\":\"CommentAction\",\"name\":\"Comment\",\"target\":[\"https:\\\/\\\/www.info-algerie.com\\\/actualites\\\/algerie-espagne-signature-a-madrid-dun-traite-de-cooperation-en-matiere-parlementaire\\\/#respond\"]}]},{\"@type\":\"WebPage\",\"@id\":\"https:\\\/\\\/www.info-algerie.com\\\/actualites\\\/algerie-espagne-signature-a-madrid-dun-traite-de-cooperation-en-matiere-parlementaire\\\/\",\"url\":\"https:\\\/\\\/www.info-algerie.com\\\/actualites\\\/algerie-espagne-signature-a-madrid-dun-traite-de-cooperation-en-matiere-parlementaire\\\/\",\"name\":\"Alg\u00e9rie-Espagne : signature \u00e0 Madrid d&#039;un trait\u00e9 de coop\u00e9ration en mati\u00e8re parlementaire - info algerie\",\"isPartOf\":{\"@id\":\"https:\\\/\\\/www.info-algerie.com\\\/actualites\\\/#website\"},\"datePublished\":\"2015-09-15T15:39:04+00:00\",\"breadcrumb\":{\"@id\":\"https:\\\/\\\/www.info-algerie.com\\\/actualites\\\/algerie-espagne-signature-a-madrid-dun-traite-de-cooperation-en-matiere-parlementaire\\\/#breadcrumb\"},\"inLanguage\":\"fr-FR\",\"potentialAction\":[{\"@type\":\"ReadAction\",\"target\":[\"https:\\\/\\\/www.info-algerie.com\\\/actualites\\\/algerie-espagne-signature-a-madrid-dun-traite-de-cooperation-en-matiere-parlementaire\\\/\"]}]},{\"@type\":\"BreadcrumbList\",\"@id\":\"https:\\\/\\\/www.info-algerie.com\\\/actualites\\\/algerie-espagne-signature-a-madrid-dun-traite-de-cooperation-en-matiere-parlementaire\\\/#breadcrumb\",\"itemListElement\":[{\"@type\":\"ListItem\",\"position\":1,\"name\":\"Accueil\",\"item\":\"https:\\\/\\\/www.info-algerie.com\\\/actualites\\\/\"},{\"@type\":\"ListItem\",\"position\":2,\"name\":\"Alg\u00e9rie-Espagne : signature \u00e0 Madrid d&#039;un trait\u00e9 de coop\u00e9ration en mati\u00e8re parlementaire\"}]},{\"@type\":\"WebSite\",\"@id\":\"https:\\\/\\\/www.info-algerie.com\\\/actualites\\\/#website\",\"url\":\"https:\\\/\\\/www.info-algerie.com\\\/actualites\\\/\",\"name\":\"info algerie\",\"description\":\"Toutes les actualit\u00e9s\",\"publisher\":{\"@id\":\"https:\\\/\\\/www.info-algerie.com\\\/actualites\\\/#organization\"},\"potentialAction\":[{\"@type\":\"SearchAction\",\"target\":{\"@type\":\"EntryPoint\",\"urlTemplate\":\"https:\\\/\\\/www.info-algerie.com\\\/actualites\\\/?s={search_term_string}\"},\"query-input\":{\"@type\":\"PropertyValueSpecification\",\"valueRequired\":true,\"valueName\":\"search_term_string\"}}],\"inLanguage\":\"fr-FR\"},{\"@type\":\"Organization\",\"@id\":\"https:\\\/\\\/www.info-algerie.com\\\/actualites\\\/#organization\",\"name\":\"info algerie\",\"url\":\"https:\\\/\\\/www.info-algerie.com\\\/actualites\\\/\",\"logo\":{\"@type\":\"ImageObject\",\"inLanguage\":\"fr-FR\",\"@id\":\"https:\\\/\\\/www.info-algerie.com\\\/actualites\\\/#\\\/schema\\\/logo\\\/image\\\/\",\"url\":\"https:\\\/\\\/www.info-algerie.com\\\/actualites\\\/wp-content\\\/uploads\\\/2022\\\/07\\\/logo-ia-120.png\",\"contentUrl\":\"https:\\\/\\\/www.info-algerie.com\\\/actualites\\\/wp-content\\\/uploads\\\/2022\\\/07\\\/logo-ia-120.png\",\"width\":120,\"height\":43,\"caption\":\"info algerie\"},\"image\":{\"@id\":\"https:\\\/\\\/www.info-algerie.com\\\/actualites\\\/#\\\/schema\\\/logo\\\/image\\\/\"},\"sameAs\":[\"https:\\\/\\\/www.facebook.com\\\/infoalgerieactu\",\"https:\\\/\\\/x.com\\\/infoalgerie1\"]},{\"@type\":\"Person\",\"@id\":\"https:\\\/\\\/www.info-algerie.com\\\/actualites\\\/#\\\/schema\\\/person\\\/847aaec44920825b843a08f30ec6aa1e\",\"name\":\"La r\u00e9daction\",\"image\":{\"@type\":\"ImageObject\",\"inLanguage\":\"fr-FR\",\"@id\":\"https:\\\/\\\/secure.gravatar.com\\\/avatar\\\/769db425c6f465158149f1ffd6cf61ce7a8a879d11dfbef8288af36dfddd418c?s=96&d=mm&r=g\",\"url\":\"https:\\\/\\\/secure.gravatar.com\\\/avatar\\\/769db425c6f465158149f1ffd6cf61ce7a8a879d11dfbef8288af36dfddd418c?s=96&d=mm&r=g\",\"contentUrl\":\"https:\\\/\\\/secure.gravatar.com\\\/avatar\\\/769db425c6f465158149f1ffd6cf61ce7a8a879d11dfbef8288af36dfddd418c?s=96&d=mm&r=g\",\"caption\":\"La r\u00e9daction\"},\"sameAs\":[\"http:\\\/\\\/www.lkeria.com\\\/\"],\"url\":\"https:\\\/\\\/www.info-algerie.com\\\/actualites\\\/author\\\/chakib32\\\/\"}]}<\/script>\n<!-- \/ Yoast SEO plugin. -->","yoast_head_json":{"title":"Alg\u00e9rie-Espagne : signature \u00e0 Madrid d&#039;un trait\u00e9 de coop\u00e9ration en mati\u00e8re parlementaire - info algerie","robots":{"index":"index","follow":"follow","max-snippet":"max-snippet:-1","max-image-preview":"max-image-preview:large","max-video-preview":"max-video-preview:-1"},"canonical":"https:\/\/www.info-algerie.com\/actualites\/algerie-espagne-signature-a-madrid-dun-traite-de-cooperation-en-matiere-parlementaire\/","og_locale":"fr_FR","og_type":"article","og_title":"Alg\u00e9rie-Espagne : signature \u00e0 Madrid d&#039;un trait\u00e9 de coop\u00e9ration en mati\u00e8re parlementaire - info algerie","og_description":"ALGER &#8211; Le pr\u00e9sident du Conseil de la nation, Abdelkader Bensalah, et le pr\u00e9sident du S\u00e9nat espagnol, Pio Garcia-Escudero, ont cosign\u00e9 mardi \u00e0 Madrid un trait\u00e9 de coop\u00e9ration en mati\u00e8re parlementaire. La c\u00e9r\u00e9monie de signature de ce trait\u00e9 \u00ab\u00a0qui se veut un cadre r\u00e9glementaire des relations entre les deux chambres\u00a0\u00bb\u2026 &#013; Source: Alg\u00e9rie-Espagne : signature","og_url":"https:\/\/www.info-algerie.com\/actualites\/algerie-espagne-signature-a-madrid-dun-traite-de-cooperation-en-matiere-parlementaire\/","og_site_name":"info algerie","article_publisher":"https:\/\/www.facebook.com\/infoalgerieactu","article_published_time":"2015-09-15T15:39:04+00:00","author":"La r\u00e9daction","twitter_misc":{"\u00c9crit par":"La r\u00e9daction"},"schema":{"@context":"https:\/\/schema.org","@graph":[{"@type":"Article","@id":"https:\/\/www.info-algerie.com\/actualites\/algerie-espagne-signature-a-madrid-dun-traite-de-cooperation-en-matiere-parlementaire\/#article","isPartOf":{"@id":"https:\/\/www.info-algerie.com\/actualites\/algerie-espagne-signature-a-madrid-dun-traite-de-cooperation-en-matiere-parlementaire\/"},"author":{"name":"La r\u00e9daction","@id":"https:\/\/www.info-algerie.com\/actualites\/#\/schema\/person\/847aaec44920825b843a08f30ec6aa1e"},"headline":"Alg\u00e9rie-Espagne : signature \u00e0 Madrid d&#039;un trait\u00e9 de coop\u00e9ration en mati\u00e8re parlementaire","datePublished":"2015-09-15T15:39:04+00:00","mainEntityOfPage":{"@id":"https:\/\/www.info-algerie.com\/actualites\/algerie-espagne-signature-a-madrid-dun-traite-de-cooperation-en-matiere-parlementaire\/"},"wordCount":86,"commentCount":0,"publisher":{"@id":"https:\/\/www.info-algerie.com\/actualites\/#organization"},"keywords":["ONU"],"articleSection":["infos"],"inLanguage":"fr-FR","potentialAction":[{"@type":"CommentAction","name":"Comment","target":["https:\/\/www.info-algerie.com\/actualites\/algerie-espagne-signature-a-madrid-dun-traite-de-cooperation-en-matiere-parlementaire\/#respond"]}]},{"@type":"WebPage","@id":"https:\/\/www.info-algerie.com\/actualites\/algerie-espagne-signature-a-madrid-dun-traite-de-cooperation-en-matiere-parlementaire\/","url":"https:\/\/www.info-algerie.com\/actualites\/algerie-espagne-signature-a-madrid-dun-traite-de-cooperation-en-matiere-parlementaire\/","name":"Alg\u00e9rie-Espagne : signature \u00e0 Madrid d&#039;un trait\u00e9 de coop\u00e9ration en mati\u00e8re parlementaire - info algerie","isPartOf":{"@id":"https:\/\/www.info-algerie.com\/actualites\/#website"},"datePublished":"2015-09-15T15:39:04+00:00","breadcrumb":{"@id":"https:\/\/www.info-algerie.com\/actualites\/algerie-espagne-signature-a-madrid-dun-traite-de-cooperation-en-matiere-parlementaire\/#breadcrumb"},"inLanguage":"fr-FR","potentialAction":[{"@type":"ReadAction","target":["https:\/\/www.info-algerie.com\/actualites\/algerie-espagne-signature-a-madrid-dun-traite-de-cooperation-en-matiere-parlementaire\/"]}]},{"@type":"BreadcrumbList","@id":"https:\/\/www.info-algerie.com\/actualites\/algerie-espagne-signature-a-madrid-dun-traite-de-cooperation-en-matiere-parlementaire\/#breadcrumb","itemListElement":[{"@type":"ListItem","position":1,"name":"Accueil","item":"https:\/\/www.info-algerie.com\/actualites\/"},{"@type":"ListItem","position":2,"name":"Alg\u00e9rie-Espagne : signature \u00e0 Madrid d&#039;un trait\u00e9 de coop\u00e9ration en mati\u00e8re parlementaire"}]},{"@type":"WebSite","@id":"https:\/\/www.info-algerie.com\/actualites\/#website","url":"https:\/\/www.info-algerie.com\/actualites\/","name":"info algerie","description":"Toutes les actualit\u00e9s","publisher":{"@id":"https:\/\/www.info-algerie.com\/actualites\/#organization"},"potentialAction":[{"@type":"SearchAction","target":{"@type":"EntryPoint","urlTemplate":"https:\/\/www.info-algerie.com\/actualites\/?s={search_term_string}"},"query-input":{"@type":"PropertyValueSpecification","valueRequired":true,"valueName":"search_term_string"}}],"inLanguage":"fr-FR"},{"@type":"Organization","@id":"https:\/\/www.info-algerie.com\/actualites\/#organization","name":"info algerie","url":"https:\/\/www.info-algerie.com\/actualites\/","logo":{"@type":"ImageObject","inLanguage":"fr-FR","@id":"https:\/\/www.info-algerie.com\/actualites\/#\/schema\/logo\/image\/","url":"https:\/\/www.info-algerie.com\/actualites\/wp-content\/uploads\/2022\/07\/logo-ia-120.png","contentUrl":"https:\/\/www.info-algerie.com\/actualites\/wp-content\/uploads\/2022\/07\/logo-ia-120.png","width":120,"height":43,"caption":"info algerie"},"image":{"@id":"https:\/\/www.info-algerie.com\/actualites\/#\/schema\/logo\/image\/"},"sameAs":["https:\/\/www.facebook.com\/infoalgerieactu","https:\/\/x.com\/infoalgerie1"]},{"@type":"Person","@id":"https:\/\/www.info-algerie.com\/actualites\/#\/schema\/person\/847aaec44920825b843a08f30ec6aa1e","name":"La r\u00e9daction","image":{"@type":"ImageObject","inLanguage":"fr-FR","@id":"https:\/\/secure.gravatar.com\/avatar\/769db425c6f465158149f1ffd6cf61ce7a8a879d11dfbef8288af36dfddd418c?s=96&d=mm&r=g","url":"https:\/\/secure.gravatar.com\/avatar\/769db425c6f465158149f1ffd6cf61ce7a8a879d11dfbef8288af36dfddd418c?s=96&d=mm&r=g","contentUrl":"https:\/\/secure.gravatar.com\/avatar\/769db425c6f465158149f1ffd6cf61ce7a8a879d11dfbef8288af36dfddd418c?s=96&d=mm&r=g","caption":"La r\u00e9daction"},"sameAs":["http:\/\/www.lkeria.com\/"],"url":"https:\/\/www.info-algerie.com\/actualites\/author\/chakib32\/"}]}},"_links":{"self":[{"href":"https:\/\/www.info-algerie.com\/actualites\/wp-json\/wp\/v2\/posts\/852","targetHints":{"allow":["GET"]}}],"collection":[{"href":"https:\/\/www.info-algerie.com\/actualites\/wp-json\/wp\/v2\/posts"}],"about":[{"href":"https:\/\/www.info-algerie.com\/actualites\/wp-json\/wp\/v2\/types\/post"}],"author":[{"embeddable":true,"href":"https:\/\/www.info-algerie.com\/actualites\/wp-json\/wp\/v2\/users\/6"}],"replies":[{"embeddable":true,"href":"https:\/\/www.info-algerie.com\/actualites\/wp-json\/wp\/v2\/comments?post=852"}],"version-history":[{"count":0,"href":"https:\/\/www.info-algerie.com\/actualites\/wp-json\/wp\/v2\/posts\/852\/revisions"}],"wp:attachment":[{"href":"https:\/\/www.info-algerie.com\/actualites\/wp-json\/wp\/v2\/media?parent=852"}],"wp:term":[{"taxonomy":"category","embeddable":true,"href":"https:\/\/www.info-algerie.com\/actualites\/wp-json\/wp\/v2\/categories?post=852"},{"taxonomy":"post_tag","embeddable":true,"href":"https:\/\/www.info-algerie.com\/actualites\/wp-json\/wp\/v2\/tags?post=852"}],"curies":[{"name":"wp","href":"https:\/\/api.w.org\/{rel}","templated":true}]}}