{"id":870,"date":"2015-09-16T11:18:07","date_gmt":"2015-09-16T10:18:07","guid":{"rendered":"http:\/\/www.info-algerie.com\/actualites\/le-conseil-des-chefs-detats-majors-des-pays-du-cemoc-reuni-a-tamanrasset\/"},"modified":"2015-09-16T11:18:07","modified_gmt":"2015-09-16T10:18:07","slug":"le-conseil-des-chefs-detats-majors-des-pays-du-cemoc-reuni-a-tamanrasset","status":"publish","type":"post","link":"https:\/\/www.info-algerie.com\/actualites\/le-conseil-des-chefs-detats-majors-des-pays-du-cemoc-reuni-a-tamanrasset\/","title":{"rendered":"Le Conseil des chefs d\u2019\u00e9tats-majors des pays du CEMOC r\u00e9uni \u00e0 Tamanrasset"},"content":{"rendered":"<div class=\"K2FeedImage\"><img decoding=\"async\" src=\"\" alt=\"Le Conseil des chefs d&#x2019;&#xE9;tats-majors des pays du CEMOC r&#xE9;uni &#xE0; Tamanrasset\" \/><\/div>\n<div class=\"K2FeedIntroText\"> TAMANRASSET- Les travaux d\u2019une r\u00e9union ordinaire du Conseil des chefs d&rsquo;\u00e9tat-major de l\u2019Alg\u00e9rie, du Mali, de la Mauritanie et du Niger ont d\u00e9but\u00e9 mercredi au si\u00e8ge de la 6\u00e8me R\u00e9gion militaire \u00e0 Tamanrasset, sous la pr\u00e9sidence du g\u00e9n\u00e9ral de corps d\u2019Arm\u00e9e Ahmed Gaid Salah, vice-ministre de la D\u00e9fense nationale, chef\u2026<\/div>\n<p>&#013;<br \/>\nSource: <a href=\"http:\/\/www.aps.dz\/algerie\/28665-le-conseil-des-chefs-d%E2%80%99%C3%A9tats-majors-des-pays-du-cemoc-r%C3%A9uni-%C3%A0-tamanrasset\" target=\"_blank\">Le Conseil des chefs d\u2019\u00e9tats-majors des pays du CEMOC r\u00e9uni \u00e0 Tamanrasset<\/a><\/p>\n<!--CusAds0-->\n<div style=\"font-size: 0px; height: 0px; line-height: 0px; margin: 0; padding: 0; clear: both;\"><\/div>","protected":false},"excerpt":{"rendered":"<p>TAMANRASSET- Les travaux d\u2019une r\u00e9union ordinaire du Conseil des chefs d&rsquo;\u00e9tat-major de l\u2019Alg\u00e9rie, du Mali, de la Mauritanie et du Niger ont d\u00e9but\u00e9 mercredi au si\u00e8ge de la 6\u00e8me R\u00e9gion militaire \u00e0 Tamanrasset, sous la pr\u00e9sidence du g\u00e9n\u00e9ral de corps d\u2019Arm\u00e9e Ahmed Gaid Salah, vice-ministre de la D\u00e9fense nationale, chef\u2026 &#013; Source: Le Conseil des<\/p>\n","protected":false},"author":6,"featured_media":0,"comment_status":"open","ping_status":"open","sticky":false,"template":"","format":"standard","meta":{"footnotes":""},"categories":[22],"tags":[93],"class_list":["post-870","post","type-post","status-publish","format-standard","hentry","category-infos","tag-onu"],"yoast_head":"<!-- This site is optimized with the Yoast SEO plugin v27.5 - https:\/\/yoast.com\/product\/yoast-seo-wordpress\/ -->\n<title>Le Conseil des chefs d\u2019\u00e9tats-majors des pays du CEMOC r\u00e9uni \u00e0 Tamanrasset - info algerie<\/title>\n<meta name=\"robots\" content=\"index, follow, max-snippet:-1, max-image-preview:large, max-video-preview:-1\" \/>\n<link rel=\"canonical\" href=\"https:\/\/www.info-algerie.com\/actualites\/le-conseil-des-chefs-detats-majors-des-pays-du-cemoc-reuni-a-tamanrasset\/\" \/>\n<meta property=\"og:locale\" content=\"fr_FR\" \/>\n<meta property=\"og:type\" content=\"article\" \/>\n<meta property=\"og:title\" content=\"Le Conseil des chefs d\u2019\u00e9tats-majors des pays du CEMOC r\u00e9uni \u00e0 Tamanrasset - info algerie\" \/>\n<meta property=\"og:description\" content=\"TAMANRASSET- Les travaux d\u2019une r\u00e9union ordinaire du Conseil des chefs d&rsquo;\u00e9tat-major de l\u2019Alg\u00e9rie, du Mali, de la Mauritanie et du Niger ont d\u00e9but\u00e9 mercredi au si\u00e8ge de la 6\u00e8me R\u00e9gion militaire \u00e0 Tamanrasset, sous la pr\u00e9sidence du g\u00e9n\u00e9ral de corps d\u2019Arm\u00e9e Ahmed Gaid Salah, vice-ministre de la D\u00e9fense nationale, chef\u2026 &#013; Source: Le Conseil des\" \/>\n<meta property=\"og:url\" content=\"https:\/\/www.info-algerie.com\/actualites\/le-conseil-des-chefs-detats-majors-des-pays-du-cemoc-reuni-a-tamanrasset\/\" \/>\n<meta property=\"og:site_name\" content=\"info algerie\" \/>\n<meta property=\"article:publisher\" content=\"https:\/\/www.facebook.com\/infoalgerieactu\" \/>\n<meta property=\"article:published_time\" content=\"2015-09-16T10:18:07+00:00\" \/>\n<meta name=\"author\" content=\"La r\u00e9daction\" \/>\n<meta name=\"twitter:label1\" content=\"\u00c9crit par\" \/>\n\t<meta name=\"twitter:data1\" content=\"La r\u00e9daction\" \/>\n<script type=\"application\/ld+json\" class=\"yoast-schema-graph\">{\"@context\":\"https:\\\/\\\/schema.org\",\"@graph\":[{\"@type\":\"Article\",\"@id\":\"https:\\\/\\\/www.info-algerie.com\\\/actualites\\\/le-conseil-des-chefs-detats-majors-des-pays-du-cemoc-reuni-a-tamanrasset\\\/#article\",\"isPartOf\":{\"@id\":\"https:\\\/\\\/www.info-algerie.com\\\/actualites\\\/le-conseil-des-chefs-detats-majors-des-pays-du-cemoc-reuni-a-tamanrasset\\\/\"},\"author\":{\"name\":\"La r\u00e9daction\",\"@id\":\"https:\\\/\\\/www.info-algerie.com\\\/actualites\\\/#\\\/schema\\\/person\\\/847aaec44920825b843a08f30ec6aa1e\"},\"headline\":\"Le Conseil des chefs d\u2019\u00e9tats-majors des pays du CEMOC r\u00e9uni \u00e0 Tamanrasset\",\"datePublished\":\"2015-09-16T10:18:07+00:00\",\"mainEntityOfPage\":{\"@id\":\"https:\\\/\\\/www.info-algerie.com\\\/actualites\\\/le-conseil-des-chefs-detats-majors-des-pays-du-cemoc-reuni-a-tamanrasset\\\/\"},\"wordCount\":90,\"commentCount\":0,\"publisher\":{\"@id\":\"https:\\\/\\\/www.info-algerie.com\\\/actualites\\\/#organization\"},\"keywords\":[\"ONU\"],\"articleSection\":[\"infos\"],\"inLanguage\":\"fr-FR\",\"potentialAction\":[{\"@type\":\"CommentAction\",\"name\":\"Comment\",\"target\":[\"https:\\\/\\\/www.info-algerie.com\\\/actualites\\\/le-conseil-des-chefs-detats-majors-des-pays-du-cemoc-reuni-a-tamanrasset\\\/#respond\"]}]},{\"@type\":\"WebPage\",\"@id\":\"https:\\\/\\\/www.info-algerie.com\\\/actualites\\\/le-conseil-des-chefs-detats-majors-des-pays-du-cemoc-reuni-a-tamanrasset\\\/\",\"url\":\"https:\\\/\\\/www.info-algerie.com\\\/actualites\\\/le-conseil-des-chefs-detats-majors-des-pays-du-cemoc-reuni-a-tamanrasset\\\/\",\"name\":\"Le Conseil des chefs d\u2019\u00e9tats-majors des pays du CEMOC r\u00e9uni \u00e0 Tamanrasset - info algerie\",\"isPartOf\":{\"@id\":\"https:\\\/\\\/www.info-algerie.com\\\/actualites\\\/#website\"},\"datePublished\":\"2015-09-16T10:18:07+00:00\",\"breadcrumb\":{\"@id\":\"https:\\\/\\\/www.info-algerie.com\\\/actualites\\\/le-conseil-des-chefs-detats-majors-des-pays-du-cemoc-reuni-a-tamanrasset\\\/#breadcrumb\"},\"inLanguage\":\"fr-FR\",\"potentialAction\":[{\"@type\":\"ReadAction\",\"target\":[\"https:\\\/\\\/www.info-algerie.com\\\/actualites\\\/le-conseil-des-chefs-detats-majors-des-pays-du-cemoc-reuni-a-tamanrasset\\\/\"]}]},{\"@type\":\"BreadcrumbList\",\"@id\":\"https:\\\/\\\/www.info-algerie.com\\\/actualites\\\/le-conseil-des-chefs-detats-majors-des-pays-du-cemoc-reuni-a-tamanrasset\\\/#breadcrumb\",\"itemListElement\":[{\"@type\":\"ListItem\",\"position\":1,\"name\":\"Accueil\",\"item\":\"https:\\\/\\\/www.info-algerie.com\\\/actualites\\\/\"},{\"@type\":\"ListItem\",\"position\":2,\"name\":\"Le Conseil des chefs d\u2019\u00e9tats-majors des pays du CEMOC r\u00e9uni \u00e0 Tamanrasset\"}]},{\"@type\":\"WebSite\",\"@id\":\"https:\\\/\\\/www.info-algerie.com\\\/actualites\\\/#website\",\"url\":\"https:\\\/\\\/www.info-algerie.com\\\/actualites\\\/\",\"name\":\"info algerie\",\"description\":\"Toutes les actualit\u00e9s\",\"publisher\":{\"@id\":\"https:\\\/\\\/www.info-algerie.com\\\/actualites\\\/#organization\"},\"potentialAction\":[{\"@type\":\"SearchAction\",\"target\":{\"@type\":\"EntryPoint\",\"urlTemplate\":\"https:\\\/\\\/www.info-algerie.com\\\/actualites\\\/?s={search_term_string}\"},\"query-input\":{\"@type\":\"PropertyValueSpecification\",\"valueRequired\":true,\"valueName\":\"search_term_string\"}}],\"inLanguage\":\"fr-FR\"},{\"@type\":\"Organization\",\"@id\":\"https:\\\/\\\/www.info-algerie.com\\\/actualites\\\/#organization\",\"name\":\"info algerie\",\"url\":\"https:\\\/\\\/www.info-algerie.com\\\/actualites\\\/\",\"logo\":{\"@type\":\"ImageObject\",\"inLanguage\":\"fr-FR\",\"@id\":\"https:\\\/\\\/www.info-algerie.com\\\/actualites\\\/#\\\/schema\\\/logo\\\/image\\\/\",\"url\":\"https:\\\/\\\/www.info-algerie.com\\\/actualites\\\/wp-content\\\/uploads\\\/2022\\\/07\\\/logo-ia-120.png\",\"contentUrl\":\"https:\\\/\\\/www.info-algerie.com\\\/actualites\\\/wp-content\\\/uploads\\\/2022\\\/07\\\/logo-ia-120.png\",\"width\":120,\"height\":43,\"caption\":\"info algerie\"},\"image\":{\"@id\":\"https:\\\/\\\/www.info-algerie.com\\\/actualites\\\/#\\\/schema\\\/logo\\\/image\\\/\"},\"sameAs\":[\"https:\\\/\\\/www.facebook.com\\\/infoalgerieactu\",\"https:\\\/\\\/x.com\\\/infoalgerie1\"]},{\"@type\":\"Person\",\"@id\":\"https:\\\/\\\/www.info-algerie.com\\\/actualites\\\/#\\\/schema\\\/person\\\/847aaec44920825b843a08f30ec6aa1e\",\"name\":\"La r\u00e9daction\",\"image\":{\"@type\":\"ImageObject\",\"inLanguage\":\"fr-FR\",\"@id\":\"https:\\\/\\\/secure.gravatar.com\\\/avatar\\\/769db425c6f465158149f1ffd6cf61ce7a8a879d11dfbef8288af36dfddd418c?s=96&d=mm&r=g\",\"url\":\"https:\\\/\\\/secure.gravatar.com\\\/avatar\\\/769db425c6f465158149f1ffd6cf61ce7a8a879d11dfbef8288af36dfddd418c?s=96&d=mm&r=g\",\"contentUrl\":\"https:\\\/\\\/secure.gravatar.com\\\/avatar\\\/769db425c6f465158149f1ffd6cf61ce7a8a879d11dfbef8288af36dfddd418c?s=96&d=mm&r=g\",\"caption\":\"La r\u00e9daction\"},\"sameAs\":[\"http:\\\/\\\/www.lkeria.com\\\/\"],\"url\":\"https:\\\/\\\/www.info-algerie.com\\\/actualites\\\/author\\\/chakib32\\\/\"}]}<\/script>\n<!-- \/ Yoast SEO plugin. -->","yoast_head_json":{"title":"Le Conseil des chefs d\u2019\u00e9tats-majors des pays du CEMOC r\u00e9uni \u00e0 Tamanrasset - info algerie","robots":{"index":"index","follow":"follow","max-snippet":"max-snippet:-1","max-image-preview":"max-image-preview:large","max-video-preview":"max-video-preview:-1"},"canonical":"https:\/\/www.info-algerie.com\/actualites\/le-conseil-des-chefs-detats-majors-des-pays-du-cemoc-reuni-a-tamanrasset\/","og_locale":"fr_FR","og_type":"article","og_title":"Le Conseil des chefs d\u2019\u00e9tats-majors des pays du CEMOC r\u00e9uni \u00e0 Tamanrasset - info algerie","og_description":"TAMANRASSET- Les travaux d\u2019une r\u00e9union ordinaire du Conseil des chefs d&rsquo;\u00e9tat-major de l\u2019Alg\u00e9rie, du Mali, de la Mauritanie et du Niger ont d\u00e9but\u00e9 mercredi au si\u00e8ge de la 6\u00e8me R\u00e9gion militaire \u00e0 Tamanrasset, sous la pr\u00e9sidence du g\u00e9n\u00e9ral de corps d\u2019Arm\u00e9e Ahmed Gaid Salah, vice-ministre de la D\u00e9fense nationale, chef\u2026 &#013; Source: Le Conseil des","og_url":"https:\/\/www.info-algerie.com\/actualites\/le-conseil-des-chefs-detats-majors-des-pays-du-cemoc-reuni-a-tamanrasset\/","og_site_name":"info algerie","article_publisher":"https:\/\/www.facebook.com\/infoalgerieactu","article_published_time":"2015-09-16T10:18:07+00:00","author":"La r\u00e9daction","twitter_misc":{"\u00c9crit par":"La r\u00e9daction"},"schema":{"@context":"https:\/\/schema.org","@graph":[{"@type":"Article","@id":"https:\/\/www.info-algerie.com\/actualites\/le-conseil-des-chefs-detats-majors-des-pays-du-cemoc-reuni-a-tamanrasset\/#article","isPartOf":{"@id":"https:\/\/www.info-algerie.com\/actualites\/le-conseil-des-chefs-detats-majors-des-pays-du-cemoc-reuni-a-tamanrasset\/"},"author":{"name":"La r\u00e9daction","@id":"https:\/\/www.info-algerie.com\/actualites\/#\/schema\/person\/847aaec44920825b843a08f30ec6aa1e"},"headline":"Le Conseil des chefs d\u2019\u00e9tats-majors des pays du CEMOC r\u00e9uni \u00e0 Tamanrasset","datePublished":"2015-09-16T10:18:07+00:00","mainEntityOfPage":{"@id":"https:\/\/www.info-algerie.com\/actualites\/le-conseil-des-chefs-detats-majors-des-pays-du-cemoc-reuni-a-tamanrasset\/"},"wordCount":90,"commentCount":0,"publisher":{"@id":"https:\/\/www.info-algerie.com\/actualites\/#organization"},"keywords":["ONU"],"articleSection":["infos"],"inLanguage":"fr-FR","potentialAction":[{"@type":"CommentAction","name":"Comment","target":["https:\/\/www.info-algerie.com\/actualites\/le-conseil-des-chefs-detats-majors-des-pays-du-cemoc-reuni-a-tamanrasset\/#respond"]}]},{"@type":"WebPage","@id":"https:\/\/www.info-algerie.com\/actualites\/le-conseil-des-chefs-detats-majors-des-pays-du-cemoc-reuni-a-tamanrasset\/","url":"https:\/\/www.info-algerie.com\/actualites\/le-conseil-des-chefs-detats-majors-des-pays-du-cemoc-reuni-a-tamanrasset\/","name":"Le Conseil des chefs d\u2019\u00e9tats-majors des pays du CEMOC r\u00e9uni \u00e0 Tamanrasset - info algerie","isPartOf":{"@id":"https:\/\/www.info-algerie.com\/actualites\/#website"},"datePublished":"2015-09-16T10:18:07+00:00","breadcrumb":{"@id":"https:\/\/www.info-algerie.com\/actualites\/le-conseil-des-chefs-detats-majors-des-pays-du-cemoc-reuni-a-tamanrasset\/#breadcrumb"},"inLanguage":"fr-FR","potentialAction":[{"@type":"ReadAction","target":["https:\/\/www.info-algerie.com\/actualites\/le-conseil-des-chefs-detats-majors-des-pays-du-cemoc-reuni-a-tamanrasset\/"]}]},{"@type":"BreadcrumbList","@id":"https:\/\/www.info-algerie.com\/actualites\/le-conseil-des-chefs-detats-majors-des-pays-du-cemoc-reuni-a-tamanrasset\/#breadcrumb","itemListElement":[{"@type":"ListItem","position":1,"name":"Accueil","item":"https:\/\/www.info-algerie.com\/actualites\/"},{"@type":"ListItem","position":2,"name":"Le Conseil des chefs d\u2019\u00e9tats-majors des pays du CEMOC r\u00e9uni \u00e0 Tamanrasset"}]},{"@type":"WebSite","@id":"https:\/\/www.info-algerie.com\/actualites\/#website","url":"https:\/\/www.info-algerie.com\/actualites\/","name":"info algerie","description":"Toutes les actualit\u00e9s","publisher":{"@id":"https:\/\/www.info-algerie.com\/actualites\/#organization"},"potentialAction":[{"@type":"SearchAction","target":{"@type":"EntryPoint","urlTemplate":"https:\/\/www.info-algerie.com\/actualites\/?s={search_term_string}"},"query-input":{"@type":"PropertyValueSpecification","valueRequired":true,"valueName":"search_term_string"}}],"inLanguage":"fr-FR"},{"@type":"Organization","@id":"https:\/\/www.info-algerie.com\/actualites\/#organization","name":"info algerie","url":"https:\/\/www.info-algerie.com\/actualites\/","logo":{"@type":"ImageObject","inLanguage":"fr-FR","@id":"https:\/\/www.info-algerie.com\/actualites\/#\/schema\/logo\/image\/","url":"https:\/\/www.info-algerie.com\/actualites\/wp-content\/uploads\/2022\/07\/logo-ia-120.png","contentUrl":"https:\/\/www.info-algerie.com\/actualites\/wp-content\/uploads\/2022\/07\/logo-ia-120.png","width":120,"height":43,"caption":"info algerie"},"image":{"@id":"https:\/\/www.info-algerie.com\/actualites\/#\/schema\/logo\/image\/"},"sameAs":["https:\/\/www.facebook.com\/infoalgerieactu","https:\/\/x.com\/infoalgerie1"]},{"@type":"Person","@id":"https:\/\/www.info-algerie.com\/actualites\/#\/schema\/person\/847aaec44920825b843a08f30ec6aa1e","name":"La r\u00e9daction","image":{"@type":"ImageObject","inLanguage":"fr-FR","@id":"https:\/\/secure.gravatar.com\/avatar\/769db425c6f465158149f1ffd6cf61ce7a8a879d11dfbef8288af36dfddd418c?s=96&d=mm&r=g","url":"https:\/\/secure.gravatar.com\/avatar\/769db425c6f465158149f1ffd6cf61ce7a8a879d11dfbef8288af36dfddd418c?s=96&d=mm&r=g","contentUrl":"https:\/\/secure.gravatar.com\/avatar\/769db425c6f465158149f1ffd6cf61ce7a8a879d11dfbef8288af36dfddd418c?s=96&d=mm&r=g","caption":"La r\u00e9daction"},"sameAs":["http:\/\/www.lkeria.com\/"],"url":"https:\/\/www.info-algerie.com\/actualites\/author\/chakib32\/"}]}},"_links":{"self":[{"href":"https:\/\/www.info-algerie.com\/actualites\/wp-json\/wp\/v2\/posts\/870","targetHints":{"allow":["GET"]}}],"collection":[{"href":"https:\/\/www.info-algerie.com\/actualites\/wp-json\/wp\/v2\/posts"}],"about":[{"href":"https:\/\/www.info-algerie.com\/actualites\/wp-json\/wp\/v2\/types\/post"}],"author":[{"embeddable":true,"href":"https:\/\/www.info-algerie.com\/actualites\/wp-json\/wp\/v2\/users\/6"}],"replies":[{"embeddable":true,"href":"https:\/\/www.info-algerie.com\/actualites\/wp-json\/wp\/v2\/comments?post=870"}],"version-history":[{"count":0,"href":"https:\/\/www.info-algerie.com\/actualites\/wp-json\/wp\/v2\/posts\/870\/revisions"}],"wp:attachment":[{"href":"https:\/\/www.info-algerie.com\/actualites\/wp-json\/wp\/v2\/media?parent=870"}],"wp:term":[{"taxonomy":"category","embeddable":true,"href":"https:\/\/www.info-algerie.com\/actualites\/wp-json\/wp\/v2\/categories?post=870"},{"taxonomy":"post_tag","embeddable":true,"href":"https:\/\/www.info-algerie.com\/actualites\/wp-json\/wp\/v2\/tags?post=870"}],"curies":[{"name":"wp","href":"https:\/\/api.w.org\/{rel}","templated":true}]}}