{"id":8719,"date":"2017-03-02T15:37:14","date_gmt":"2017-03-02T14:37:14","guid":{"rendered":"http:\/\/www.info-algerie.com\/actualites\/legislatives-les-mosquees-ne-doivent-pas-etre-impliquees-dans-la-campagne-electorale\/"},"modified":"2017-03-02T15:37:14","modified_gmt":"2017-03-02T14:37:14","slug":"legislatives-les-mosquees-ne-doivent-pas-etre-impliquees-dans-la-campagne-electorale","status":"publish","type":"post","link":"https:\/\/www.info-algerie.com\/actualites\/legislatives-les-mosquees-ne-doivent-pas-etre-impliquees-dans-la-campagne-electorale\/","title":{"rendered":"L\u00e9gislatives: les mosqu\u00e9es ne doivent pas \u00eatre impliqu\u00e9es dans la campagne \u00e9lectorale"},"content":{"rendered":"<div class=\"K2FeedImage\"><img decoding=\"async\" src=\"https:\/\/www.info-algerie.com\/actualites\/wp-content\/uploads\/2017\/03\/887deb490ef2282ffb09a579591a2252_S.jpg\" alt=\"L&#xE9;gislatives: les mosqu&#xE9;es ne doivent pas &#xEA;tre impliqu&#xE9;es dans la campagne &#xE9;lectorale\" \/><\/div>\n<div class=\"K2FeedIntroText\"> ALGER &#8211; Le ministre des Affaires religieuses et des Wakfs, Mohamed Aissa a r\u00e9v\u00e9l\u00e9 que son d\u00e9partement avait enjoint \u00e0 toutes les directions des affaires religieuses et des wakfs du territoire national de ne pas impliquer les mosqu\u00e9es dans la campagne pour les prochaines \u00e9lections l\u00e9gislatives. Nous avons adress\u00e9 une\u2026<\/div>\n<p>&#013;<br \/>\nSource: <a href=\"http:\/\/www.aps.dz\/algerie\/54143-l%C3%A9gislatives-les-mosqu%C3%A9es-ne-doivent-pas-%C3%AAtre-impliqu%C3%A9es-dans-la-campagne-%C3%A9lectorale\" target=\"_blank\">L\u00e9gislatives: les mosqu\u00e9es ne doivent pas \u00eatre impliqu\u00e9es dans la campagne \u00e9lectorale<\/a><\/p>\n<!--CusAds0-->\n<div style=\"font-size: 0px; height: 0px; line-height: 0px; margin: 0; padding: 0; clear: both;\"><\/div>","protected":false},"excerpt":{"rendered":"<p>ALGER &#8211; Le ministre des Affaires religieuses et des Wakfs, Mohamed Aissa a r\u00e9v\u00e9l\u00e9 que son d\u00e9partement avait enjoint \u00e0 toutes les directions des affaires religieuses et des wakfs du territoire national de ne pas impliquer les mosqu\u00e9es dans la campagne pour les prochaines \u00e9lections l\u00e9gislatives. Nous avons adress\u00e9 une\u2026 &#013; Source: L\u00e9gislatives: les mosqu\u00e9es<\/p>\n","protected":false},"author":6,"featured_media":8720,"comment_status":"open","ping_status":"open","sticky":false,"template":"","format":"standard","meta":{"footnotes":""},"categories":[22],"tags":[93],"class_list":["post-8719","post","type-post","status-publish","format-standard","has-post-thumbnail","hentry","category-infos","tag-onu"],"yoast_head":"<!-- This site is optimized with the Yoast SEO plugin v27.5 - https:\/\/yoast.com\/product\/yoast-seo-wordpress\/ -->\n<title>L\u00e9gislatives: les mosqu\u00e9es ne doivent pas \u00eatre impliqu\u00e9es dans la campagne \u00e9lectorale - info algerie<\/title>\n<meta name=\"robots\" content=\"index, follow, max-snippet:-1, max-image-preview:large, max-video-preview:-1\" \/>\n<link rel=\"canonical\" href=\"https:\/\/www.info-algerie.com\/actualites\/legislatives-les-mosquees-ne-doivent-pas-etre-impliquees-dans-la-campagne-electorale\/\" \/>\n<meta property=\"og:locale\" content=\"fr_FR\" \/>\n<meta property=\"og:type\" content=\"article\" \/>\n<meta property=\"og:title\" content=\"L\u00e9gislatives: les mosqu\u00e9es ne doivent pas \u00eatre impliqu\u00e9es dans la campagne \u00e9lectorale - info algerie\" \/>\n<meta property=\"og:description\" content=\"ALGER &#8211; Le ministre des Affaires religieuses et des Wakfs, Mohamed Aissa a r\u00e9v\u00e9l\u00e9 que son d\u00e9partement avait enjoint \u00e0 toutes les directions des affaires religieuses et des wakfs du territoire national de ne pas impliquer les mosqu\u00e9es dans la campagne pour les prochaines \u00e9lections l\u00e9gislatives. Nous avons adress\u00e9 une\u2026 &#013; Source: L\u00e9gislatives: les mosqu\u00e9es\" \/>\n<meta property=\"og:url\" content=\"https:\/\/www.info-algerie.com\/actualites\/legislatives-les-mosquees-ne-doivent-pas-etre-impliquees-dans-la-campagne-electorale\/\" \/>\n<meta property=\"og:site_name\" content=\"info algerie\" \/>\n<meta property=\"article:publisher\" content=\"https:\/\/www.facebook.com\/infoalgerieactu\" \/>\n<meta property=\"article:published_time\" content=\"2017-03-02T14:37:14+00:00\" \/>\n<meta property=\"og:image\" content=\"https:\/\/www.info-algerie.com\/actualites\/wp-content\/uploads\/2017\/03\/887deb490ef2282ffb09a579591a2252_S-1.jpg\" \/>\n\t<meta property=\"og:image:width\" content=\"150\" \/>\n\t<meta property=\"og:image:height\" content=\"97\" \/>\n\t<meta property=\"og:image:type\" content=\"image\/jpeg\" \/>\n<meta name=\"author\" content=\"La r\u00e9daction\" \/>\n<meta name=\"twitter:label1\" content=\"\u00c9crit par\" \/>\n\t<meta name=\"twitter:data1\" content=\"La r\u00e9daction\" \/>\n<script type=\"application\/ld+json\" class=\"yoast-schema-graph\">{\"@context\":\"https:\\\/\\\/schema.org\",\"@graph\":[{\"@type\":\"Article\",\"@id\":\"https:\\\/\\\/www.info-algerie.com\\\/actualites\\\/legislatives-les-mosquees-ne-doivent-pas-etre-impliquees-dans-la-campagne-electorale\\\/#article\",\"isPartOf\":{\"@id\":\"https:\\\/\\\/www.info-algerie.com\\\/actualites\\\/legislatives-les-mosquees-ne-doivent-pas-etre-impliquees-dans-la-campagne-electorale\\\/\"},\"author\":{\"name\":\"La r\u00e9daction\",\"@id\":\"https:\\\/\\\/www.info-algerie.com\\\/actualites\\\/#\\\/schema\\\/person\\\/847aaec44920825b843a08f30ec6aa1e\"},\"headline\":\"L\u00e9gislatives: les mosqu\u00e9es ne doivent pas \u00eatre impliqu\u00e9es dans la campagne \u00e9lectorale\",\"datePublished\":\"2017-03-02T14:37:14+00:00\",\"mainEntityOfPage\":{\"@id\":\"https:\\\/\\\/www.info-algerie.com\\\/actualites\\\/legislatives-les-mosquees-ne-doivent-pas-etre-impliquees-dans-la-campagne-electorale\\\/\"},\"wordCount\":85,\"commentCount\":0,\"publisher\":{\"@id\":\"https:\\\/\\\/www.info-algerie.com\\\/actualites\\\/#organization\"},\"image\":{\"@id\":\"https:\\\/\\\/www.info-algerie.com\\\/actualites\\\/legislatives-les-mosquees-ne-doivent-pas-etre-impliquees-dans-la-campagne-electorale\\\/#primaryimage\"},\"thumbnailUrl\":\"https:\\\/\\\/www.info-algerie.com\\\/actualites\\\/wp-content\\\/uploads\\\/2017\\\/03\\\/887deb490ef2282ffb09a579591a2252_S-1.jpg\",\"keywords\":[\"ONU\"],\"articleSection\":[\"infos\"],\"inLanguage\":\"fr-FR\",\"potentialAction\":[{\"@type\":\"CommentAction\",\"name\":\"Comment\",\"target\":[\"https:\\\/\\\/www.info-algerie.com\\\/actualites\\\/legislatives-les-mosquees-ne-doivent-pas-etre-impliquees-dans-la-campagne-electorale\\\/#respond\"]}]},{\"@type\":\"WebPage\",\"@id\":\"https:\\\/\\\/www.info-algerie.com\\\/actualites\\\/legislatives-les-mosquees-ne-doivent-pas-etre-impliquees-dans-la-campagne-electorale\\\/\",\"url\":\"https:\\\/\\\/www.info-algerie.com\\\/actualites\\\/legislatives-les-mosquees-ne-doivent-pas-etre-impliquees-dans-la-campagne-electorale\\\/\",\"name\":\"L\u00e9gislatives: les mosqu\u00e9es ne doivent pas \u00eatre impliqu\u00e9es dans la campagne \u00e9lectorale - info algerie\",\"isPartOf\":{\"@id\":\"https:\\\/\\\/www.info-algerie.com\\\/actualites\\\/#website\"},\"primaryImageOfPage\":{\"@id\":\"https:\\\/\\\/www.info-algerie.com\\\/actualites\\\/legislatives-les-mosquees-ne-doivent-pas-etre-impliquees-dans-la-campagne-electorale\\\/#primaryimage\"},\"image\":{\"@id\":\"https:\\\/\\\/www.info-algerie.com\\\/actualites\\\/legislatives-les-mosquees-ne-doivent-pas-etre-impliquees-dans-la-campagne-electorale\\\/#primaryimage\"},\"thumbnailUrl\":\"https:\\\/\\\/www.info-algerie.com\\\/actualites\\\/wp-content\\\/uploads\\\/2017\\\/03\\\/887deb490ef2282ffb09a579591a2252_S-1.jpg\",\"datePublished\":\"2017-03-02T14:37:14+00:00\",\"breadcrumb\":{\"@id\":\"https:\\\/\\\/www.info-algerie.com\\\/actualites\\\/legislatives-les-mosquees-ne-doivent-pas-etre-impliquees-dans-la-campagne-electorale\\\/#breadcrumb\"},\"inLanguage\":\"fr-FR\",\"potentialAction\":[{\"@type\":\"ReadAction\",\"target\":[\"https:\\\/\\\/www.info-algerie.com\\\/actualites\\\/legislatives-les-mosquees-ne-doivent-pas-etre-impliquees-dans-la-campagne-electorale\\\/\"]}]},{\"@type\":\"ImageObject\",\"inLanguage\":\"fr-FR\",\"@id\":\"https:\\\/\\\/www.info-algerie.com\\\/actualites\\\/legislatives-les-mosquees-ne-doivent-pas-etre-impliquees-dans-la-campagne-electorale\\\/#primaryimage\",\"url\":\"https:\\\/\\\/www.info-algerie.com\\\/actualites\\\/wp-content\\\/uploads\\\/2017\\\/03\\\/887deb490ef2282ffb09a579591a2252_S-1.jpg\",\"contentUrl\":\"https:\\\/\\\/www.info-algerie.com\\\/actualites\\\/wp-content\\\/uploads\\\/2017\\\/03\\\/887deb490ef2282ffb09a579591a2252_S-1.jpg\",\"width\":150,\"height\":97},{\"@type\":\"BreadcrumbList\",\"@id\":\"https:\\\/\\\/www.info-algerie.com\\\/actualites\\\/legislatives-les-mosquees-ne-doivent-pas-etre-impliquees-dans-la-campagne-electorale\\\/#breadcrumb\",\"itemListElement\":[{\"@type\":\"ListItem\",\"position\":1,\"name\":\"Accueil\",\"item\":\"https:\\\/\\\/www.info-algerie.com\\\/actualites\\\/\"},{\"@type\":\"ListItem\",\"position\":2,\"name\":\"L\u00e9gislatives: les mosqu\u00e9es ne doivent pas \u00eatre impliqu\u00e9es dans la campagne \u00e9lectorale\"}]},{\"@type\":\"WebSite\",\"@id\":\"https:\\\/\\\/www.info-algerie.com\\\/actualites\\\/#website\",\"url\":\"https:\\\/\\\/www.info-algerie.com\\\/actualites\\\/\",\"name\":\"info algerie\",\"description\":\"Toutes les actualit\u00e9s\",\"publisher\":{\"@id\":\"https:\\\/\\\/www.info-algerie.com\\\/actualites\\\/#organization\"},\"potentialAction\":[{\"@type\":\"SearchAction\",\"target\":{\"@type\":\"EntryPoint\",\"urlTemplate\":\"https:\\\/\\\/www.info-algerie.com\\\/actualites\\\/?s={search_term_string}\"},\"query-input\":{\"@type\":\"PropertyValueSpecification\",\"valueRequired\":true,\"valueName\":\"search_term_string\"}}],\"inLanguage\":\"fr-FR\"},{\"@type\":\"Organization\",\"@id\":\"https:\\\/\\\/www.info-algerie.com\\\/actualites\\\/#organization\",\"name\":\"info algerie\",\"url\":\"https:\\\/\\\/www.info-algerie.com\\\/actualites\\\/\",\"logo\":{\"@type\":\"ImageObject\",\"inLanguage\":\"fr-FR\",\"@id\":\"https:\\\/\\\/www.info-algerie.com\\\/actualites\\\/#\\\/schema\\\/logo\\\/image\\\/\",\"url\":\"https:\\\/\\\/www.info-algerie.com\\\/actualites\\\/wp-content\\\/uploads\\\/2022\\\/07\\\/logo-ia-120.png\",\"contentUrl\":\"https:\\\/\\\/www.info-algerie.com\\\/actualites\\\/wp-content\\\/uploads\\\/2022\\\/07\\\/logo-ia-120.png\",\"width\":120,\"height\":43,\"caption\":\"info algerie\"},\"image\":{\"@id\":\"https:\\\/\\\/www.info-algerie.com\\\/actualites\\\/#\\\/schema\\\/logo\\\/image\\\/\"},\"sameAs\":[\"https:\\\/\\\/www.facebook.com\\\/infoalgerieactu\",\"https:\\\/\\\/x.com\\\/infoalgerie1\"]},{\"@type\":\"Person\",\"@id\":\"https:\\\/\\\/www.info-algerie.com\\\/actualites\\\/#\\\/schema\\\/person\\\/847aaec44920825b843a08f30ec6aa1e\",\"name\":\"La r\u00e9daction\",\"image\":{\"@type\":\"ImageObject\",\"inLanguage\":\"fr-FR\",\"@id\":\"https:\\\/\\\/secure.gravatar.com\\\/avatar\\\/769db425c6f465158149f1ffd6cf61ce7a8a879d11dfbef8288af36dfddd418c?s=96&d=mm&r=g\",\"url\":\"https:\\\/\\\/secure.gravatar.com\\\/avatar\\\/769db425c6f465158149f1ffd6cf61ce7a8a879d11dfbef8288af36dfddd418c?s=96&d=mm&r=g\",\"contentUrl\":\"https:\\\/\\\/secure.gravatar.com\\\/avatar\\\/769db425c6f465158149f1ffd6cf61ce7a8a879d11dfbef8288af36dfddd418c?s=96&d=mm&r=g\",\"caption\":\"La r\u00e9daction\"},\"sameAs\":[\"http:\\\/\\\/www.lkeria.com\\\/\"],\"url\":\"https:\\\/\\\/www.info-algerie.com\\\/actualites\\\/author\\\/chakib32\\\/\"}]}<\/script>\n<!-- \/ Yoast SEO plugin. -->","yoast_head_json":{"title":"L\u00e9gislatives: les mosqu\u00e9es ne doivent pas \u00eatre impliqu\u00e9es dans la campagne \u00e9lectorale - info algerie","robots":{"index":"index","follow":"follow","max-snippet":"max-snippet:-1","max-image-preview":"max-image-preview:large","max-video-preview":"max-video-preview:-1"},"canonical":"https:\/\/www.info-algerie.com\/actualites\/legislatives-les-mosquees-ne-doivent-pas-etre-impliquees-dans-la-campagne-electorale\/","og_locale":"fr_FR","og_type":"article","og_title":"L\u00e9gislatives: les mosqu\u00e9es ne doivent pas \u00eatre impliqu\u00e9es dans la campagne \u00e9lectorale - info algerie","og_description":"ALGER &#8211; Le ministre des Affaires religieuses et des Wakfs, Mohamed Aissa a r\u00e9v\u00e9l\u00e9 que son d\u00e9partement avait enjoint \u00e0 toutes les directions des affaires religieuses et des wakfs du territoire national de ne pas impliquer les mosqu\u00e9es dans la campagne pour les prochaines \u00e9lections l\u00e9gislatives. Nous avons adress\u00e9 une\u2026 &#013; Source: L\u00e9gislatives: les mosqu\u00e9es","og_url":"https:\/\/www.info-algerie.com\/actualites\/legislatives-les-mosquees-ne-doivent-pas-etre-impliquees-dans-la-campagne-electorale\/","og_site_name":"info algerie","article_publisher":"https:\/\/www.facebook.com\/infoalgerieactu","article_published_time":"2017-03-02T14:37:14+00:00","og_image":[{"width":150,"height":97,"url":"https:\/\/www.info-algerie.com\/actualites\/wp-content\/uploads\/2017\/03\/887deb490ef2282ffb09a579591a2252_S-1.jpg","type":"image\/jpeg"}],"author":"La r\u00e9daction","twitter_misc":{"\u00c9crit par":"La r\u00e9daction"},"schema":{"@context":"https:\/\/schema.org","@graph":[{"@type":"Article","@id":"https:\/\/www.info-algerie.com\/actualites\/legislatives-les-mosquees-ne-doivent-pas-etre-impliquees-dans-la-campagne-electorale\/#article","isPartOf":{"@id":"https:\/\/www.info-algerie.com\/actualites\/legislatives-les-mosquees-ne-doivent-pas-etre-impliquees-dans-la-campagne-electorale\/"},"author":{"name":"La r\u00e9daction","@id":"https:\/\/www.info-algerie.com\/actualites\/#\/schema\/person\/847aaec44920825b843a08f30ec6aa1e"},"headline":"L\u00e9gislatives: les mosqu\u00e9es ne doivent pas \u00eatre impliqu\u00e9es dans la campagne \u00e9lectorale","datePublished":"2017-03-02T14:37:14+00:00","mainEntityOfPage":{"@id":"https:\/\/www.info-algerie.com\/actualites\/legislatives-les-mosquees-ne-doivent-pas-etre-impliquees-dans-la-campagne-electorale\/"},"wordCount":85,"commentCount":0,"publisher":{"@id":"https:\/\/www.info-algerie.com\/actualites\/#organization"},"image":{"@id":"https:\/\/www.info-algerie.com\/actualites\/legislatives-les-mosquees-ne-doivent-pas-etre-impliquees-dans-la-campagne-electorale\/#primaryimage"},"thumbnailUrl":"https:\/\/www.info-algerie.com\/actualites\/wp-content\/uploads\/2017\/03\/887deb490ef2282ffb09a579591a2252_S-1.jpg","keywords":["ONU"],"articleSection":["infos"],"inLanguage":"fr-FR","potentialAction":[{"@type":"CommentAction","name":"Comment","target":["https:\/\/www.info-algerie.com\/actualites\/legislatives-les-mosquees-ne-doivent-pas-etre-impliquees-dans-la-campagne-electorale\/#respond"]}]},{"@type":"WebPage","@id":"https:\/\/www.info-algerie.com\/actualites\/legislatives-les-mosquees-ne-doivent-pas-etre-impliquees-dans-la-campagne-electorale\/","url":"https:\/\/www.info-algerie.com\/actualites\/legislatives-les-mosquees-ne-doivent-pas-etre-impliquees-dans-la-campagne-electorale\/","name":"L\u00e9gislatives: les mosqu\u00e9es ne doivent pas \u00eatre impliqu\u00e9es dans la campagne \u00e9lectorale - info algerie","isPartOf":{"@id":"https:\/\/www.info-algerie.com\/actualites\/#website"},"primaryImageOfPage":{"@id":"https:\/\/www.info-algerie.com\/actualites\/legislatives-les-mosquees-ne-doivent-pas-etre-impliquees-dans-la-campagne-electorale\/#primaryimage"},"image":{"@id":"https:\/\/www.info-algerie.com\/actualites\/legislatives-les-mosquees-ne-doivent-pas-etre-impliquees-dans-la-campagne-electorale\/#primaryimage"},"thumbnailUrl":"https:\/\/www.info-algerie.com\/actualites\/wp-content\/uploads\/2017\/03\/887deb490ef2282ffb09a579591a2252_S-1.jpg","datePublished":"2017-03-02T14:37:14+00:00","breadcrumb":{"@id":"https:\/\/www.info-algerie.com\/actualites\/legislatives-les-mosquees-ne-doivent-pas-etre-impliquees-dans-la-campagne-electorale\/#breadcrumb"},"inLanguage":"fr-FR","potentialAction":[{"@type":"ReadAction","target":["https:\/\/www.info-algerie.com\/actualites\/legislatives-les-mosquees-ne-doivent-pas-etre-impliquees-dans-la-campagne-electorale\/"]}]},{"@type":"ImageObject","inLanguage":"fr-FR","@id":"https:\/\/www.info-algerie.com\/actualites\/legislatives-les-mosquees-ne-doivent-pas-etre-impliquees-dans-la-campagne-electorale\/#primaryimage","url":"https:\/\/www.info-algerie.com\/actualites\/wp-content\/uploads\/2017\/03\/887deb490ef2282ffb09a579591a2252_S-1.jpg","contentUrl":"https:\/\/www.info-algerie.com\/actualites\/wp-content\/uploads\/2017\/03\/887deb490ef2282ffb09a579591a2252_S-1.jpg","width":150,"height":97},{"@type":"BreadcrumbList","@id":"https:\/\/www.info-algerie.com\/actualites\/legislatives-les-mosquees-ne-doivent-pas-etre-impliquees-dans-la-campagne-electorale\/#breadcrumb","itemListElement":[{"@type":"ListItem","position":1,"name":"Accueil","item":"https:\/\/www.info-algerie.com\/actualites\/"},{"@type":"ListItem","position":2,"name":"L\u00e9gislatives: les mosqu\u00e9es ne doivent pas \u00eatre impliqu\u00e9es dans la campagne \u00e9lectorale"}]},{"@type":"WebSite","@id":"https:\/\/www.info-algerie.com\/actualites\/#website","url":"https:\/\/www.info-algerie.com\/actualites\/","name":"info algerie","description":"Toutes les actualit\u00e9s","publisher":{"@id":"https:\/\/www.info-algerie.com\/actualites\/#organization"},"potentialAction":[{"@type":"SearchAction","target":{"@type":"EntryPoint","urlTemplate":"https:\/\/www.info-algerie.com\/actualites\/?s={search_term_string}"},"query-input":{"@type":"PropertyValueSpecification","valueRequired":true,"valueName":"search_term_string"}}],"inLanguage":"fr-FR"},{"@type":"Organization","@id":"https:\/\/www.info-algerie.com\/actualites\/#organization","name":"info algerie","url":"https:\/\/www.info-algerie.com\/actualites\/","logo":{"@type":"ImageObject","inLanguage":"fr-FR","@id":"https:\/\/www.info-algerie.com\/actualites\/#\/schema\/logo\/image\/","url":"https:\/\/www.info-algerie.com\/actualites\/wp-content\/uploads\/2022\/07\/logo-ia-120.png","contentUrl":"https:\/\/www.info-algerie.com\/actualites\/wp-content\/uploads\/2022\/07\/logo-ia-120.png","width":120,"height":43,"caption":"info algerie"},"image":{"@id":"https:\/\/www.info-algerie.com\/actualites\/#\/schema\/logo\/image\/"},"sameAs":["https:\/\/www.facebook.com\/infoalgerieactu","https:\/\/x.com\/infoalgerie1"]},{"@type":"Person","@id":"https:\/\/www.info-algerie.com\/actualites\/#\/schema\/person\/847aaec44920825b843a08f30ec6aa1e","name":"La r\u00e9daction","image":{"@type":"ImageObject","inLanguage":"fr-FR","@id":"https:\/\/secure.gravatar.com\/avatar\/769db425c6f465158149f1ffd6cf61ce7a8a879d11dfbef8288af36dfddd418c?s=96&d=mm&r=g","url":"https:\/\/secure.gravatar.com\/avatar\/769db425c6f465158149f1ffd6cf61ce7a8a879d11dfbef8288af36dfddd418c?s=96&d=mm&r=g","contentUrl":"https:\/\/secure.gravatar.com\/avatar\/769db425c6f465158149f1ffd6cf61ce7a8a879d11dfbef8288af36dfddd418c?s=96&d=mm&r=g","caption":"La r\u00e9daction"},"sameAs":["http:\/\/www.lkeria.com\/"],"url":"https:\/\/www.info-algerie.com\/actualites\/author\/chakib32\/"}]}},"_links":{"self":[{"href":"https:\/\/www.info-algerie.com\/actualites\/wp-json\/wp\/v2\/posts\/8719","targetHints":{"allow":["GET"]}}],"collection":[{"href":"https:\/\/www.info-algerie.com\/actualites\/wp-json\/wp\/v2\/posts"}],"about":[{"href":"https:\/\/www.info-algerie.com\/actualites\/wp-json\/wp\/v2\/types\/post"}],"author":[{"embeddable":true,"href":"https:\/\/www.info-algerie.com\/actualites\/wp-json\/wp\/v2\/users\/6"}],"replies":[{"embeddable":true,"href":"https:\/\/www.info-algerie.com\/actualites\/wp-json\/wp\/v2\/comments?post=8719"}],"version-history":[{"count":0,"href":"https:\/\/www.info-algerie.com\/actualites\/wp-json\/wp\/v2\/posts\/8719\/revisions"}],"wp:featuredmedia":[{"embeddable":true,"href":"https:\/\/www.info-algerie.com\/actualites\/wp-json\/wp\/v2\/media\/8720"}],"wp:attachment":[{"href":"https:\/\/www.info-algerie.com\/actualites\/wp-json\/wp\/v2\/media?parent=8719"}],"wp:term":[{"taxonomy":"category","embeddable":true,"href":"https:\/\/www.info-algerie.com\/actualites\/wp-json\/wp\/v2\/categories?post=8719"},{"taxonomy":"post_tag","embeddable":true,"href":"https:\/\/www.info-algerie.com\/actualites\/wp-json\/wp\/v2\/tags?post=8719"}],"curies":[{"name":"wp","href":"https:\/\/api.w.org\/{rel}","templated":true}]}}