{"id":8725,"date":"2017-03-02T19:00:47","date_gmt":"2017-03-02T18:00:47","guid":{"rendered":"http:\/\/www.info-algerie.com\/actualites\/lauteur-de-lattentat-dejoue-au-siege-de-la-surete-urbaine-de-constantine-a-ete-identifie\/"},"modified":"2017-03-02T20:04:15","modified_gmt":"2017-03-02T19:04:15","slug":"attentat-constantine","status":"publish","type":"post","link":"https:\/\/www.info-algerie.com\/actualites\/attentat-constantine\/","title":{"rendered":"l&rsquo;auteur de l\u2019attentat d\u00e9jou\u00e9 au si\u00e8ge de la s\u00fbret\u00e9 urbaine de Constantine a \u00e9t\u00e9 identifi\u00e9"},"content":{"rendered":"<div class=\"K2FeedImage\"><img loading=\"lazy\" decoding=\"async\" class=\"alignnone\" src=\"https:\/\/www.info-algerie.com\/actualites\/wp-content\/uploads\/2017\/03\/684e781f861425419c4dc61421c7d0d6_S.jpg\" alt=\"L'auteur de l\u2019attentat d\u00e9jou\u00e9 au si\u00e8ge de la s\u00fbret\u00e9 urbaine de Constantine a \u00e9t\u00e9 identifi\u00e9\" width=\"150\" height=\"85\" \/><\/div>\n<div class=\"K2FeedIntroText\"><\/div>\n<div class=\"K2FeedIntroText\">TISSEMSILT &#8211; L&rsquo;auteur de l\u2019attentat d\u00e9jou\u00e9 au si\u00e8ge de la s\u00fbret\u00e9 urbaine de Constantine a \u00e9t\u00e9 identifi\u00e9, a-t-on appris jeudi \u00e0 Tissemsilt du ministre de la Justice, Garde des sceaux, Tayeb Louh.<\/div>\n<div class=\"K2FeedIntroText\"><\/div>\n<div class=\"K2FeedIntroText\">\n<p>Le terroriste, auteur de l\u2019attentat d\u00e9jou\u00e9 au si\u00e8ge de la 13\u00e8me s\u00fbret\u00e9 urbaine de Constantine, \u00ab\u00a0a \u00e9t\u00e9 identifi\u00e9 en coordination avec les cadres charg\u00e9s de l\u2019enqu\u00eate dirig\u00e9e par le procureur de la R\u00e9publique comp\u00e9tent\u00a0\u00bb, a indiqu\u00e9 le ministre lors de la c\u00e9r\u00e9monie d\u2019inauguration de la Cour de Tissemsilt.<\/p>\n<p>Il a ajout\u00e9 que conform\u00e9ment aux proc\u00e9dures et \u00e0 la n\u00e9cessit\u00e9 de l\u2019enqu\u00eate, le nom de \u00ab\u00a0l&rsquo;auteur de cet attentat ne peut, \u00e0 pr\u00e9sent, \u00eatre r\u00e9v\u00e9l\u00e9\u00a0\u00bb.<\/p>\n<p>Par ailleurs, Tayeb Louh a insist\u00e9 sur la n\u00e9cessit\u00e9 pour les magistrats et fonctionnaires de s&rsquo;adapter avec la modernisation du secteur de la justice en mouvement, affirmant que cette modernisation conna\u00eet un rythme acc\u00e9l\u00e9r\u00e9.<\/p>\n<p>M. Louh a soulign\u00e9 que les nouvelles techniques utilis\u00e9es dans le secteur de la justice permettent une rapidit\u00e9 de l\u2019information en collaboration avec les services concern\u00e9s par la lutte contre le crime organis\u00e9 dont le terrorisme et le trafic de drogue notamment.<\/p>\n<p>Le secteur de la Justice, a expliqu\u00e9 le ministre, adopte la modernisation pour garantir les droits et les libert\u00e9s des citoyens en application des amendements de la Constitution initi\u00e9s par le Pr\u00e9sident de la R\u00e9publique, Abdelaziz Bouteflika, et des r\u00e9formes du secteur.<\/p>\n<p>\u00ab\u00a0Nous sommes certains que la garantie des droits et des libert\u00e9s des citoyens n\u00e9cessite la contribution de tous \u00e0 leur t\u00eate l&rsquo;appareil judiciaire\u00a0\u00bb, a-t-il d\u00e9clar\u00e9 en substance.<\/p>\n<p>Tayeb Louh a, au passage, insist\u00e9 sur l\u2019imp\u00e9ratif de lutte contre les maux et la criminalit\u00e9 qui d\u00e9stabilisent la soci\u00e9t\u00e9 et affectent la qui\u00e9tude du citoyen, tout en rappelant que les directives du Pr\u00e9sident de la R\u00e9publique obligent les magistrats et autres services concern\u00e9s \u00e0 les combattre.<\/p>\n<p>Le ministre a visit\u00e9 les structures dont dispose la Cour de Tissemsilt, \u00e0 savoir cinq salles d\u2019audiences, une salle de conf\u00e9rences de 220 places et 163 bureaux.<\/p>\n<\/div>\n<p>Source: <a href=\"http:\/\/www.aps.dz\/algerie\/54164-l-auteur-de-l%E2%80%99attentat-d%C3%A9jou%C3%A9-au-si%C3%A8ge-de-la-s%C3%BBret%C3%A9-urbaine-de-constantine-a-%C3%A9t%C3%A9-identifi%C3%A9\" target=\"_blank\">L&rsquo;auteur de l\u2019attentat d\u00e9jou\u00e9 au si\u00e8ge de la s\u00fbret\u00e9 urbaine de Constantine a \u00e9t\u00e9 identifi\u00e9<\/a><\/p>\n<!--CusAds0-->\n<div style=\"font-size: 0px; height: 0px; line-height: 0px; margin: 0; padding: 0; clear: both;\"><\/div>","protected":false},"excerpt":{"rendered":"<p>TISSEMSILT &#8211; L&rsquo;auteur de l\u2019attentat d\u00e9jou\u00e9 au si\u00e8ge de la s\u00fbret\u00e9 urbaine de Constantine a \u00e9t\u00e9 identifi\u00e9, a-t-on appris jeudi \u00e0 Tissemsilt du ministre de la Justice, Garde des sceaux, Tayeb Louh. Le terroriste, auteur de l\u2019attentat d\u00e9jou\u00e9 au si\u00e8ge de la 13\u00e8me s\u00fbret\u00e9 urbaine de Constantine, \u00ab\u00a0a \u00e9t\u00e9 identifi\u00e9 en coordination avec les cadres<\/p>\n","protected":false},"author":6,"featured_media":8726,"comment_status":"open","ping_status":"open","sticky":false,"template":"","format":"standard","meta":{"footnotes":""},"categories":[22],"tags":[27],"class_list":["post-8725","post","type-post","status-publish","format-standard","has-post-thumbnail","hentry","category-infos","tag-algerie"],"yoast_head":"<!-- This site is optimized with the Yoast SEO plugin v27.5 - https:\/\/yoast.com\/product\/yoast-seo-wordpress\/ -->\n<title>l&#039;auteur de l\u2019attentat d\u00e9jou\u00e9 au si\u00e8ge de la s\u00fbret\u00e9 urbaine de Constantine a \u00e9t\u00e9 identifi\u00e9<\/title>\n<meta name=\"description\" content=\"L&#039;auteur de l\u2019attentat d\u00e9jou\u00e9 au si\u00e8ge de la s\u00fbret\u00e9 urbaine de Constantine a \u00e9t\u00e9 identifi\u00e9 a-t-on appris du ministre de la Justice\" \/>\n<meta name=\"robots\" content=\"index, follow, max-snippet:-1, max-image-preview:large, max-video-preview:-1\" \/>\n<link rel=\"canonical\" href=\"https:\/\/www.info-algerie.com\/actualites\/attentat-constantine\/\" \/>\n<meta property=\"og:locale\" content=\"fr_FR\" \/>\n<meta property=\"og:type\" content=\"article\" \/>\n<meta property=\"og:title\" content=\"l&#039;auteur de l\u2019attentat d\u00e9jou\u00e9 au si\u00e8ge de la s\u00fbret\u00e9 urbaine de Constantine a \u00e9t\u00e9 identifi\u00e9\" \/>\n<meta property=\"og:description\" content=\"L&#039;auteur de l\u2019attentat d\u00e9jou\u00e9 au si\u00e8ge de la s\u00fbret\u00e9 urbaine de Constantine a \u00e9t\u00e9 identifi\u00e9 a-t-on appris du ministre de la Justice\" \/>\n<meta property=\"og:url\" content=\"https:\/\/www.info-algerie.com\/actualites\/attentat-constantine\/\" \/>\n<meta property=\"og:site_name\" content=\"info algerie\" \/>\n<meta property=\"article:publisher\" content=\"https:\/\/www.facebook.com\/infoalgerieactu\" \/>\n<meta property=\"article:published_time\" content=\"2017-03-02T18:00:47+00:00\" \/>\n<meta property=\"article:modified_time\" content=\"2017-03-02T19:04:15+00:00\" \/>\n<meta property=\"og:image\" content=\"https:\/\/www.info-algerie.com\/actualites\/wp-content\/uploads\/2017\/03\/684e781f861425419c4dc61421c7d0d6_S-1.jpg\" \/>\n\t<meta property=\"og:image:width\" content=\"150\" \/>\n\t<meta property=\"og:image:height\" content=\"85\" \/>\n\t<meta property=\"og:image:type\" content=\"image\/jpeg\" \/>\n<meta name=\"author\" content=\"La r\u00e9daction\" \/>\n<meta name=\"twitter:label1\" content=\"\u00c9crit par\" \/>\n\t<meta name=\"twitter:data1\" content=\"La r\u00e9daction\" \/>\n\t<meta name=\"twitter:label2\" content=\"Dur\u00e9e de lecture estim\u00e9e\" \/>\n\t<meta name=\"twitter:data2\" content=\"2 minutes\" \/>\n<script type=\"application\/ld+json\" class=\"yoast-schema-graph\">{\"@context\":\"https:\\\/\\\/schema.org\",\"@graph\":[{\"@type\":\"Article\",\"@id\":\"https:\\\/\\\/www.info-algerie.com\\\/actualites\\\/attentat-constantine\\\/#article\",\"isPartOf\":{\"@id\":\"https:\\\/\\\/www.info-algerie.com\\\/actualites\\\/attentat-constantine\\\/\"},\"author\":{\"name\":\"La r\u00e9daction\",\"@id\":\"https:\\\/\\\/www.info-algerie.com\\\/actualites\\\/#\\\/schema\\\/person\\\/847aaec44920825b843a08f30ec6aa1e\"},\"headline\":\"l&rsquo;auteur de l\u2019attentat d\u00e9jou\u00e9 au si\u00e8ge de la s\u00fbret\u00e9 urbaine de Constantine a \u00e9t\u00e9 identifi\u00e9\",\"datePublished\":\"2017-03-02T18:00:47+00:00\",\"dateModified\":\"2017-03-02T19:04:15+00:00\",\"mainEntityOfPage\":{\"@id\":\"https:\\\/\\\/www.info-algerie.com\\\/actualites\\\/attentat-constantine\\\/\"},\"wordCount\":413,\"commentCount\":0,\"publisher\":{\"@id\":\"https:\\\/\\\/www.info-algerie.com\\\/actualites\\\/#organization\"},\"image\":{\"@id\":\"https:\\\/\\\/www.info-algerie.com\\\/actualites\\\/attentat-constantine\\\/#primaryimage\"},\"thumbnailUrl\":\"https:\\\/\\\/www.info-algerie.com\\\/actualites\\\/wp-content\\\/uploads\\\/2017\\\/03\\\/684e781f861425419c4dc61421c7d0d6_S-1.jpg\",\"keywords\":[\"alg\u00e9rie\"],\"articleSection\":[\"infos\"],\"inLanguage\":\"fr-FR\",\"potentialAction\":[{\"@type\":\"CommentAction\",\"name\":\"Comment\",\"target\":[\"https:\\\/\\\/www.info-algerie.com\\\/actualites\\\/attentat-constantine\\\/#respond\"]}]},{\"@type\":\"WebPage\",\"@id\":\"https:\\\/\\\/www.info-algerie.com\\\/actualites\\\/attentat-constantine\\\/\",\"url\":\"https:\\\/\\\/www.info-algerie.com\\\/actualites\\\/attentat-constantine\\\/\",\"name\":\"l'auteur de l\u2019attentat d\u00e9jou\u00e9 au si\u00e8ge de la s\u00fbret\u00e9 urbaine de Constantine a \u00e9t\u00e9 identifi\u00e9\",\"isPartOf\":{\"@id\":\"https:\\\/\\\/www.info-algerie.com\\\/actualites\\\/#website\"},\"primaryImageOfPage\":{\"@id\":\"https:\\\/\\\/www.info-algerie.com\\\/actualites\\\/attentat-constantine\\\/#primaryimage\"},\"image\":{\"@id\":\"https:\\\/\\\/www.info-algerie.com\\\/actualites\\\/attentat-constantine\\\/#primaryimage\"},\"thumbnailUrl\":\"https:\\\/\\\/www.info-algerie.com\\\/actualites\\\/wp-content\\\/uploads\\\/2017\\\/03\\\/684e781f861425419c4dc61421c7d0d6_S-1.jpg\",\"datePublished\":\"2017-03-02T18:00:47+00:00\",\"dateModified\":\"2017-03-02T19:04:15+00:00\",\"description\":\"L'auteur de l\u2019attentat d\u00e9jou\u00e9 au si\u00e8ge de la s\u00fbret\u00e9 urbaine de Constantine a \u00e9t\u00e9 identifi\u00e9 a-t-on appris du ministre de la Justice\",\"breadcrumb\":{\"@id\":\"https:\\\/\\\/www.info-algerie.com\\\/actualites\\\/attentat-constantine\\\/#breadcrumb\"},\"inLanguage\":\"fr-FR\",\"potentialAction\":[{\"@type\":\"ReadAction\",\"target\":[\"https:\\\/\\\/www.info-algerie.com\\\/actualites\\\/attentat-constantine\\\/\"]}]},{\"@type\":\"ImageObject\",\"inLanguage\":\"fr-FR\",\"@id\":\"https:\\\/\\\/www.info-algerie.com\\\/actualites\\\/attentat-constantine\\\/#primaryimage\",\"url\":\"https:\\\/\\\/www.info-algerie.com\\\/actualites\\\/wp-content\\\/uploads\\\/2017\\\/03\\\/684e781f861425419c4dc61421c7d0d6_S-1.jpg\",\"contentUrl\":\"https:\\\/\\\/www.info-algerie.com\\\/actualites\\\/wp-content\\\/uploads\\\/2017\\\/03\\\/684e781f861425419c4dc61421c7d0d6_S-1.jpg\",\"width\":150,\"height\":85},{\"@type\":\"BreadcrumbList\",\"@id\":\"https:\\\/\\\/www.info-algerie.com\\\/actualites\\\/attentat-constantine\\\/#breadcrumb\",\"itemListElement\":[{\"@type\":\"ListItem\",\"position\":1,\"name\":\"Accueil\",\"item\":\"https:\\\/\\\/www.info-algerie.com\\\/actualites\\\/\"},{\"@type\":\"ListItem\",\"position\":2,\"name\":\"l&rsquo;auteur de l\u2019attentat d\u00e9jou\u00e9 au si\u00e8ge de la s\u00fbret\u00e9 urbaine de Constantine a \u00e9t\u00e9 identifi\u00e9\"}]},{\"@type\":\"WebSite\",\"@id\":\"https:\\\/\\\/www.info-algerie.com\\\/actualites\\\/#website\",\"url\":\"https:\\\/\\\/www.info-algerie.com\\\/actualites\\\/\",\"name\":\"info algerie\",\"description\":\"Toutes les actualit\u00e9s\",\"publisher\":{\"@id\":\"https:\\\/\\\/www.info-algerie.com\\\/actualites\\\/#organization\"},\"potentialAction\":[{\"@type\":\"SearchAction\",\"target\":{\"@type\":\"EntryPoint\",\"urlTemplate\":\"https:\\\/\\\/www.info-algerie.com\\\/actualites\\\/?s={search_term_string}\"},\"query-input\":{\"@type\":\"PropertyValueSpecification\",\"valueRequired\":true,\"valueName\":\"search_term_string\"}}],\"inLanguage\":\"fr-FR\"},{\"@type\":\"Organization\",\"@id\":\"https:\\\/\\\/www.info-algerie.com\\\/actualites\\\/#organization\",\"name\":\"info algerie\",\"url\":\"https:\\\/\\\/www.info-algerie.com\\\/actualites\\\/\",\"logo\":{\"@type\":\"ImageObject\",\"inLanguage\":\"fr-FR\",\"@id\":\"https:\\\/\\\/www.info-algerie.com\\\/actualites\\\/#\\\/schema\\\/logo\\\/image\\\/\",\"url\":\"https:\\\/\\\/www.info-algerie.com\\\/actualites\\\/wp-content\\\/uploads\\\/2022\\\/07\\\/logo-ia-120.png\",\"contentUrl\":\"https:\\\/\\\/www.info-algerie.com\\\/actualites\\\/wp-content\\\/uploads\\\/2022\\\/07\\\/logo-ia-120.png\",\"width\":120,\"height\":43,\"caption\":\"info algerie\"},\"image\":{\"@id\":\"https:\\\/\\\/www.info-algerie.com\\\/actualites\\\/#\\\/schema\\\/logo\\\/image\\\/\"},\"sameAs\":[\"https:\\\/\\\/www.facebook.com\\\/infoalgerieactu\",\"https:\\\/\\\/x.com\\\/infoalgerie1\"]},{\"@type\":\"Person\",\"@id\":\"https:\\\/\\\/www.info-algerie.com\\\/actualites\\\/#\\\/schema\\\/person\\\/847aaec44920825b843a08f30ec6aa1e\",\"name\":\"La r\u00e9daction\",\"image\":{\"@type\":\"ImageObject\",\"inLanguage\":\"fr-FR\",\"@id\":\"https:\\\/\\\/secure.gravatar.com\\\/avatar\\\/769db425c6f465158149f1ffd6cf61ce7a8a879d11dfbef8288af36dfddd418c?s=96&d=mm&r=g\",\"url\":\"https:\\\/\\\/secure.gravatar.com\\\/avatar\\\/769db425c6f465158149f1ffd6cf61ce7a8a879d11dfbef8288af36dfddd418c?s=96&d=mm&r=g\",\"contentUrl\":\"https:\\\/\\\/secure.gravatar.com\\\/avatar\\\/769db425c6f465158149f1ffd6cf61ce7a8a879d11dfbef8288af36dfddd418c?s=96&d=mm&r=g\",\"caption\":\"La r\u00e9daction\"},\"sameAs\":[\"http:\\\/\\\/www.lkeria.com\\\/\"],\"url\":\"https:\\\/\\\/www.info-algerie.com\\\/actualites\\\/author\\\/chakib32\\\/\"}]}<\/script>\n<!-- \/ Yoast SEO plugin. -->","yoast_head_json":{"title":"l'auteur de l\u2019attentat d\u00e9jou\u00e9 au si\u00e8ge de la s\u00fbret\u00e9 urbaine de Constantine a \u00e9t\u00e9 identifi\u00e9","description":"L'auteur de l\u2019attentat d\u00e9jou\u00e9 au si\u00e8ge de la s\u00fbret\u00e9 urbaine de Constantine a \u00e9t\u00e9 identifi\u00e9 a-t-on appris du ministre de la Justice","robots":{"index":"index","follow":"follow","max-snippet":"max-snippet:-1","max-image-preview":"max-image-preview:large","max-video-preview":"max-video-preview:-1"},"canonical":"https:\/\/www.info-algerie.com\/actualites\/attentat-constantine\/","og_locale":"fr_FR","og_type":"article","og_title":"l'auteur de l\u2019attentat d\u00e9jou\u00e9 au si\u00e8ge de la s\u00fbret\u00e9 urbaine de Constantine a \u00e9t\u00e9 identifi\u00e9","og_description":"L'auteur de l\u2019attentat d\u00e9jou\u00e9 au si\u00e8ge de la s\u00fbret\u00e9 urbaine de Constantine a \u00e9t\u00e9 identifi\u00e9 a-t-on appris du ministre de la Justice","og_url":"https:\/\/www.info-algerie.com\/actualites\/attentat-constantine\/","og_site_name":"info algerie","article_publisher":"https:\/\/www.facebook.com\/infoalgerieactu","article_published_time":"2017-03-02T18:00:47+00:00","article_modified_time":"2017-03-02T19:04:15+00:00","og_image":[{"width":150,"height":85,"url":"https:\/\/www.info-algerie.com\/actualites\/wp-content\/uploads\/2017\/03\/684e781f861425419c4dc61421c7d0d6_S-1.jpg","type":"image\/jpeg"}],"author":"La r\u00e9daction","twitter_misc":{"\u00c9crit par":"La r\u00e9daction","Dur\u00e9e de lecture estim\u00e9e":"2 minutes"},"schema":{"@context":"https:\/\/schema.org","@graph":[{"@type":"Article","@id":"https:\/\/www.info-algerie.com\/actualites\/attentat-constantine\/#article","isPartOf":{"@id":"https:\/\/www.info-algerie.com\/actualites\/attentat-constantine\/"},"author":{"name":"La r\u00e9daction","@id":"https:\/\/www.info-algerie.com\/actualites\/#\/schema\/person\/847aaec44920825b843a08f30ec6aa1e"},"headline":"l&rsquo;auteur de l\u2019attentat d\u00e9jou\u00e9 au si\u00e8ge de la s\u00fbret\u00e9 urbaine de Constantine a \u00e9t\u00e9 identifi\u00e9","datePublished":"2017-03-02T18:00:47+00:00","dateModified":"2017-03-02T19:04:15+00:00","mainEntityOfPage":{"@id":"https:\/\/www.info-algerie.com\/actualites\/attentat-constantine\/"},"wordCount":413,"commentCount":0,"publisher":{"@id":"https:\/\/www.info-algerie.com\/actualites\/#organization"},"image":{"@id":"https:\/\/www.info-algerie.com\/actualites\/attentat-constantine\/#primaryimage"},"thumbnailUrl":"https:\/\/www.info-algerie.com\/actualites\/wp-content\/uploads\/2017\/03\/684e781f861425419c4dc61421c7d0d6_S-1.jpg","keywords":["alg\u00e9rie"],"articleSection":["infos"],"inLanguage":"fr-FR","potentialAction":[{"@type":"CommentAction","name":"Comment","target":["https:\/\/www.info-algerie.com\/actualites\/attentat-constantine\/#respond"]}]},{"@type":"WebPage","@id":"https:\/\/www.info-algerie.com\/actualites\/attentat-constantine\/","url":"https:\/\/www.info-algerie.com\/actualites\/attentat-constantine\/","name":"l'auteur de l\u2019attentat d\u00e9jou\u00e9 au si\u00e8ge de la s\u00fbret\u00e9 urbaine de Constantine a \u00e9t\u00e9 identifi\u00e9","isPartOf":{"@id":"https:\/\/www.info-algerie.com\/actualites\/#website"},"primaryImageOfPage":{"@id":"https:\/\/www.info-algerie.com\/actualites\/attentat-constantine\/#primaryimage"},"image":{"@id":"https:\/\/www.info-algerie.com\/actualites\/attentat-constantine\/#primaryimage"},"thumbnailUrl":"https:\/\/www.info-algerie.com\/actualites\/wp-content\/uploads\/2017\/03\/684e781f861425419c4dc61421c7d0d6_S-1.jpg","datePublished":"2017-03-02T18:00:47+00:00","dateModified":"2017-03-02T19:04:15+00:00","description":"L'auteur de l\u2019attentat d\u00e9jou\u00e9 au si\u00e8ge de la s\u00fbret\u00e9 urbaine de Constantine a \u00e9t\u00e9 identifi\u00e9 a-t-on appris du ministre de la Justice","breadcrumb":{"@id":"https:\/\/www.info-algerie.com\/actualites\/attentat-constantine\/#breadcrumb"},"inLanguage":"fr-FR","potentialAction":[{"@type":"ReadAction","target":["https:\/\/www.info-algerie.com\/actualites\/attentat-constantine\/"]}]},{"@type":"ImageObject","inLanguage":"fr-FR","@id":"https:\/\/www.info-algerie.com\/actualites\/attentat-constantine\/#primaryimage","url":"https:\/\/www.info-algerie.com\/actualites\/wp-content\/uploads\/2017\/03\/684e781f861425419c4dc61421c7d0d6_S-1.jpg","contentUrl":"https:\/\/www.info-algerie.com\/actualites\/wp-content\/uploads\/2017\/03\/684e781f861425419c4dc61421c7d0d6_S-1.jpg","width":150,"height":85},{"@type":"BreadcrumbList","@id":"https:\/\/www.info-algerie.com\/actualites\/attentat-constantine\/#breadcrumb","itemListElement":[{"@type":"ListItem","position":1,"name":"Accueil","item":"https:\/\/www.info-algerie.com\/actualites\/"},{"@type":"ListItem","position":2,"name":"l&rsquo;auteur de l\u2019attentat d\u00e9jou\u00e9 au si\u00e8ge de la s\u00fbret\u00e9 urbaine de Constantine a \u00e9t\u00e9 identifi\u00e9"}]},{"@type":"WebSite","@id":"https:\/\/www.info-algerie.com\/actualites\/#website","url":"https:\/\/www.info-algerie.com\/actualites\/","name":"info algerie","description":"Toutes les actualit\u00e9s","publisher":{"@id":"https:\/\/www.info-algerie.com\/actualites\/#organization"},"potentialAction":[{"@type":"SearchAction","target":{"@type":"EntryPoint","urlTemplate":"https:\/\/www.info-algerie.com\/actualites\/?s={search_term_string}"},"query-input":{"@type":"PropertyValueSpecification","valueRequired":true,"valueName":"search_term_string"}}],"inLanguage":"fr-FR"},{"@type":"Organization","@id":"https:\/\/www.info-algerie.com\/actualites\/#organization","name":"info algerie","url":"https:\/\/www.info-algerie.com\/actualites\/","logo":{"@type":"ImageObject","inLanguage":"fr-FR","@id":"https:\/\/www.info-algerie.com\/actualites\/#\/schema\/logo\/image\/","url":"https:\/\/www.info-algerie.com\/actualites\/wp-content\/uploads\/2022\/07\/logo-ia-120.png","contentUrl":"https:\/\/www.info-algerie.com\/actualites\/wp-content\/uploads\/2022\/07\/logo-ia-120.png","width":120,"height":43,"caption":"info algerie"},"image":{"@id":"https:\/\/www.info-algerie.com\/actualites\/#\/schema\/logo\/image\/"},"sameAs":["https:\/\/www.facebook.com\/infoalgerieactu","https:\/\/x.com\/infoalgerie1"]},{"@type":"Person","@id":"https:\/\/www.info-algerie.com\/actualites\/#\/schema\/person\/847aaec44920825b843a08f30ec6aa1e","name":"La r\u00e9daction","image":{"@type":"ImageObject","inLanguage":"fr-FR","@id":"https:\/\/secure.gravatar.com\/avatar\/769db425c6f465158149f1ffd6cf61ce7a8a879d11dfbef8288af36dfddd418c?s=96&d=mm&r=g","url":"https:\/\/secure.gravatar.com\/avatar\/769db425c6f465158149f1ffd6cf61ce7a8a879d11dfbef8288af36dfddd418c?s=96&d=mm&r=g","contentUrl":"https:\/\/secure.gravatar.com\/avatar\/769db425c6f465158149f1ffd6cf61ce7a8a879d11dfbef8288af36dfddd418c?s=96&d=mm&r=g","caption":"La r\u00e9daction"},"sameAs":["http:\/\/www.lkeria.com\/"],"url":"https:\/\/www.info-algerie.com\/actualites\/author\/chakib32\/"}]}},"_links":{"self":[{"href":"https:\/\/www.info-algerie.com\/actualites\/wp-json\/wp\/v2\/posts\/8725","targetHints":{"allow":["GET"]}}],"collection":[{"href":"https:\/\/www.info-algerie.com\/actualites\/wp-json\/wp\/v2\/posts"}],"about":[{"href":"https:\/\/www.info-algerie.com\/actualites\/wp-json\/wp\/v2\/types\/post"}],"author":[{"embeddable":true,"href":"https:\/\/www.info-algerie.com\/actualites\/wp-json\/wp\/v2\/users\/6"}],"replies":[{"embeddable":true,"href":"https:\/\/www.info-algerie.com\/actualites\/wp-json\/wp\/v2\/comments?post=8725"}],"version-history":[{"count":2,"href":"https:\/\/www.info-algerie.com\/actualites\/wp-json\/wp\/v2\/posts\/8725\/revisions"}],"predecessor-version":[{"id":8732,"href":"https:\/\/www.info-algerie.com\/actualites\/wp-json\/wp\/v2\/posts\/8725\/revisions\/8732"}],"wp:featuredmedia":[{"embeddable":true,"href":"https:\/\/www.info-algerie.com\/actualites\/wp-json\/wp\/v2\/media\/8726"}],"wp:attachment":[{"href":"https:\/\/www.info-algerie.com\/actualites\/wp-json\/wp\/v2\/media?parent=8725"}],"wp:term":[{"taxonomy":"category","embeddable":true,"href":"https:\/\/www.info-algerie.com\/actualites\/wp-json\/wp\/v2\/categories?post=8725"},{"taxonomy":"post_tag","embeddable":true,"href":"https:\/\/www.info-algerie.com\/actualites\/wp-json\/wp\/v2\/tags?post=8725"}],"curies":[{"name":"wp","href":"https:\/\/api.w.org\/{rel}","templated":true}]}}