{"id":971,"date":"2015-09-21T19:49:05","date_gmt":"2015-09-21T18:49:05","guid":{"rendered":"http:\/\/www.info-algerie.com\/actualites\/lalgerie-et-sao-tome-et-principe-reiterent-leur-ferme-condamnation-du-terrorisme\/"},"modified":"2015-09-21T19:49:05","modified_gmt":"2015-09-21T18:49:05","slug":"lalgerie-et-sao-tome-et-principe-reiterent-leur-ferme-condamnation-du-terrorisme","status":"publish","type":"post","link":"https:\/\/www.info-algerie.com\/actualites\/lalgerie-et-sao-tome-et-principe-reiterent-leur-ferme-condamnation-du-terrorisme\/","title":{"rendered":"L&#039;Alg\u00e9rie et Sao Tom\u00e9 et Principe r\u00e9it\u00e8rent leur &quot;ferme&quot; condamnation du terrorisme"},"content":{"rendered":"<div class=\"K2FeedImage\"><img decoding=\"async\" src=\"\" \/><\/div>\n<div class=\"K2FeedIntroText\"> ALGER- L&rsquo;Alg\u00e9rie et Sao Tom\u00e9 et Principe ont r\u00e9it\u00e9r\u00e9 leur ferme condamnation de ce fl\u00e9au, sous toutes ses formes et manifestations, r\u00e9affirmant la n\u00e9cessit\u00e9 d\u2019entreprendre de mani\u00e8re concert\u00e9e des efforts en vue de lutter contre le terrorisme transnational, a indiqu\u00e9 lundi un communiqu\u00e9 commun sanctionnant la visite en Alg\u00e9rie du\u2026<\/div>\n<p>&#013;<br \/>\nSource: <a href=\"http:\/\/www.aps.dz\/algerie\/28937-l-alg%C3%A9rie-et-sao-tom%C3%A9-et-principe-r%C3%A9it%C3%A8rent-leur-ferme-condamnation-du-terrorisme\" target=\"_blank\">L&rsquo;Alg\u00e9rie et Sao Tom\u00e9 et Principe r\u00e9it\u00e8rent leur \u00ab\u00a0ferme\u00a0\u00bb condamnation du terrorisme<\/a><\/p>\n<!--CusAds0-->\n<div style=\"font-size: 0px; height: 0px; line-height: 0px; margin: 0; padding: 0; clear: both;\"><\/div>","protected":false},"excerpt":{"rendered":"<p>ALGER- L&rsquo;Alg\u00e9rie et Sao Tom\u00e9 et Principe ont r\u00e9it\u00e9r\u00e9 leur ferme condamnation de ce fl\u00e9au, sous toutes ses formes et manifestations, r\u00e9affirmant la n\u00e9cessit\u00e9 d\u2019entreprendre de mani\u00e8re concert\u00e9e des efforts en vue de lutter contre le terrorisme transnational, a indiqu\u00e9 lundi un communiqu\u00e9 commun sanctionnant la visite en Alg\u00e9rie du\u2026 &#013; Source: L&rsquo;Alg\u00e9rie et Sao<\/p>\n","protected":false},"author":6,"featured_media":0,"comment_status":"open","ping_status":"open","sticky":false,"template":"","format":"standard","meta":{"footnotes":""},"categories":[22],"tags":[93],"class_list":["post-971","post","type-post","status-publish","format-standard","hentry","category-infos","tag-onu"],"yoast_head":"<!-- This site is optimized with the Yoast SEO plugin v27.5 - https:\/\/yoast.com\/product\/yoast-seo-wordpress\/ -->\n<title>L&#039;Alg\u00e9rie et Sao Tom\u00e9 et Principe r\u00e9it\u00e8rent leur &quot;ferme&quot; condamnation du terrorisme - info algerie<\/title>\n<meta name=\"robots\" content=\"index, follow, max-snippet:-1, max-image-preview:large, max-video-preview:-1\" \/>\n<link rel=\"canonical\" href=\"https:\/\/www.info-algerie.com\/actualites\/lalgerie-et-sao-tome-et-principe-reiterent-leur-ferme-condamnation-du-terrorisme\/\" \/>\n<meta property=\"og:locale\" content=\"fr_FR\" \/>\n<meta property=\"og:type\" content=\"article\" \/>\n<meta property=\"og:title\" content=\"L&#039;Alg\u00e9rie et Sao Tom\u00e9 et Principe r\u00e9it\u00e8rent leur &quot;ferme&quot; condamnation du terrorisme - info algerie\" \/>\n<meta property=\"og:description\" content=\"ALGER- L&rsquo;Alg\u00e9rie et Sao Tom\u00e9 et Principe ont r\u00e9it\u00e9r\u00e9 leur ferme condamnation de ce fl\u00e9au, sous toutes ses formes et manifestations, r\u00e9affirmant la n\u00e9cessit\u00e9 d\u2019entreprendre de mani\u00e8re concert\u00e9e des efforts en vue de lutter contre le terrorisme transnational, a indiqu\u00e9 lundi un communiqu\u00e9 commun sanctionnant la visite en Alg\u00e9rie du\u2026 &#013; Source: L&rsquo;Alg\u00e9rie et Sao\" \/>\n<meta property=\"og:url\" content=\"https:\/\/www.info-algerie.com\/actualites\/lalgerie-et-sao-tome-et-principe-reiterent-leur-ferme-condamnation-du-terrorisme\/\" \/>\n<meta property=\"og:site_name\" content=\"info algerie\" \/>\n<meta property=\"article:publisher\" content=\"https:\/\/www.facebook.com\/infoalgerieactu\" \/>\n<meta property=\"article:published_time\" content=\"2015-09-21T18:49:05+00:00\" \/>\n<meta name=\"author\" content=\"La r\u00e9daction\" \/>\n<meta name=\"twitter:label1\" content=\"\u00c9crit par\" \/>\n\t<meta name=\"twitter:data1\" content=\"La r\u00e9daction\" \/>\n<script type=\"application\/ld+json\" class=\"yoast-schema-graph\">{\"@context\":\"https:\\\/\\\/schema.org\",\"@graph\":[{\"@type\":\"Article\",\"@id\":\"https:\\\/\\\/www.info-algerie.com\\\/actualites\\\/lalgerie-et-sao-tome-et-principe-reiterent-leur-ferme-condamnation-du-terrorisme\\\/#article\",\"isPartOf\":{\"@id\":\"https:\\\/\\\/www.info-algerie.com\\\/actualites\\\/lalgerie-et-sao-tome-et-principe-reiterent-leur-ferme-condamnation-du-terrorisme\\\/\"},\"author\":{\"name\":\"La r\u00e9daction\",\"@id\":\"https:\\\/\\\/www.info-algerie.com\\\/actualites\\\/#\\\/schema\\\/person\\\/847aaec44920825b843a08f30ec6aa1e\"},\"headline\":\"L&#039;Alg\u00e9rie et Sao Tom\u00e9 et Principe r\u00e9it\u00e8rent leur &quot;ferme&quot; condamnation du terrorisme\",\"datePublished\":\"2015-09-21T18:49:05+00:00\",\"mainEntityOfPage\":{\"@id\":\"https:\\\/\\\/www.info-algerie.com\\\/actualites\\\/lalgerie-et-sao-tome-et-principe-reiterent-leur-ferme-condamnation-du-terrorisme\\\/\"},\"wordCount\":96,\"commentCount\":0,\"publisher\":{\"@id\":\"https:\\\/\\\/www.info-algerie.com\\\/actualites\\\/#organization\"},\"keywords\":[\"ONU\"],\"articleSection\":[\"infos\"],\"inLanguage\":\"fr-FR\",\"potentialAction\":[{\"@type\":\"CommentAction\",\"name\":\"Comment\",\"target\":[\"https:\\\/\\\/www.info-algerie.com\\\/actualites\\\/lalgerie-et-sao-tome-et-principe-reiterent-leur-ferme-condamnation-du-terrorisme\\\/#respond\"]}]},{\"@type\":\"WebPage\",\"@id\":\"https:\\\/\\\/www.info-algerie.com\\\/actualites\\\/lalgerie-et-sao-tome-et-principe-reiterent-leur-ferme-condamnation-du-terrorisme\\\/\",\"url\":\"https:\\\/\\\/www.info-algerie.com\\\/actualites\\\/lalgerie-et-sao-tome-et-principe-reiterent-leur-ferme-condamnation-du-terrorisme\\\/\",\"name\":\"L&#039;Alg\u00e9rie et Sao Tom\u00e9 et Principe r\u00e9it\u00e8rent leur &quot;ferme&quot; condamnation du terrorisme - info algerie\",\"isPartOf\":{\"@id\":\"https:\\\/\\\/www.info-algerie.com\\\/actualites\\\/#website\"},\"datePublished\":\"2015-09-21T18:49:05+00:00\",\"breadcrumb\":{\"@id\":\"https:\\\/\\\/www.info-algerie.com\\\/actualites\\\/lalgerie-et-sao-tome-et-principe-reiterent-leur-ferme-condamnation-du-terrorisme\\\/#breadcrumb\"},\"inLanguage\":\"fr-FR\",\"potentialAction\":[{\"@type\":\"ReadAction\",\"target\":[\"https:\\\/\\\/www.info-algerie.com\\\/actualites\\\/lalgerie-et-sao-tome-et-principe-reiterent-leur-ferme-condamnation-du-terrorisme\\\/\"]}]},{\"@type\":\"BreadcrumbList\",\"@id\":\"https:\\\/\\\/www.info-algerie.com\\\/actualites\\\/lalgerie-et-sao-tome-et-principe-reiterent-leur-ferme-condamnation-du-terrorisme\\\/#breadcrumb\",\"itemListElement\":[{\"@type\":\"ListItem\",\"position\":1,\"name\":\"Accueil\",\"item\":\"https:\\\/\\\/www.info-algerie.com\\\/actualites\\\/\"},{\"@type\":\"ListItem\",\"position\":2,\"name\":\"L&#039;Alg\u00e9rie et Sao Tom\u00e9 et Principe r\u00e9it\u00e8rent leur &quot;ferme&quot; condamnation du terrorisme\"}]},{\"@type\":\"WebSite\",\"@id\":\"https:\\\/\\\/www.info-algerie.com\\\/actualites\\\/#website\",\"url\":\"https:\\\/\\\/www.info-algerie.com\\\/actualites\\\/\",\"name\":\"info algerie\",\"description\":\"Toutes les actualit\u00e9s\",\"publisher\":{\"@id\":\"https:\\\/\\\/www.info-algerie.com\\\/actualites\\\/#organization\"},\"potentialAction\":[{\"@type\":\"SearchAction\",\"target\":{\"@type\":\"EntryPoint\",\"urlTemplate\":\"https:\\\/\\\/www.info-algerie.com\\\/actualites\\\/?s={search_term_string}\"},\"query-input\":{\"@type\":\"PropertyValueSpecification\",\"valueRequired\":true,\"valueName\":\"search_term_string\"}}],\"inLanguage\":\"fr-FR\"},{\"@type\":\"Organization\",\"@id\":\"https:\\\/\\\/www.info-algerie.com\\\/actualites\\\/#organization\",\"name\":\"info algerie\",\"url\":\"https:\\\/\\\/www.info-algerie.com\\\/actualites\\\/\",\"logo\":{\"@type\":\"ImageObject\",\"inLanguage\":\"fr-FR\",\"@id\":\"https:\\\/\\\/www.info-algerie.com\\\/actualites\\\/#\\\/schema\\\/logo\\\/image\\\/\",\"url\":\"https:\\\/\\\/www.info-algerie.com\\\/actualites\\\/wp-content\\\/uploads\\\/2022\\\/07\\\/logo-ia-120.png\",\"contentUrl\":\"https:\\\/\\\/www.info-algerie.com\\\/actualites\\\/wp-content\\\/uploads\\\/2022\\\/07\\\/logo-ia-120.png\",\"width\":120,\"height\":43,\"caption\":\"info algerie\"},\"image\":{\"@id\":\"https:\\\/\\\/www.info-algerie.com\\\/actualites\\\/#\\\/schema\\\/logo\\\/image\\\/\"},\"sameAs\":[\"https:\\\/\\\/www.facebook.com\\\/infoalgerieactu\",\"https:\\\/\\\/x.com\\\/infoalgerie1\"]},{\"@type\":\"Person\",\"@id\":\"https:\\\/\\\/www.info-algerie.com\\\/actualites\\\/#\\\/schema\\\/person\\\/847aaec44920825b843a08f30ec6aa1e\",\"name\":\"La r\u00e9daction\",\"image\":{\"@type\":\"ImageObject\",\"inLanguage\":\"fr-FR\",\"@id\":\"https:\\\/\\\/secure.gravatar.com\\\/avatar\\\/769db425c6f465158149f1ffd6cf61ce7a8a879d11dfbef8288af36dfddd418c?s=96&d=mm&r=g\",\"url\":\"https:\\\/\\\/secure.gravatar.com\\\/avatar\\\/769db425c6f465158149f1ffd6cf61ce7a8a879d11dfbef8288af36dfddd418c?s=96&d=mm&r=g\",\"contentUrl\":\"https:\\\/\\\/secure.gravatar.com\\\/avatar\\\/769db425c6f465158149f1ffd6cf61ce7a8a879d11dfbef8288af36dfddd418c?s=96&d=mm&r=g\",\"caption\":\"La r\u00e9daction\"},\"sameAs\":[\"http:\\\/\\\/www.lkeria.com\\\/\"],\"url\":\"https:\\\/\\\/www.info-algerie.com\\\/actualites\\\/author\\\/chakib32\\\/\"}]}<\/script>\n<!-- \/ Yoast SEO plugin. -->","yoast_head_json":{"title":"L&#039;Alg\u00e9rie et Sao Tom\u00e9 et Principe r\u00e9it\u00e8rent leur &quot;ferme&quot; condamnation du terrorisme - info algerie","robots":{"index":"index","follow":"follow","max-snippet":"max-snippet:-1","max-image-preview":"max-image-preview:large","max-video-preview":"max-video-preview:-1"},"canonical":"https:\/\/www.info-algerie.com\/actualites\/lalgerie-et-sao-tome-et-principe-reiterent-leur-ferme-condamnation-du-terrorisme\/","og_locale":"fr_FR","og_type":"article","og_title":"L&#039;Alg\u00e9rie et Sao Tom\u00e9 et Principe r\u00e9it\u00e8rent leur &quot;ferme&quot; condamnation du terrorisme - info algerie","og_description":"ALGER- L&rsquo;Alg\u00e9rie et Sao Tom\u00e9 et Principe ont r\u00e9it\u00e9r\u00e9 leur ferme condamnation de ce fl\u00e9au, sous toutes ses formes et manifestations, r\u00e9affirmant la n\u00e9cessit\u00e9 d\u2019entreprendre de mani\u00e8re concert\u00e9e des efforts en vue de lutter contre le terrorisme transnational, a indiqu\u00e9 lundi un communiqu\u00e9 commun sanctionnant la visite en Alg\u00e9rie du\u2026 &#013; Source: L&rsquo;Alg\u00e9rie et Sao","og_url":"https:\/\/www.info-algerie.com\/actualites\/lalgerie-et-sao-tome-et-principe-reiterent-leur-ferme-condamnation-du-terrorisme\/","og_site_name":"info algerie","article_publisher":"https:\/\/www.facebook.com\/infoalgerieactu","article_published_time":"2015-09-21T18:49:05+00:00","author":"La r\u00e9daction","twitter_misc":{"\u00c9crit par":"La r\u00e9daction"},"schema":{"@context":"https:\/\/schema.org","@graph":[{"@type":"Article","@id":"https:\/\/www.info-algerie.com\/actualites\/lalgerie-et-sao-tome-et-principe-reiterent-leur-ferme-condamnation-du-terrorisme\/#article","isPartOf":{"@id":"https:\/\/www.info-algerie.com\/actualites\/lalgerie-et-sao-tome-et-principe-reiterent-leur-ferme-condamnation-du-terrorisme\/"},"author":{"name":"La r\u00e9daction","@id":"https:\/\/www.info-algerie.com\/actualites\/#\/schema\/person\/847aaec44920825b843a08f30ec6aa1e"},"headline":"L&#039;Alg\u00e9rie et Sao Tom\u00e9 et Principe r\u00e9it\u00e8rent leur &quot;ferme&quot; condamnation du terrorisme","datePublished":"2015-09-21T18:49:05+00:00","mainEntityOfPage":{"@id":"https:\/\/www.info-algerie.com\/actualites\/lalgerie-et-sao-tome-et-principe-reiterent-leur-ferme-condamnation-du-terrorisme\/"},"wordCount":96,"commentCount":0,"publisher":{"@id":"https:\/\/www.info-algerie.com\/actualites\/#organization"},"keywords":["ONU"],"articleSection":["infos"],"inLanguage":"fr-FR","potentialAction":[{"@type":"CommentAction","name":"Comment","target":["https:\/\/www.info-algerie.com\/actualites\/lalgerie-et-sao-tome-et-principe-reiterent-leur-ferme-condamnation-du-terrorisme\/#respond"]}]},{"@type":"WebPage","@id":"https:\/\/www.info-algerie.com\/actualites\/lalgerie-et-sao-tome-et-principe-reiterent-leur-ferme-condamnation-du-terrorisme\/","url":"https:\/\/www.info-algerie.com\/actualites\/lalgerie-et-sao-tome-et-principe-reiterent-leur-ferme-condamnation-du-terrorisme\/","name":"L&#039;Alg\u00e9rie et Sao Tom\u00e9 et Principe r\u00e9it\u00e8rent leur &quot;ferme&quot; condamnation du terrorisme - info algerie","isPartOf":{"@id":"https:\/\/www.info-algerie.com\/actualites\/#website"},"datePublished":"2015-09-21T18:49:05+00:00","breadcrumb":{"@id":"https:\/\/www.info-algerie.com\/actualites\/lalgerie-et-sao-tome-et-principe-reiterent-leur-ferme-condamnation-du-terrorisme\/#breadcrumb"},"inLanguage":"fr-FR","potentialAction":[{"@type":"ReadAction","target":["https:\/\/www.info-algerie.com\/actualites\/lalgerie-et-sao-tome-et-principe-reiterent-leur-ferme-condamnation-du-terrorisme\/"]}]},{"@type":"BreadcrumbList","@id":"https:\/\/www.info-algerie.com\/actualites\/lalgerie-et-sao-tome-et-principe-reiterent-leur-ferme-condamnation-du-terrorisme\/#breadcrumb","itemListElement":[{"@type":"ListItem","position":1,"name":"Accueil","item":"https:\/\/www.info-algerie.com\/actualites\/"},{"@type":"ListItem","position":2,"name":"L&#039;Alg\u00e9rie et Sao Tom\u00e9 et Principe r\u00e9it\u00e8rent leur &quot;ferme&quot; condamnation du terrorisme"}]},{"@type":"WebSite","@id":"https:\/\/www.info-algerie.com\/actualites\/#website","url":"https:\/\/www.info-algerie.com\/actualites\/","name":"info algerie","description":"Toutes les actualit\u00e9s","publisher":{"@id":"https:\/\/www.info-algerie.com\/actualites\/#organization"},"potentialAction":[{"@type":"SearchAction","target":{"@type":"EntryPoint","urlTemplate":"https:\/\/www.info-algerie.com\/actualites\/?s={search_term_string}"},"query-input":{"@type":"PropertyValueSpecification","valueRequired":true,"valueName":"search_term_string"}}],"inLanguage":"fr-FR"},{"@type":"Organization","@id":"https:\/\/www.info-algerie.com\/actualites\/#organization","name":"info algerie","url":"https:\/\/www.info-algerie.com\/actualites\/","logo":{"@type":"ImageObject","inLanguage":"fr-FR","@id":"https:\/\/www.info-algerie.com\/actualites\/#\/schema\/logo\/image\/","url":"https:\/\/www.info-algerie.com\/actualites\/wp-content\/uploads\/2022\/07\/logo-ia-120.png","contentUrl":"https:\/\/www.info-algerie.com\/actualites\/wp-content\/uploads\/2022\/07\/logo-ia-120.png","width":120,"height":43,"caption":"info algerie"},"image":{"@id":"https:\/\/www.info-algerie.com\/actualites\/#\/schema\/logo\/image\/"},"sameAs":["https:\/\/www.facebook.com\/infoalgerieactu","https:\/\/x.com\/infoalgerie1"]},{"@type":"Person","@id":"https:\/\/www.info-algerie.com\/actualites\/#\/schema\/person\/847aaec44920825b843a08f30ec6aa1e","name":"La r\u00e9daction","image":{"@type":"ImageObject","inLanguage":"fr-FR","@id":"https:\/\/secure.gravatar.com\/avatar\/769db425c6f465158149f1ffd6cf61ce7a8a879d11dfbef8288af36dfddd418c?s=96&d=mm&r=g","url":"https:\/\/secure.gravatar.com\/avatar\/769db425c6f465158149f1ffd6cf61ce7a8a879d11dfbef8288af36dfddd418c?s=96&d=mm&r=g","contentUrl":"https:\/\/secure.gravatar.com\/avatar\/769db425c6f465158149f1ffd6cf61ce7a8a879d11dfbef8288af36dfddd418c?s=96&d=mm&r=g","caption":"La r\u00e9daction"},"sameAs":["http:\/\/www.lkeria.com\/"],"url":"https:\/\/www.info-algerie.com\/actualites\/author\/chakib32\/"}]}},"_links":{"self":[{"href":"https:\/\/www.info-algerie.com\/actualites\/wp-json\/wp\/v2\/posts\/971","targetHints":{"allow":["GET"]}}],"collection":[{"href":"https:\/\/www.info-algerie.com\/actualites\/wp-json\/wp\/v2\/posts"}],"about":[{"href":"https:\/\/www.info-algerie.com\/actualites\/wp-json\/wp\/v2\/types\/post"}],"author":[{"embeddable":true,"href":"https:\/\/www.info-algerie.com\/actualites\/wp-json\/wp\/v2\/users\/6"}],"replies":[{"embeddable":true,"href":"https:\/\/www.info-algerie.com\/actualites\/wp-json\/wp\/v2\/comments?post=971"}],"version-history":[{"count":0,"href":"https:\/\/www.info-algerie.com\/actualites\/wp-json\/wp\/v2\/posts\/971\/revisions"}],"wp:attachment":[{"href":"https:\/\/www.info-algerie.com\/actualites\/wp-json\/wp\/v2\/media?parent=971"}],"wp:term":[{"taxonomy":"category","embeddable":true,"href":"https:\/\/www.info-algerie.com\/actualites\/wp-json\/wp\/v2\/categories?post=971"},{"taxonomy":"post_tag","embeddable":true,"href":"https:\/\/www.info-algerie.com\/actualites\/wp-json\/wp\/v2\/tags?post=971"}],"curies":[{"name":"wp","href":"https:\/\/api.w.org\/{rel}","templated":true}]}}