{"id":992,"date":"2015-09-23T10:00:00","date_gmt":"2015-09-23T09:00:00","guid":{"rendered":"http:\/\/www.info-algerie.com\/actualites\/des-deputes-revendiquent-un-debat\/"},"modified":"2015-09-23T19:01:04","modified_gmt":"2015-09-23T18:01:04","slug":"des-deputes-revendiquent-un-debat","status":"publish","type":"post","link":"https:\/\/www.info-algerie.com\/actualites\/des-deputes-revendiquent-un-debat\/","title":{"rendered":"des d\u00e9put\u00e9s revendiquent un d\u00e9bat sur la situation \u00e9conomique"},"content":{"rendered":"<p style=\"text-align: justify;\"><a href=\"https:\/\/www.info-algerie.com\/actualites\/wp-content\/uploads\/2015\/09\/des-d\u00e9put\u00e9s-revendiquent-un-d\u00e9bat.jpg\"><img loading=\"lazy\" decoding=\"async\" class=\" wp-image-1009 alignleft\" src=\"https:\/\/www.info-algerie.com\/actualites\/wp-content\/uploads\/2015\/09\/des-d\u00e9put\u00e9s-revendiquent-un-d\u00e9bat-300x221.jpg\" alt=\"des d\u00e9put\u00e9s revendiquent un d\u00e9bat\" width=\"185\" height=\"136\" srcset=\"https:\/\/www.info-algerie.com\/actualites\/wp-content\/uploads\/2015\/09\/des-d\u00e9put\u00e9s-revendiquent-un-d\u00e9bat-300x221.jpg 300w, https:\/\/www.info-algerie.com\/actualites\/wp-content\/uploads\/2015\/09\/des-d\u00e9put\u00e9s-revendiquent-un-d\u00e9bat.jpg 470w\" sizes=\"auto, (max-width: 185px) 100vw, 185px\" \/><\/a>Nombre de d\u00e9put\u00e9s de diverses formations jugent que la non-pr\u00e9sentation par le gouvernement Sellal de sa d\u00e9claration de politique g\u00e9n\u00e9rale, deux ans durant (2014 et 2015), est en porte-\u00e0-faux avec la Constitution. Si l\u2019article 84 de la Constitution fait obligation au gouvernement de pr\u00e9senter annuellement sa d\u00e9claration de politique g\u00e9n\u00e9rale, pour la majorit\u00e9 des formations de la Chambre basse du Parlement, toutes\u00a0ob\u00e9diences confondues, \u00e0 l\u2019exception du FLN et du RND, le gouvernement Sellal remani\u00e9, (donc nouveau) est tenu donc de satisfaire \u00e0 cette exigence.<\/p>\n<p style=\"text-align: justify;\">Il s\u2019agit, plus prosa\u00efquement, de pr\u00e9senter devant \u201cles \u00e9lus de la nation\u201d son bilan de l\u2019exercice en cours, qui devrait \u00eatre suivi d\u2019un d\u00e9bat g\u00e9n\u00e9ral. Tr\u00e8s attendu, en effet, sur les questions \u00e9conomiques, le Premier ministre doit, de l\u2019avis de ces d\u00e9put\u00e9s, pr\u00e9senter non seulement le bilan de son gouvernement, mais aussi sa d\u00e9marche visant \u00e0 faire face \u00e0 la crise \u00e9conomique qui frappe aux portes du pays depuis la chute drastique des prix du p\u00e9trole.<\/p>\n<p style=\"text-align: justify;\">Or, le gouvernement, au lieu de contribuer \u00e0 rendre visible la r\u00e9alit\u00e9 socio-\u00e9conomique du pays, a toujours oppos\u00e9 des faux-fuyants qui l\u2019ont vu, par exemple, \u00e9courter la session du printemps afin, estiment-ils, de ne pas s\u2019y contraindre. Cette absence de d\u00e9claration de politique est \u00e9lev\u00e9e au rang de \u201ccheval de bataille\u201d des partis islamistes, qui y voient un d\u00e9ni de la part du gouvernement \u00e0 l\u2019\u00e9gard d\u2019une institution cens\u00e9e contr\u00f4ler l\u2019\u00e9tat d\u2019application du programme du gouvernement.<\/p>\n<p style=\"text-align: justify;\">Dans une d\u00e9claration, le groupe de l\u2019Alliance verte (islamiste) a soulign\u00e9 que le gouvernement a fui son devoir de pr\u00e9sentation de bilan, jugeant que ce gouvernement n\u2019est pas en capacit\u00e9 de faire face \u00e0 cette crise.<\/p>\n<p style=\"text-align: justify;\">Pour le chef de son groupe parlementaire de l\u2019AAV, \u201cla propagation de la corruption a eu pour effet d\u2019aggraver cette crise \u00e0 travers le manque de transparence et l\u2019impossibilit\u00e9 d\u2019avoir des chiffres exacts \u00e0 m\u00eame de dresser le constat r\u00e9el de la situation socio\u00e9conomique du pays, ou de pr\u00e9senter des plans de sortie de crise\u201d. Cette crise est d\u2019autant plus aggrav\u00e9e, estime-t-il, par la non-pr\u00e9sentation par le gouvernement de son bilan, deux ann\u00e9es durant, en 2014 et 2015.<\/p>\n<p style=\"text-align: justify;\">Le d\u00e9put\u00e9 Lakhdar Benkhellaf (PJD &#8211; El-Adala) est all\u00e9 dans ce sens, en affirmant qu\u2019en s\u2019abstenant de faire sa d\u00e9claration de politique g\u00e9n\u00e9rale, depuis deux ans, contrairement \u00e0 la promesse qu\u2019il a faite lors de sa pr\u00e9sentation du plan d\u2019action de son gouvernement, le Premier ministre a commis \u201cune violation\u201d de la Constitution du pays, en affirmant son rejet pour \u201cles pr\u00e9textes fallacieux\u201d invoqu\u00e9s pour le justifier, notamment \u201cle manque de temps\u201d.<\/p>\n<p style=\"text-align: justify;\">Il rappellera, en outre, que le m\u00eame article 84 pr\u00e9voit, dans le deuxi\u00e8me paragraphe, qu\u2019elle sera suivie d\u2019un d\u00e9bat autour de l\u2019action du gouvernement et, le cas \u00e9ch\u00e9ant, d\u2019une motion de censure du gouvernement en vertu des articles 135, 136 et 137, suivant lesquels le Premier ministre peut demander \u00e0 l&rsquo;Assembl\u00e9e populaire nationale un vote de confiance.<\/p>\n<p style=\"text-align: justify;\">Et en cas de non-approbation par la majorit\u00e9 des d\u00e9put\u00e9s, \u201cle Premier ministre pr\u00e9sente la d\u00e9mission de son gouvernement\u201d. Le mot est l\u00e2ch\u00e9. Voil\u00e0, un objectif que partagent, en dehors de l\u2019Alliance verte, d\u2019autres formations, comme le PT, le FFS ou le FNA.<\/p>\n<p>Source: <a href=\"http:\/\/www.liberte-algerie.com\/actualite\/des-deputes-revendiquent-un-debat-233280\" target=\"_blank\">Des d\u00e9put\u00e9s revendiquent un d\u00e9bat<\/a><\/p>\n<!--CusAds0-->\n<div style=\"font-size: 0px; height: 0px; line-height: 0px; margin: 0; padding: 0; clear: both;\"><\/div>","protected":false},"excerpt":{"rendered":"<p>Nombre de d\u00e9put\u00e9s de diverses formations jugent que la non-pr\u00e9sentation par le gouvernement Sellal de sa d\u00e9claration de politique g\u00e9n\u00e9rale, deux ans durant (2014 et 2015), est en porte-\u00e0-faux avec la Constitution. Si l\u2019article 84 de la Constitution fait obligation au gouvernement de pr\u00e9senter annuellement sa d\u00e9claration de politique g\u00e9n\u00e9rale, pour la majorit\u00e9 des formations<\/p>\n","protected":false},"author":6,"featured_media":1009,"comment_status":"open","ping_status":"open","sticky":false,"template":"","format":"standard","meta":{"footnotes":""},"categories":[7],"tags":[105,106],"class_list":["post-992","post","type-post","status-publish","format-standard","has-post-thumbnail","hentry","category-politique","tag-debat-economique","tag-parlement-algerie"],"yoast_head":"<!-- This site is optimized with the Yoast SEO plugin v27.5 - https:\/\/yoast.com\/product\/yoast-seo-wordpress\/ -->\n<title>des d\u00e9put\u00e9s revendiquent un d\u00e9bat sur la situation \u00e9conomique<\/title>\n<meta name=\"description\" content=\"des d\u00e9put\u00e9s revendiquent un d\u00e9bat sur la situation \u00e9conomique du pays en l&#039;absence de pr\u00e9sentation de la d\u00e9claration de politique g\u00e9n\u00e9rale\" \/>\n<meta name=\"robots\" content=\"index, follow, max-snippet:-1, max-image-preview:large, max-video-preview:-1\" \/>\n<link rel=\"canonical\" href=\"https:\/\/www.info-algerie.com\/actualites\/des-deputes-revendiquent-un-debat\/\" \/>\n<meta property=\"og:locale\" content=\"fr_FR\" \/>\n<meta property=\"og:type\" content=\"article\" \/>\n<meta property=\"og:title\" content=\"des d\u00e9put\u00e9s revendiquent un d\u00e9bat sur la situation \u00e9conomique\" \/>\n<meta property=\"og:description\" content=\"des d\u00e9put\u00e9s revendiquent un d\u00e9bat sur la situation \u00e9conomique du pays en l&#039;absence de pr\u00e9sentation de la d\u00e9claration de politique g\u00e9n\u00e9rale\" \/>\n<meta property=\"og:url\" content=\"https:\/\/www.info-algerie.com\/actualites\/des-deputes-revendiquent-un-debat\/\" \/>\n<meta property=\"og:site_name\" content=\"info algerie\" \/>\n<meta property=\"article:publisher\" content=\"https:\/\/www.facebook.com\/infoalgerieactu\" \/>\n<meta property=\"article:published_time\" content=\"2015-09-23T09:00:00+00:00\" \/>\n<meta property=\"article:modified_time\" content=\"2015-09-23T18:01:04+00:00\" \/>\n<meta property=\"og:image\" content=\"https:\/\/www.info-algerie.com\/actualites\/wp-content\/uploads\/2015\/09\/des-d\u00e9put\u00e9s-revendiquent-un-d\u00e9bat.jpg\" \/>\n\t<meta property=\"og:image:width\" content=\"470\" \/>\n\t<meta property=\"og:image:height\" content=\"347\" \/>\n\t<meta property=\"og:image:type\" content=\"image\/jpeg\" \/>\n<meta name=\"author\" content=\"La r\u00e9daction\" \/>\n<meta name=\"twitter:label1\" content=\"\u00c9crit par\" \/>\n\t<meta name=\"twitter:data1\" content=\"La r\u00e9daction\" \/>\n\t<meta name=\"twitter:label2\" content=\"Dur\u00e9e de lecture estim\u00e9e\" \/>\n\t<meta name=\"twitter:data2\" content=\"3 minutes\" \/>\n<script type=\"application\/ld+json\" class=\"yoast-schema-graph\">{\"@context\":\"https:\\\/\\\/schema.org\",\"@graph\":[{\"@type\":\"Article\",\"@id\":\"https:\\\/\\\/www.info-algerie.com\\\/actualites\\\/des-deputes-revendiquent-un-debat\\\/#article\",\"isPartOf\":{\"@id\":\"https:\\\/\\\/www.info-algerie.com\\\/actualites\\\/des-deputes-revendiquent-un-debat\\\/\"},\"author\":{\"name\":\"La r\u00e9daction\",\"@id\":\"https:\\\/\\\/www.info-algerie.com\\\/actualites\\\/#\\\/schema\\\/person\\\/847aaec44920825b843a08f30ec6aa1e\"},\"headline\":\"des d\u00e9put\u00e9s revendiquent un d\u00e9bat sur la situation \u00e9conomique\",\"datePublished\":\"2015-09-23T09:00:00+00:00\",\"dateModified\":\"2015-09-23T18:01:04+00:00\",\"mainEntityOfPage\":{\"@id\":\"https:\\\/\\\/www.info-algerie.com\\\/actualites\\\/des-deputes-revendiquent-un-debat\\\/\"},\"wordCount\":611,\"commentCount\":0,\"publisher\":{\"@id\":\"https:\\\/\\\/www.info-algerie.com\\\/actualites\\\/#organization\"},\"image\":{\"@id\":\"https:\\\/\\\/www.info-algerie.com\\\/actualites\\\/des-deputes-revendiquent-un-debat\\\/#primaryimage\"},\"thumbnailUrl\":\"https:\\\/\\\/www.info-algerie.com\\\/actualites\\\/wp-content\\\/uploads\\\/2015\\\/09\\\/des-d\u00e9put\u00e9s-revendiquent-un-d\u00e9bat.jpg\",\"keywords\":[\"d\u00e9bat economique\",\"parlement algerie\"],\"articleSection\":[\"Politique\"],\"inLanguage\":\"fr-FR\",\"potentialAction\":[{\"@type\":\"CommentAction\",\"name\":\"Comment\",\"target\":[\"https:\\\/\\\/www.info-algerie.com\\\/actualites\\\/des-deputes-revendiquent-un-debat\\\/#respond\"]}]},{\"@type\":\"WebPage\",\"@id\":\"https:\\\/\\\/www.info-algerie.com\\\/actualites\\\/des-deputes-revendiquent-un-debat\\\/\",\"url\":\"https:\\\/\\\/www.info-algerie.com\\\/actualites\\\/des-deputes-revendiquent-un-debat\\\/\",\"name\":\"des d\u00e9put\u00e9s revendiquent un d\u00e9bat sur la situation \u00e9conomique\",\"isPartOf\":{\"@id\":\"https:\\\/\\\/www.info-algerie.com\\\/actualites\\\/#website\"},\"primaryImageOfPage\":{\"@id\":\"https:\\\/\\\/www.info-algerie.com\\\/actualites\\\/des-deputes-revendiquent-un-debat\\\/#primaryimage\"},\"image\":{\"@id\":\"https:\\\/\\\/www.info-algerie.com\\\/actualites\\\/des-deputes-revendiquent-un-debat\\\/#primaryimage\"},\"thumbnailUrl\":\"https:\\\/\\\/www.info-algerie.com\\\/actualites\\\/wp-content\\\/uploads\\\/2015\\\/09\\\/des-d\u00e9put\u00e9s-revendiquent-un-d\u00e9bat.jpg\",\"datePublished\":\"2015-09-23T09:00:00+00:00\",\"dateModified\":\"2015-09-23T18:01:04+00:00\",\"description\":\"des d\u00e9put\u00e9s revendiquent un d\u00e9bat sur la situation \u00e9conomique du pays en l'absence de pr\u00e9sentation de la d\u00e9claration de politique g\u00e9n\u00e9rale\",\"breadcrumb\":{\"@id\":\"https:\\\/\\\/www.info-algerie.com\\\/actualites\\\/des-deputes-revendiquent-un-debat\\\/#breadcrumb\"},\"inLanguage\":\"fr-FR\",\"potentialAction\":[{\"@type\":\"ReadAction\",\"target\":[\"https:\\\/\\\/www.info-algerie.com\\\/actualites\\\/des-deputes-revendiquent-un-debat\\\/\"]}]},{\"@type\":\"ImageObject\",\"inLanguage\":\"fr-FR\",\"@id\":\"https:\\\/\\\/www.info-algerie.com\\\/actualites\\\/des-deputes-revendiquent-un-debat\\\/#primaryimage\",\"url\":\"https:\\\/\\\/www.info-algerie.com\\\/actualites\\\/wp-content\\\/uploads\\\/2015\\\/09\\\/des-d\u00e9put\u00e9s-revendiquent-un-d\u00e9bat.jpg\",\"contentUrl\":\"https:\\\/\\\/www.info-algerie.com\\\/actualites\\\/wp-content\\\/uploads\\\/2015\\\/09\\\/des-d\u00e9put\u00e9s-revendiquent-un-d\u00e9bat.jpg\",\"width\":470,\"height\":347,\"caption\":\"des d\u00e9put\u00e9s revendiquent un d\u00e9bat\"},{\"@type\":\"BreadcrumbList\",\"@id\":\"https:\\\/\\\/www.info-algerie.com\\\/actualites\\\/des-deputes-revendiquent-un-debat\\\/#breadcrumb\",\"itemListElement\":[{\"@type\":\"ListItem\",\"position\":1,\"name\":\"Accueil\",\"item\":\"https:\\\/\\\/www.info-algerie.com\\\/actualites\\\/\"},{\"@type\":\"ListItem\",\"position\":2,\"name\":\"des d\u00e9put\u00e9s revendiquent un d\u00e9bat sur la situation \u00e9conomique\"}]},{\"@type\":\"WebSite\",\"@id\":\"https:\\\/\\\/www.info-algerie.com\\\/actualites\\\/#website\",\"url\":\"https:\\\/\\\/www.info-algerie.com\\\/actualites\\\/\",\"name\":\"info algerie\",\"description\":\"Toutes les actualit\u00e9s\",\"publisher\":{\"@id\":\"https:\\\/\\\/www.info-algerie.com\\\/actualites\\\/#organization\"},\"potentialAction\":[{\"@type\":\"SearchAction\",\"target\":{\"@type\":\"EntryPoint\",\"urlTemplate\":\"https:\\\/\\\/www.info-algerie.com\\\/actualites\\\/?s={search_term_string}\"},\"query-input\":{\"@type\":\"PropertyValueSpecification\",\"valueRequired\":true,\"valueName\":\"search_term_string\"}}],\"inLanguage\":\"fr-FR\"},{\"@type\":\"Organization\",\"@id\":\"https:\\\/\\\/www.info-algerie.com\\\/actualites\\\/#organization\",\"name\":\"info algerie\",\"url\":\"https:\\\/\\\/www.info-algerie.com\\\/actualites\\\/\",\"logo\":{\"@type\":\"ImageObject\",\"inLanguage\":\"fr-FR\",\"@id\":\"https:\\\/\\\/www.info-algerie.com\\\/actualites\\\/#\\\/schema\\\/logo\\\/image\\\/\",\"url\":\"https:\\\/\\\/www.info-algerie.com\\\/actualites\\\/wp-content\\\/uploads\\\/2022\\\/07\\\/logo-ia-120.png\",\"contentUrl\":\"https:\\\/\\\/www.info-algerie.com\\\/actualites\\\/wp-content\\\/uploads\\\/2022\\\/07\\\/logo-ia-120.png\",\"width\":120,\"height\":43,\"caption\":\"info algerie\"},\"image\":{\"@id\":\"https:\\\/\\\/www.info-algerie.com\\\/actualites\\\/#\\\/schema\\\/logo\\\/image\\\/\"},\"sameAs\":[\"https:\\\/\\\/www.facebook.com\\\/infoalgerieactu\",\"https:\\\/\\\/x.com\\\/infoalgerie1\"]},{\"@type\":\"Person\",\"@id\":\"https:\\\/\\\/www.info-algerie.com\\\/actualites\\\/#\\\/schema\\\/person\\\/847aaec44920825b843a08f30ec6aa1e\",\"name\":\"La r\u00e9daction\",\"image\":{\"@type\":\"ImageObject\",\"inLanguage\":\"fr-FR\",\"@id\":\"https:\\\/\\\/secure.gravatar.com\\\/avatar\\\/769db425c6f465158149f1ffd6cf61ce7a8a879d11dfbef8288af36dfddd418c?s=96&d=mm&r=g\",\"url\":\"https:\\\/\\\/secure.gravatar.com\\\/avatar\\\/769db425c6f465158149f1ffd6cf61ce7a8a879d11dfbef8288af36dfddd418c?s=96&d=mm&r=g\",\"contentUrl\":\"https:\\\/\\\/secure.gravatar.com\\\/avatar\\\/769db425c6f465158149f1ffd6cf61ce7a8a879d11dfbef8288af36dfddd418c?s=96&d=mm&r=g\",\"caption\":\"La r\u00e9daction\"},\"sameAs\":[\"http:\\\/\\\/www.lkeria.com\\\/\"],\"url\":\"https:\\\/\\\/www.info-algerie.com\\\/actualites\\\/author\\\/chakib32\\\/\"}]}<\/script>\n<!-- \/ Yoast SEO plugin. -->","yoast_head_json":{"title":"des d\u00e9put\u00e9s revendiquent un d\u00e9bat sur la situation \u00e9conomique","description":"des d\u00e9put\u00e9s revendiquent un d\u00e9bat sur la situation \u00e9conomique du pays en l'absence de pr\u00e9sentation de la d\u00e9claration de politique g\u00e9n\u00e9rale","robots":{"index":"index","follow":"follow","max-snippet":"max-snippet:-1","max-image-preview":"max-image-preview:large","max-video-preview":"max-video-preview:-1"},"canonical":"https:\/\/www.info-algerie.com\/actualites\/des-deputes-revendiquent-un-debat\/","og_locale":"fr_FR","og_type":"article","og_title":"des d\u00e9put\u00e9s revendiquent un d\u00e9bat sur la situation \u00e9conomique","og_description":"des d\u00e9put\u00e9s revendiquent un d\u00e9bat sur la situation \u00e9conomique du pays en l'absence de pr\u00e9sentation de la d\u00e9claration de politique g\u00e9n\u00e9rale","og_url":"https:\/\/www.info-algerie.com\/actualites\/des-deputes-revendiquent-un-debat\/","og_site_name":"info algerie","article_publisher":"https:\/\/www.facebook.com\/infoalgerieactu","article_published_time":"2015-09-23T09:00:00+00:00","article_modified_time":"2015-09-23T18:01:04+00:00","og_image":[{"width":470,"height":347,"url":"https:\/\/www.info-algerie.com\/actualites\/wp-content\/uploads\/2015\/09\/des-d\u00e9put\u00e9s-revendiquent-un-d\u00e9bat.jpg","type":"image\/jpeg"}],"author":"La r\u00e9daction","twitter_misc":{"\u00c9crit par":"La r\u00e9daction","Dur\u00e9e de lecture estim\u00e9e":"3 minutes"},"schema":{"@context":"https:\/\/schema.org","@graph":[{"@type":"Article","@id":"https:\/\/www.info-algerie.com\/actualites\/des-deputes-revendiquent-un-debat\/#article","isPartOf":{"@id":"https:\/\/www.info-algerie.com\/actualites\/des-deputes-revendiquent-un-debat\/"},"author":{"name":"La r\u00e9daction","@id":"https:\/\/www.info-algerie.com\/actualites\/#\/schema\/person\/847aaec44920825b843a08f30ec6aa1e"},"headline":"des d\u00e9put\u00e9s revendiquent un d\u00e9bat sur la situation \u00e9conomique","datePublished":"2015-09-23T09:00:00+00:00","dateModified":"2015-09-23T18:01:04+00:00","mainEntityOfPage":{"@id":"https:\/\/www.info-algerie.com\/actualites\/des-deputes-revendiquent-un-debat\/"},"wordCount":611,"commentCount":0,"publisher":{"@id":"https:\/\/www.info-algerie.com\/actualites\/#organization"},"image":{"@id":"https:\/\/www.info-algerie.com\/actualites\/des-deputes-revendiquent-un-debat\/#primaryimage"},"thumbnailUrl":"https:\/\/www.info-algerie.com\/actualites\/wp-content\/uploads\/2015\/09\/des-d\u00e9put\u00e9s-revendiquent-un-d\u00e9bat.jpg","keywords":["d\u00e9bat economique","parlement algerie"],"articleSection":["Politique"],"inLanguage":"fr-FR","potentialAction":[{"@type":"CommentAction","name":"Comment","target":["https:\/\/www.info-algerie.com\/actualites\/des-deputes-revendiquent-un-debat\/#respond"]}]},{"@type":"WebPage","@id":"https:\/\/www.info-algerie.com\/actualites\/des-deputes-revendiquent-un-debat\/","url":"https:\/\/www.info-algerie.com\/actualites\/des-deputes-revendiquent-un-debat\/","name":"des d\u00e9put\u00e9s revendiquent un d\u00e9bat sur la situation \u00e9conomique","isPartOf":{"@id":"https:\/\/www.info-algerie.com\/actualites\/#website"},"primaryImageOfPage":{"@id":"https:\/\/www.info-algerie.com\/actualites\/des-deputes-revendiquent-un-debat\/#primaryimage"},"image":{"@id":"https:\/\/www.info-algerie.com\/actualites\/des-deputes-revendiquent-un-debat\/#primaryimage"},"thumbnailUrl":"https:\/\/www.info-algerie.com\/actualites\/wp-content\/uploads\/2015\/09\/des-d\u00e9put\u00e9s-revendiquent-un-d\u00e9bat.jpg","datePublished":"2015-09-23T09:00:00+00:00","dateModified":"2015-09-23T18:01:04+00:00","description":"des d\u00e9put\u00e9s revendiquent un d\u00e9bat sur la situation \u00e9conomique du pays en l'absence de pr\u00e9sentation de la d\u00e9claration de politique g\u00e9n\u00e9rale","breadcrumb":{"@id":"https:\/\/www.info-algerie.com\/actualites\/des-deputes-revendiquent-un-debat\/#breadcrumb"},"inLanguage":"fr-FR","potentialAction":[{"@type":"ReadAction","target":["https:\/\/www.info-algerie.com\/actualites\/des-deputes-revendiquent-un-debat\/"]}]},{"@type":"ImageObject","inLanguage":"fr-FR","@id":"https:\/\/www.info-algerie.com\/actualites\/des-deputes-revendiquent-un-debat\/#primaryimage","url":"https:\/\/www.info-algerie.com\/actualites\/wp-content\/uploads\/2015\/09\/des-d\u00e9put\u00e9s-revendiquent-un-d\u00e9bat.jpg","contentUrl":"https:\/\/www.info-algerie.com\/actualites\/wp-content\/uploads\/2015\/09\/des-d\u00e9put\u00e9s-revendiquent-un-d\u00e9bat.jpg","width":470,"height":347,"caption":"des d\u00e9put\u00e9s revendiquent un d\u00e9bat"},{"@type":"BreadcrumbList","@id":"https:\/\/www.info-algerie.com\/actualites\/des-deputes-revendiquent-un-debat\/#breadcrumb","itemListElement":[{"@type":"ListItem","position":1,"name":"Accueil","item":"https:\/\/www.info-algerie.com\/actualites\/"},{"@type":"ListItem","position":2,"name":"des d\u00e9put\u00e9s revendiquent un d\u00e9bat sur la situation \u00e9conomique"}]},{"@type":"WebSite","@id":"https:\/\/www.info-algerie.com\/actualites\/#website","url":"https:\/\/www.info-algerie.com\/actualites\/","name":"info algerie","description":"Toutes les actualit\u00e9s","publisher":{"@id":"https:\/\/www.info-algerie.com\/actualites\/#organization"},"potentialAction":[{"@type":"SearchAction","target":{"@type":"EntryPoint","urlTemplate":"https:\/\/www.info-algerie.com\/actualites\/?s={search_term_string}"},"query-input":{"@type":"PropertyValueSpecification","valueRequired":true,"valueName":"search_term_string"}}],"inLanguage":"fr-FR"},{"@type":"Organization","@id":"https:\/\/www.info-algerie.com\/actualites\/#organization","name":"info algerie","url":"https:\/\/www.info-algerie.com\/actualites\/","logo":{"@type":"ImageObject","inLanguage":"fr-FR","@id":"https:\/\/www.info-algerie.com\/actualites\/#\/schema\/logo\/image\/","url":"https:\/\/www.info-algerie.com\/actualites\/wp-content\/uploads\/2022\/07\/logo-ia-120.png","contentUrl":"https:\/\/www.info-algerie.com\/actualites\/wp-content\/uploads\/2022\/07\/logo-ia-120.png","width":120,"height":43,"caption":"info algerie"},"image":{"@id":"https:\/\/www.info-algerie.com\/actualites\/#\/schema\/logo\/image\/"},"sameAs":["https:\/\/www.facebook.com\/infoalgerieactu","https:\/\/x.com\/infoalgerie1"]},{"@type":"Person","@id":"https:\/\/www.info-algerie.com\/actualites\/#\/schema\/person\/847aaec44920825b843a08f30ec6aa1e","name":"La r\u00e9daction","image":{"@type":"ImageObject","inLanguage":"fr-FR","@id":"https:\/\/secure.gravatar.com\/avatar\/769db425c6f465158149f1ffd6cf61ce7a8a879d11dfbef8288af36dfddd418c?s=96&d=mm&r=g","url":"https:\/\/secure.gravatar.com\/avatar\/769db425c6f465158149f1ffd6cf61ce7a8a879d11dfbef8288af36dfddd418c?s=96&d=mm&r=g","contentUrl":"https:\/\/secure.gravatar.com\/avatar\/769db425c6f465158149f1ffd6cf61ce7a8a879d11dfbef8288af36dfddd418c?s=96&d=mm&r=g","caption":"La r\u00e9daction"},"sameAs":["http:\/\/www.lkeria.com\/"],"url":"https:\/\/www.info-algerie.com\/actualites\/author\/chakib32\/"}]}},"_links":{"self":[{"href":"https:\/\/www.info-algerie.com\/actualites\/wp-json\/wp\/v2\/posts\/992","targetHints":{"allow":["GET"]}}],"collection":[{"href":"https:\/\/www.info-algerie.com\/actualites\/wp-json\/wp\/v2\/posts"}],"about":[{"href":"https:\/\/www.info-algerie.com\/actualites\/wp-json\/wp\/v2\/types\/post"}],"author":[{"embeddable":true,"href":"https:\/\/www.info-algerie.com\/actualites\/wp-json\/wp\/v2\/users\/6"}],"replies":[{"embeddable":true,"href":"https:\/\/www.info-algerie.com\/actualites\/wp-json\/wp\/v2\/comments?post=992"}],"version-history":[{"count":2,"href":"https:\/\/www.info-algerie.com\/actualites\/wp-json\/wp\/v2\/posts\/992\/revisions"}],"predecessor-version":[{"id":1010,"href":"https:\/\/www.info-algerie.com\/actualites\/wp-json\/wp\/v2\/posts\/992\/revisions\/1010"}],"wp:featuredmedia":[{"embeddable":true,"href":"https:\/\/www.info-algerie.com\/actualites\/wp-json\/wp\/v2\/media\/1009"}],"wp:attachment":[{"href":"https:\/\/www.info-algerie.com\/actualites\/wp-json\/wp\/v2\/media?parent=992"}],"wp:term":[{"taxonomy":"category","embeddable":true,"href":"https:\/\/www.info-algerie.com\/actualites\/wp-json\/wp\/v2\/categories?post=992"},{"taxonomy":"post_tag","embeddable":true,"href":"https:\/\/www.info-algerie.com\/actualites\/wp-json\/wp\/v2\/tags?post=992"}],"curies":[{"name":"wp","href":"https:\/\/api.w.org\/{rel}","templated":true}]}}